{"id":521121,"date":"2025-11-08T18:42:13","date_gmt":"2025-11-08T18:42:13","guid":{"rendered":"https:\/\/www.europesays.com\/fr\/521121\/"},"modified":"2025-11-08T18:42:13","modified_gmt":"2025-11-08T18:42:13","slug":"une-artiste-peintre-marseillaise-collabore-avec-benjamin-biolay","status":"publish","type":"post","link":"https:\/\/www.europesays.com\/fr\/521121\/","title":{"rendered":"Une artiste peintre marseillaise collabore avec Benjamin Biolay"},"content":{"rendered":"<p>Laurie Restagno a grandi dans le quartier<a href=\"https:\/\/laprovence.com\/article\/food\/29288235768078\/video-marseille-le-chef-alexandre-mazzia-sensibilise-des-jeunes-a-la-nutrition-au-college-longchamp\" target=\"_blank\" rel=\"noopener\"> Longchamp, <\/a>a fr\u00e9quent\u00e9 le coll\u00e8ge du m\u00eame nom, et vit encore l\u00e0 aujourd\u2019hui. Dans son appartement lumineux, au dernier \u00e9tage d\u2019un immeuble typiquement marseillais, qu\u2019elle utilise aussi comme atelier, on d\u00e9couvre les derni\u00e8res toiles de sa s\u00e9rie en cours, Secrets d\u2019Azur. Des grands formats o\u00f9 le bleu &#8211; azur et outremer &#8211; est roi. Des toiles \u00e9pur\u00e9es, o\u00f9 amphores, volutes, arabesques, formes v\u00e9g\u00e9tales et coquillages se croisent dans un univers graphique et d\u00e9licieusement po\u00e9tique.<\/p>\n<p>On comprend ais\u00e9ment que cette inspiration m\u00e9diterran\u00e9enne autour de la couleur bleue ait pu matcher avec Le Disque Bleu, le nouvel album de <a href=\"https:\/\/laprovence.com\/article\/culture-loisirs\/31394221489632\/nimes-benjamin-biolay-roi-de-la-punchline\" target=\"_blank\" rel=\"noopener\">Benjamin Biolay,<\/a> sorti le 16\u00a0octobre dernier. \u00ab\u00a0C\u2019est par l\u2019interm\u00e9diaire d\u2019un ami commun que j\u2019ai pu pr\u00e9senter mon travail \u00e0 Benjamin Biolay et ses \u00e9quipes\u00a0\u00bb, explique la jeune femme autodidacte de 36\u00a0ans qui, apr\u00e8s douze ans dans le web marketing, se lance d\u00e9sormais \u00e0 temps plein dans son aventure artistique.<\/p>\n<p>\u00ab\u00a0Un lien entre peinture, musique et la couleur bleue\u00a0\u00bb<\/p>\n<p>Son travail \u00e9tait d\u00e9j\u00e0 visible des Marseillais sur la devanture de l\u2019atelier-boutique de c\u00e9ramique <a href=\"https:\/\/www.laprovence.com\/article\/region\/1173366679016114\/fabrique-a-marseille-107-entreprises-bientot-labellisees-pour-leur-savoir-faire-local\" target=\"_blank\" rel=\"noopener\">Ceracotta<\/a> (4e), sur des murs d\u2019entreprises et de cabinets m\u00e9dicaux qu\u2019e&#8230;<\/p>\n","protected":false},"excerpt":{"rendered":"Laurie Restagno a grandi dans le quartier Longchamp, a fr\u00e9quent\u00e9 le coll\u00e8ge du m\u00eame nom, et vit encore&hellip;\n","protected":false},"author":2,"featured_media":521122,"comment_status":"","ping_status":"","sticky":false,"template":"","format":"standard","meta":{"footnotes":""},"categories":[1358],"tags":[17,2593,1348,1384,1385,3396,17232,64197,251,1386,58,59,1011,27,11989,17258,96],"class_list":{"0":"post-521121","1":"post","2":"type-post","3":"status-publish","4":"format-standard","5":"has-post-thumbnail","7":"category-arts-et-design","8":"tag-17","9":"tag-artiste","10":"tag-arts","11":"tag-arts-and-design","12":"tag-arts-et-design","13":"tag-avec","14":"tag-benjamin","15":"tag-collabore","16":"tag-culture","17":"tag-design","18":"tag-divertissement","19":"tag-entertainment","20":"tag-fr","21":"tag-france","22":"tag-marseillaise","23":"tag-peintre","24":"tag-une"},"share_on_mastodon":{"url":"https:\/\/pubeurope.com\/@fr\/115515552169336491","error":""},"_links":{"self":[{"href":"https:\/\/www.europesays.com\/fr\/wp-json\/wp\/v2\/posts\/521121","targetHints":{"allow":["GET"]}}],"collection":[{"href":"https:\/\/www.europesays.com\/fr\/wp-json\/wp\/v2\/posts"}],"about":[{"href":"https:\/\/www.europesays.com\/fr\/wp-json\/wp\/v2\/types\/post"}],"author":[{"embeddable":true,"href":"https:\/\/www.europesays.com\/fr\/wp-json\/wp\/v2\/users\/2"}],"replies":[{"embeddable":true,"href":"https:\/\/www.europesays.com\/fr\/wp-json\/wp\/v2\/comments?post=521121"}],"version-history":[{"count":0,"href":"https:\/\/www.europesays.com\/fr\/wp-json\/wp\/v2\/posts\/521121\/revisions"}],"wp:featuredmedia":[{"embeddable":true,"href":"https:\/\/www.europesays.com\/fr\/wp-json\/wp\/v2\/media\/521122"}],"wp:attachment":[{"href":"https:\/\/www.europesays.com\/fr\/wp-json\/wp\/v2\/media?parent=521121"}],"wp:term":[{"taxonomy":"category","embeddable":true,"href":"https:\/\/www.europesays.com\/fr\/wp-json\/wp\/v2\/categories?post=521121"},{"taxonomy":"post_tag","embeddable":true,"href":"https:\/\/www.europesays.com\/fr\/wp-json\/wp\/v2\/tags?post=521121"}],"curies":[{"name":"wp","href":"https:\/\/api.w.org\/{rel}","templated":true}]}}