{"id":521123,"date":"2025-11-08T18:44:12","date_gmt":"2025-11-08T18:44:12","guid":{"rendered":"https:\/\/www.europesays.com\/fr\/521123\/"},"modified":"2025-11-08T18:44:12","modified_gmt":"2025-11-08T18:44:12","slug":"je-navais-aucune-certitude-enseignant-contractuel-non-renouvele-monsieur-prof-a-choisi-la-star-academy","status":"publish","type":"post","link":"https:\/\/www.europesays.com\/fr\/521123\/","title":{"rendered":"\u00ab\u00a0Je n\u2019avais aucune certitude\u00a0\u00bb\u00a0: enseignant contractuel non renouvel\u00e9, Monsieur Prof a choisi la \u00ab Star Academy \u00bb"},"content":{"rendered":"<p class=\"paragraph text_align_left lp-f-body-02\">Monsieur Prof \u2014 c\u2019est le nom qu\u2019il s\u2019est donn\u00e9 sur les r\u00e9seaux sociaux \u2014 a exerc\u00e9 pendant huit ans comme enseignant contractuel, entre 2017 et 2025. <a href=\"https:\/\/www.leparisien.fr\/haute-garonne-31\/sur-tiktok-monsieur-prof-vous-fait-apprendre-langlais-avec-laccent-toulousain-27-11-2023-JKLZLR65J5C6VMWU7UD2EAQBZY.php\" target=\"_self\" rel=\"nofollow noopener\">Professeur d\u2019anglais <\/a>tr\u00e8s actif sur TikTok et Instagram, o\u00f9 il compte plus de 900 000 abonn\u00e9s, le Franco-Britannique s\u2019est fait conna\u00eetre avec des vid\u00e9os humoristiques, dans lesquelles il donne des conseils \u00e0 ses \u00e9l\u00e8ves, sur la prononciation notamment.<\/p>\n<p class=\"paragraph text_align_left lp-f-body-02\">Cet enseignant m\u00e9diatique avait toujours obtenu un poste, m\u00eame s\u2019il avait souvent d\u00fb changer d\u2019\u00e9tablissement, parfois en cours d\u2019ann\u00e9e. \u00ab Je n\u2019ai pas fait le d\u00e9compte, mais j\u2019ai eu plus d\u2019une dizaine d\u2019affectations en coll\u00e8ge ou au lyc\u00e9e \u00bb, explique le trentenaire, titulaire d\u2019un bac + 4.<\/p>\n<p class=\"paragraph text_align_left lp-f-body-02\">Las, \u00e0 la fin du mois d\u2019ao\u00fbt, Monsieur Prof a re\u00e7u une lettre du rectorat de Toulouse lui indiquant que son contrat n\u2019\u00e9tait pas renouvel\u00e9. \u00ab \u00c7a ne m\u2019\u00e9tait encore jamais arriv\u00e9. Il m\u2019a dit que \u00e7a pourrait se d\u00e9canter apr\u00e8s les vacances de la Toussaint, mais je n\u2019avais aucune certitude. \u00bb <\/p>\n<p class=\"paragraph text_align_left lp-f-body-02\">D\u2019o\u00f9 une grande \u00ab frustration \u00bb, Monsieur Prof affirmant que, \u00ab depuis trois, quatre ans, \u00e0 Toulouse, \u00e7a se passait bien dans tous les \u00e9tablissements o\u00f9 (il a) travaill\u00e9 \u00bb. M\u00eame \u00ab mieux qu\u2019en r\u00e9gion parisienne, o\u00f9 c\u2019\u00e9tait parfois \u00e9pouvantable avec certains chefs et coll\u00e8gues tr\u00e8s ferm\u00e9s, qui ne comprenaient pas (sa) pr\u00e9sence sur les r\u00e9seaux sociaux \u00bb.<\/p>\n<p>Choisir librement sa r\u00e9gion d\u2019affectation<\/p>\n<p class=\"paragraph text_align_left lp-f-body-02\">Cet emploi de contractuel, il l\u2019avait choisi, notamment pour pouvoir d\u00e9cider librement de sa r\u00e9gion d\u2019affectation, contrairement aux enseignants qui passent par la voie du concours et sont alors rattach\u00e9s \u00e0 une acad\u00e9mie. <\/p>\n<p class=\"paragraph text_align_left lp-f-body-02\">La pr\u00e9carit\u00e9 de son statut s\u2019est pourtant vite rappel\u00e9e \u00e0 lui. \u00ab Nous ne sommes pas toujours pris au s\u00e9rieux, pointe-t-il. Pour certains coll\u00e8gues, \u00eatre contractuel, cela signifie \u00eatre incomp\u00e9tent. On est tout le temps pr\u00e9venus au dernier moment par l\u2019administration et on travaille parfois loin de notre domicile. J\u2019ai eu jusqu\u2019\u00e0 trois heures de route aller-retour \u00e0 faire, et on a notre mot \u00e0 dire sur rien. Enfin, je ne parle pas du salaire, moindre que celui des titulaires. \u00bb<\/p>\n<p class=\"paragraph text_align_left lp-f-body-02\">Est-ce la raison pour laquelle, quand les producteurs de \u00ab Star Academy \u00bb l\u2019ont approch\u00e9 pour int\u00e9grer l\u2019\u00e9quipe de la treizi\u00e8me saison du programme, il n\u2019a pas bott\u00e9 en touche ? Joint quelques jours avant l\u2019officialisation de son entr\u00e9e <a href=\"https:\/\/www.leparisien.fr\/culture-loisirs\/tv\/ne-vous-fiez-pas-au-nombre-de-lits-dans-les-coulisses-de-la-star-academy-et-de-son-chateau-14-10-2025-SWBDTKBS7RGABMSLSASYGSPM2M.php\" target=\"_blank\" rel=\"noreferrer nofollow noopener\">au ch\u00e2teau de Dammarie-les-Lys (Seine-et-Marne)<\/a>, il nous confiait s\u2019interroger plut\u00f4t sur l\u2019opportunit\u00e9 de passer, le plus t\u00f4t possible, son Capes d\u2019anglais (certificat d\u2019aptitude au professorat de l\u2019enseignement du second degr\u00e9), afin de devenir enseignant titulaire, enfin.<\/p>\n","protected":false},"excerpt":{"rendered":"Monsieur Prof \u2014 c\u2019est le nom qu\u2019il s\u2019est donn\u00e9 sur les r\u00e9seaux sociaux \u2014 a exerc\u00e9 pendant huit&hellip;\n","protected":false},"author":2,"featured_media":521124,"comment_status":"","ping_status":"","sticky":false,"template":"","format":"standard","meta":{"footnotes":""},"categories":[1356],"tags":[872,58,59,1011,27,104,252,2205,1364],"class_list":{"0":"post-521123","1":"post","2":"type-post","3":"status-publish","4":"format-standard","5":"has-post-thumbnail","7":"category-television","8":"tag-culture-et-loisirs","9":"tag-divertissement","10":"tag-entertainment","11":"tag-fr","12":"tag-france","13":"tag-societe","14":"tag-television","15":"tag-television-medias","16":"tag-tv"},"share_on_mastodon":{"url":"https:\/\/pubeurope.com\/@fr\/115515560136771195","error":""},"_links":{"self":[{"href":"https:\/\/www.europesays.com\/fr\/wp-json\/wp\/v2\/posts\/521123","targetHints":{"allow":["GET"]}}],"collection":[{"href":"https:\/\/www.europesays.com\/fr\/wp-json\/wp\/v2\/posts"}],"about":[{"href":"https:\/\/www.europesays.com\/fr\/wp-json\/wp\/v2\/types\/post"}],"author":[{"embeddable":true,"href":"https:\/\/www.europesays.com\/fr\/wp-json\/wp\/v2\/users\/2"}],"replies":[{"embeddable":true,"href":"https:\/\/www.europesays.com\/fr\/wp-json\/wp\/v2\/comments?post=521123"}],"version-history":[{"count":0,"href":"https:\/\/www.europesays.com\/fr\/wp-json\/wp\/v2\/posts\/521123\/revisions"}],"wp:featuredmedia":[{"embeddable":true,"href":"https:\/\/www.europesays.com\/fr\/wp-json\/wp\/v2\/media\/521124"}],"wp:attachment":[{"href":"https:\/\/www.europesays.com\/fr\/wp-json\/wp\/v2\/media?parent=521123"}],"wp:term":[{"taxonomy":"category","embeddable":true,"href":"https:\/\/www.europesays.com\/fr\/wp-json\/wp\/v2\/categories?post=521123"},{"taxonomy":"post_tag","embeddable":true,"href":"https:\/\/www.europesays.com\/fr\/wp-json\/wp\/v2\/tags?post=521123"}],"curies":[{"name":"wp","href":"https:\/\/api.w.org\/{rel}","templated":true}]}}