{"id":521129,"date":"2025-11-08T18:47:14","date_gmt":"2025-11-08T18:47:14","guid":{"rendered":"https:\/\/www.europesays.com\/fr\/521129\/"},"modified":"2025-11-08T18:47:14","modified_gmt":"2025-11-08T18:47:14","slug":"un-antibiotique-contre-lacne-associe-a-un-risque-reduit-de-schizophrenie","status":"publish","type":"post","link":"https:\/\/www.europesays.com\/fr\/521129\/","title":{"rendered":"un antibiotique contre l\u2019acn\u00e9 associ\u00e9 \u00e0 un risque r\u00e9duit de schizophr\u00e9nie"},"content":{"rendered":"<p>    Les chercheurs britanniques ont mis en \u00e9vidence une fr\u00e9quence r\u00e9duite de la schizophr\u00e9nie chez des adolescents ayant re\u00e7u de la doxycycline.<br \/>\n                terovesalainen &#8211; stock.adobe.com<\/p>\n<p>\n    <strong>D\u00c9CRYPTAGE &#8211; <\/strong>La doxycycline ne pourra pas constituer un moyen de pr\u00e9vention efficace, mais cet effet protecteur constitue en revanche une voie de recherche \u00abint\u00e9ressante\u00bb, estiment les sp\u00e9cialistes.<\/p>\n<p class=\"fig-paragraph\">Un antibiotique couramment prescrit pourrait-il pr\u00e9venir le d\u00e9clenchement de la\u00a0<a href=\"https:\/\/sante.lefigaro.fr\/sante\/maladie\/schizophrenie\/quest-ce-que-dissociation\" target=\"_blank\" data-fig-type=\"Keyword\" rel=\"sponsored noopener\" data-gtm-custom-categorie=\"navigation\" data-gtm-custom-action=\"crossclick\" data-gtm-custom-label=\"Contextuel\" data-gtm-event=\"customEventSPE\" data-fig-domain=\"SANTE\">schizophr\u00e9nie<\/a>\u00a0chez des jeunes gens \u00e0 risque\u00a0? L\u2019hypoth\u00e8se est avanc\u00e9e par des chercheurs britanniques qui ont mis en \u00e9vidence une fr\u00e9quence r\u00e9duite de cette pathologie chez des adolescents ayant re\u00e7u de la doxycycline, antibiotique \u00e9galement utilis\u00e9 comme traitement contre l\u2019acn\u00e9. L\u2019\u00e9tude publi\u00e9e dans la revue de r\u00e9f\u00e9rence American Journal of Psychiatry est, selon ses auteurs, \u00ab un signal important\u00a0\u00bb incitant \u00e0 approfondir la recherche sur l\u2019effet protecteur de la doxycycline et d\u2019autres traitements anti-inflammatoires. \u00ab Cette recherche ne doit pas conduire \u00e0 une prescription g\u00e9n\u00e9ralis\u00e9e d\u2019antibiotiques, car ils ont des effets n\u00e9fastes sur le microbiote intestinal et pourraient entra\u00eener des ph\u00e9nom\u00e8nes de r\u00e9sistance, pr\u00e9vient tout de suite le Pr Marie-Odile Krebs, psychiatre \u00e0 l\u2019h\u00f4pital Sainte-Anne, \u00e0 Paris. Mais elle ouvre une piste int\u00e9ressante sur le r\u00f4le de l\u2019inflammation comme \u00e9l\u00e9ment d\u00e9clencheur\u2026<\/p>\n<p class=\"fig-premium-paywall__infos\">\n        Cet article est r\u00e9serv\u00e9 aux abonn\u00e9s.        Il vous reste 78% \u00e0 d\u00e9couvrir.\n    <\/p>\n<p>                <img  data- alt=\"Le Figaro\" class=\"fig-img--complete fig-img\"\/><\/p>\n<p class=\"fig-premium-paywall__title\">Vous avez envie de lire la suite ?<\/p>\n<p class=\"fig-premium-paywall__subtitle\">D\u00e9bloquez tous les articles imm\u00e9diatement.<\/p>\n<p class=\"fig-premium-paywall__connect\">\n                D\u00e9j\u00e0 abonn\u00e9\u00a0?                <a class=\"fig-premium-paywall__connect-link\" href=\"https:\/\/connect.lefigaro.fr\/login?client=sante_web&amp;type=main&amp;redirect_uri=https%3A%2F%2Fsante.lefigaro.fr%2Fmedecine%2Fc-est-une-piste-prometteuse-un-antibiotique-contre-l-acne-associe-a-un-risque-reduit-de-schizophrenie-20251108\" data-js-gtm=\"{&quot;customCategorie&quot;: &quot;conversion&quot;, &quot;customAction&quot;: &quot;before_Landing_Connexion_paywall_auto&quot;, &quot;customLabel&quot;: &quot;c2FudGUubGVmaWdhcm8uZnJfXzFmMGJhZWNhLTIwY2UtNjNlMi04MWIwLWUzODJhMDM3YTBjOV9fQXJ0aWNsZQ==_\u00abC\u2019est une piste prometteuse\u00bb\u00a0: un antibiotique contre l\u2019acn\u00e9 associ\u00e9 \u00e0 un risque r\u00e9duit de schizophr\u00e9nie_1000&quot;, &quot;customIDSPE&quot;: &quot;c2FudGUubGVmaWdhcm8uZnJfXzFmMGJhZWNhLTIwY2UtNjNlMi04MWIwLWUzODJhMDM3YTBjOV9fQXJ0aWNsZQ==&quot;, &quot;event&quot;: &quot;customEventSPE&quot;}\" target=\"_blank\" rel=\"noopener\"><br \/>\n                    Connectez-vous<br \/>\n                <\/a>\n            <\/p>\n","protected":false},"excerpt":{"rendered":"Les chercheurs britanniques ont mis en \u00e9vidence une fr\u00e9quence r\u00e9duite de la schizophr\u00e9nie chez des adolescents ayant re\u00e7u&hellip;\n","protected":false},"author":2,"featured_media":521130,"comment_status":"","ping_status":"","sticky":false,"template":"","format":"standard","meta":{"footnotes":""},"categories":[10],"tags":[1011,27,72,49621,64199,71,29231],"class_list":{"0":"post-521129","1":"post","2":"type-post","3":"status-publish","4":"format-standard","5":"has-post-thumbnail","7":"category-sante","8":"tag-fr","9":"tag-france","10":"tag-health","11":"tag-inflammation","12":"tag-prevention-du-stress","13":"tag-sante","14":"tag-schizophrenie"},"share_on_mastodon":{"url":"https:\/\/pubeurope.com\/@fr\/115515571813421853","error":""},"_links":{"self":[{"href":"https:\/\/www.europesays.com\/fr\/wp-json\/wp\/v2\/posts\/521129","targetHints":{"allow":["GET"]}}],"collection":[{"href":"https:\/\/www.europesays.com\/fr\/wp-json\/wp\/v2\/posts"}],"about":[{"href":"https:\/\/www.europesays.com\/fr\/wp-json\/wp\/v2\/types\/post"}],"author":[{"embeddable":true,"href":"https:\/\/www.europesays.com\/fr\/wp-json\/wp\/v2\/users\/2"}],"replies":[{"embeddable":true,"href":"https:\/\/www.europesays.com\/fr\/wp-json\/wp\/v2\/comments?post=521129"}],"version-history":[{"count":0,"href":"https:\/\/www.europesays.com\/fr\/wp-json\/wp\/v2\/posts\/521129\/revisions"}],"wp:featuredmedia":[{"embeddable":true,"href":"https:\/\/www.europesays.com\/fr\/wp-json\/wp\/v2\/media\/521130"}],"wp:attachment":[{"href":"https:\/\/www.europesays.com\/fr\/wp-json\/wp\/v2\/media?parent=521129"}],"wp:term":[{"taxonomy":"category","embeddable":true,"href":"https:\/\/www.europesays.com\/fr\/wp-json\/wp\/v2\/categories?post=521129"},{"taxonomy":"post_tag","embeddable":true,"href":"https:\/\/www.europesays.com\/fr\/wp-json\/wp\/v2\/tags?post=521129"}],"curies":[{"name":"wp","href":"https:\/\/api.w.org\/{rel}","templated":true}]}}