{"id":521139,"date":"2025-11-08T18:53:12","date_gmt":"2025-11-08T18:53:12","guid":{"rendered":"https:\/\/www.europesays.com\/fr\/521139\/"},"modified":"2025-11-08T18:53:12","modified_gmt":"2025-11-08T18:53:12","slug":"une-vague-de-froid-polaire-deferle-sur-les-etats-unis-liberation","status":"publish","type":"post","link":"https:\/\/www.europesays.com\/fr\/521139\/","title":{"rendered":"une vague de froid polaire d\u00e9ferle sur les Etats-Unis \u2013 Lib\u00e9ration"},"content":{"rendered":"<p class=\"sc-cPiKLX AiZTS text-element\">Aux Etats-Unis, les temp\u00e9ratures atteindront dans les prochains jours de tels extr\u00eames que les iguanes, reptiles \u00e0 sang froid qui se cachent dans les arbres, seront transis sur place. Gel\u00e9s sans d\u00e9lai, car leurs corps ne poss\u00e8dent plus assez de chaleur pour continuer de bouger. Un article du <a href=\"https:\/\/www.washingtonpost.com\/weather\/2025\/11\/07\/freezing-air-plains-midwest-east-forecast\/\" target=\"_blank\" rel=\"noreferrer noopener\" title=\"https:\/\/www.washingtonpost.com\/weather\/2025\/11\/07\/freezing-air-plains-midwest-east-forecast\/\">Washington Post<\/a>, publi\u00e9 vendredi 7 novembre, met ainsi en garde : il va pleuvoir des iguanes congel\u00e9s sur la Floride \u00e0 partir de ce week-end. Prudence au moins jusqu\u2019\u00e0 mercredi : ces reptiles peuvent mesurer jusqu\u2019\u00e0 1,5 m\u00e8tre et peser jusqu\u2019\u00e0 5 kilos.<\/p>\n<p class=\"sc-cPiKLX AiZTS text-element\">La raison derri\u00e8re cette premi\u00e8re vague de froid arctique de la saison qui s\u2019appr\u00eate \u00e0 d\u00e9ferler outre-Atlantique, touchant plus de 155 millions d\u2019Am\u00e9ricains : un vortex polaire venu du Canada, qui se dirige tout droit en direction d\u2019une large moiti\u00e9 des Etats-Unis. Cette d\u00e9pression va entra\u00eener un froid remarquable pour la saison, avec des temp\u00e9ratures glaciales, des premi\u00e8res chutes de neige, des bourrasques et des averses. Les Etats du Michigan, de l\u2019Ohio, de la Pennsylvanie et l\u2019Etat de New York seront parmi les plus touch\u00e9s. La c\u00f4te du Mexique, plus au sud, n\u2019\u00e9chappera pas non plus \u00e0 cette vague glaciale.<\/p>\n<p class=\"sc-cPiKLX AiZTS text-element\">Comme le note le quotidien am\u00e9ricain, des nouveaux records de temp\u00e9rature pourraient \u00eatre atteints dans treize Etats, de la Pennsylvanie \u00e0 la Floride. Le froid va d\u2019abord toucher le centre du pays et les plaines du Nord : il fera par exemple -2 \u00b0C le matin \u00e0 Chicago dimanche. A New York, le mercure chutera \u00e0 2 \u00b0C entre lundi et mardi. A Nashville, dans l\u2019Oklahoma, les habitants devront subir des temp\u00e9ratures n\u00e9gatives \u2013 jusqu\u2019\u00e0 -5 \u00b0C \u2013 tandis qu\u2019\u00e0 Jacksonville, ville de Floride peu habitu\u00e9e \u00e0 une telle m\u00e9t\u00e9o, les temp\u00e9ratures ne d\u00e9passeront pas les 4 \u00b0C. Le ressenti sera d\u2019autant plus glacial, avec l\u2019arriv\u00e9e d\u2019un vent puissant entre lundi et mardi.<\/p>\n<p class=\"sc-cPiKLX AiZTS text-element\">A Huntsville, en Alabama, la temp\u00e9rature maximale pr\u00e9vue lundi apr\u00e8s-midi est de 5 \u00b0C, soit en dessous du pr\u00e9c\u00e9dent record \u00e9tabli en 1950. L\u2019\u00e9pisode de froid polaire sera encore plus historique \u00e0 Tallahassee, dans le Mississippi : la ville devrait enregistrer une temp\u00e9rature maximale de 12 \u00b0C lundi, du jamais-vu depuis le d\u00e9but des relev\u00e9s m\u00e9t\u00e9orologiques, en 1800.<\/p>\n<p class=\"sc-cPiKLX AiZTS text-element\">En parall\u00e8le de ces temp\u00e9ratures glaciales, un \u00e9pais manteau neigeux pourrait recouvrir les villes de Chicago, Indianapolis ou Louisville dans la nuit de dimanche \u00e0 lundi.<\/p>\n<p class=\"sc-cPiKLX AiZTS text-element\">A noter que ces affaissements du vortex polaire sur l\u2019Am\u00e9rique du Nord ne sont pas in\u00e9dits : ils se produisent en moyenne trois \u00e0 cinq fois par an, et en particulier lors d\u2019une ann\u00e9e domin\u00e9e par le ph\u00e9nom\u00e8ne climatique dit <a href=\"https:\/\/www.liberation.fr\/environnement\/climat\/la-nina-prepare-son-retour-selon-lorganisation-meteorologique-mondiale-20250902_DK4QP2BR3RCLNGD6G6WHJ54AQU\/\" target=\"_blank\" rel=\"noreferrer noopener\" title=\"https:\/\/www.liberation.fr\/environnement\/climat\/la-nina-prepare-son-retour-selon-lorganisation-meteorologique-mondiale-20250902_DK4QP2BR3RCLNGD6G6WHJ54AQU\/\">\u00abLa Ni\u00f1a\u00bb<\/a>. En r\u00e8gle g\u00e9n\u00e9rale, La Ni\u00f1a produit des effets climatiques oppos\u00e9s \u00e0 ceux d\u2019El Ni\u00f1o \u2013 qui se traduit le plus souvent par une hausse des temp\u00e9ratures mondiales \u2013, notamment dans les r\u00e9gions tropicales.<\/p>\n<p class=\"sc-cPiKLX AiZTS text-element\">Et pour ceux qui s\u2019inqui\u00e8tent pour les iguanes : rassurez-vous, m\u00eame congel\u00e9s, ils ne sont pas morts pour autant. Sit\u00f4t le redoux arriv\u00e9, soit mi-novembre, ils devraient reprendre leurs esprits et une activit\u00e9 normale.<\/p>\n","protected":false},"excerpt":{"rendered":"Aux Etats-Unis, les temp\u00e9ratures atteindront dans les prochains jours de tels extr\u00eames que les iguanes, reptiles \u00e0 sang&hellip;\n","protected":false},"author":2,"featured_media":521140,"comment_status":"","ping_status":"","sticky":false,"template":"","format":"standard","meta":{"footnotes":""},"categories":[5],"tags":[11,73,1011,27,17410,14,12,28],"class_list":{"0":"post-521139","1":"post","2":"type-post","3":"status-publish","4":"format-standard","5":"has-post-thumbnail","7":"category-international","8":"tag-actualites","9":"tag-etats-unis","10":"tag-fr","11":"tag-france","12":"tag-intemperies-inondations-crues","13":"tag-international","14":"tag-news","15":"tag-world"},"share_on_mastodon":{"url":"","error":""},"_links":{"self":[{"href":"https:\/\/www.europesays.com\/fr\/wp-json\/wp\/v2\/posts\/521139","targetHints":{"allow":["GET"]}}],"collection":[{"href":"https:\/\/www.europesays.com\/fr\/wp-json\/wp\/v2\/posts"}],"about":[{"href":"https:\/\/www.europesays.com\/fr\/wp-json\/wp\/v2\/types\/post"}],"author":[{"embeddable":true,"href":"https:\/\/www.europesays.com\/fr\/wp-json\/wp\/v2\/users\/2"}],"replies":[{"embeddable":true,"href":"https:\/\/www.europesays.com\/fr\/wp-json\/wp\/v2\/comments?post=521139"}],"version-history":[{"count":0,"href":"https:\/\/www.europesays.com\/fr\/wp-json\/wp\/v2\/posts\/521139\/revisions"}],"wp:featuredmedia":[{"embeddable":true,"href":"https:\/\/www.europesays.com\/fr\/wp-json\/wp\/v2\/media\/521140"}],"wp:attachment":[{"href":"https:\/\/www.europesays.com\/fr\/wp-json\/wp\/v2\/media?parent=521139"}],"wp:term":[{"taxonomy":"category","embeddable":true,"href":"https:\/\/www.europesays.com\/fr\/wp-json\/wp\/v2\/categories?post=521139"},{"taxonomy":"post_tag","embeddable":true,"href":"https:\/\/www.europesays.com\/fr\/wp-json\/wp\/v2\/tags?post=521139"}],"curies":[{"name":"wp","href":"https:\/\/api.w.org\/{rel}","templated":true}]}}