{"id":521149,"date":"2025-11-08T18:58:49","date_gmt":"2025-11-08T18:58:49","guid":{"rendered":"https:\/\/www.europesays.com\/fr\/521149\/"},"modified":"2025-11-08T18:58:49","modified_gmt":"2025-11-08T18:58:49","slug":"nancy-il-met-le-feu-devant-un-immeuble-pres-de-la-place-saint-epvre-avant-detre-mis-en-fuite","status":"publish","type":"post","link":"https:\/\/www.europesays.com\/fr\/521149\/","title":{"rendered":"Nancy. Il met le feu devant un immeuble pr\u00e8s de la place Saint-Epvre avant d\u2019\u00eatre mis en fuite"},"content":{"rendered":"<p>Une grosse frayeur mais qui aurait pu avoir des cons\u00e9quences dramatiques\u2026<\/p>\n<p>Ce samedi vers 15\u00a0h, un individu a mis le feu \u00e0 un logement, vraisemblablement squatt\u00e9, situ\u00e9 au rez-de-chauss\u00e9e d\u2019un immeuble sis au 24 rue Pierre-Gringoire, juste \u00e0 c\u00f4t\u00e9 de la <a href=\"https:\/\/www.estrepublicain.fr\/p\/place-saint-epvre\" target=\"_blank\" rel=\"nofollow noopener\">place Saint-Epvre<\/a>. Il a ensuite tent\u00e9 d\u2019allumer un feu au niveau d\u2019un volet du b\u00e2timent.<\/p>\n<p>De retour \u00e0 leur domicile qu\u2019ils avaient quitt\u00e9 quelques minutes plus t\u00f4t, deux r\u00e9sidents ont aper\u00e7u de la fum\u00e9e et des flammes s\u2019\u00e9chappant de ce dernier et ont aussit\u00f4t appel\u00e9 les pompiers.<\/p>\n<p>Ce contenu est bloqu\u00e9 car vous n&rsquo;avez pas accept\u00e9 les cookies et autres traceurs.<\/p>\n<p>En cliquant sur \u00ab J\u2019accepte \u00bb, les cookies et autres traceurs seront d\u00e9pos\u00e9s et vous pourrez visualiser les contenus  (<a href=\"\" class=\"consentModule_policy\" target=\"_blank\" title=\"Consulter la politique de protection des donn\u00e9es du fournisseur\">plus d&rsquo;informations<\/a>).<\/p>\n<p>En cliquant sur \u00ab J\u2019accepte tous les cookies \u00bb, vous autorisez des d\u00e9p\u00f4ts de cookies et autres traceurs pour le stockage de vos donn\u00e9es sur nos sites et applications \u00e0 des fins de personnalisation et de ciblage publicitaire.<\/p>\n<p class=\"consentModule_secondaryText\">Vous gardez la possibilit\u00e9 de retirer votre consentement \u00e0 tout moment en consultant notre <a href=\"https:\/\/www.estrepublicain.fr\/protection-des-donnees\" target=\"_blank\" title=\"Consulter notre politique de protection des donn\u00e9es\" rel=\"nofollow noopener\">politique de protection des donn\u00e9es<\/a>. <br \/>&#13;<br \/>\n            <a href=\"https:\/\/www.estrepublicain.fr\/faits-divers-justice\/2025\/11\/08\/javascript:Didomi.notice.show()\" class=\"consentModule_cmp\" rel=\"nofollow noopener\" target=\"_blank\">G\u00e9rer mes choix<\/a>&#13;\n        <\/p>\n<p>&#13;<br \/>\n                        J&rsquo;accepte&#13;<br \/>\n            J&rsquo;accepte tous les cookies&#13;\n        <\/p>\n<p>Pendant ce temps, un b\u00e9n\u00e9vole de l\u2019atelier du v\u00e9lo, situ\u00e9 juste \u00e0 c\u00f4t\u00e9, tentait de ma\u00eetriser le feu \u00e0 l\u2019aide de seaux d\u2019eau. \u00ab\u00a0J\u2019ai vu une personne prendre une bouteille d\u2019essence et allumer le feu sous mes yeux, expliquait ce b\u00e9n\u00e9vole. Elle a pris la fuite \u00e0 v\u00e9lo quand je me suis dirig\u00e9 vers elle.\u00a0\u00bb<\/p>\n<p>Alors que quatre v\u00e9hicules de la caserne de Nancy Rives de Meurthe se sont d\u00e9plac\u00e9s, l\u2019incendie \u00e9tait d\u00e9j\u00e0 ma\u00eetris\u00e9 \u00e0 l\u2019arriv\u00e9e des pompiers, qui ont proc\u00e9d\u00e9 \u00e0 toutes les v\u00e9rifications d\u2019usage.<\/p>\n<p>L\u2019immeuble n\u2019\u00e9tait heureusement pas occup\u00e9 au moment des faits.<\/p>\n","protected":false},"excerpt":{"rendered":"Une grosse frayeur mais qui aurait pu avoir des cons\u00e9quences dramatiques\u2026 Ce samedi vers 15\u00a0h, un individu a&hellip;\n","protected":false},"author":2,"featured_media":521150,"comment_status":"","ping_status":"","sticky":false,"template":"","format":"standard","meta":{"footnotes":""},"categories":[9635],"tags":[1111,11,1777,674,274,1011,27,775,1310,3457,1702,1703,12,25],"class_list":{"0":"post-521149","1":"post","2":"type-post","3":"status-publish","4":"format-standard","5":"has-post-thumbnail","7":"category-nancy","8":"tag-actu","9":"tag-actualites","10":"tag-eu","11":"tag-europe","12":"tag-faits-divers-justice","13":"tag-fr","14":"tag-france","15":"tag-grand-est","16":"tag-incendie","17":"tag-meurthe-et-moselle","18":"tag-nancy","19":"tag-nancy-ville-54b","20":"tag-news","21":"tag-republique-francaise"},"share_on_mastodon":{"url":"https:\/\/pubeurope.com\/@fr\/115515618939635310","error":""},"_links":{"self":[{"href":"https:\/\/www.europesays.com\/fr\/wp-json\/wp\/v2\/posts\/521149","targetHints":{"allow":["GET"]}}],"collection":[{"href":"https:\/\/www.europesays.com\/fr\/wp-json\/wp\/v2\/posts"}],"about":[{"href":"https:\/\/www.europesays.com\/fr\/wp-json\/wp\/v2\/types\/post"}],"author":[{"embeddable":true,"href":"https:\/\/www.europesays.com\/fr\/wp-json\/wp\/v2\/users\/2"}],"replies":[{"embeddable":true,"href":"https:\/\/www.europesays.com\/fr\/wp-json\/wp\/v2\/comments?post=521149"}],"version-history":[{"count":0,"href":"https:\/\/www.europesays.com\/fr\/wp-json\/wp\/v2\/posts\/521149\/revisions"}],"wp:featuredmedia":[{"embeddable":true,"href":"https:\/\/www.europesays.com\/fr\/wp-json\/wp\/v2\/media\/521150"}],"wp:attachment":[{"href":"https:\/\/www.europesays.com\/fr\/wp-json\/wp\/v2\/media?parent=521149"}],"wp:term":[{"taxonomy":"category","embeddable":true,"href":"https:\/\/www.europesays.com\/fr\/wp-json\/wp\/v2\/categories?post=521149"},{"taxonomy":"post_tag","embeddable":true,"href":"https:\/\/www.europesays.com\/fr\/wp-json\/wp\/v2\/tags?post=521149"}],"curies":[{"name":"wp","href":"https:\/\/api.w.org\/{rel}","templated":true}]}}