{"id":521151,"date":"2025-11-08T19:00:48","date_gmt":"2025-11-08T19:00:48","guid":{"rendered":"https:\/\/www.europesays.com\/fr\/521151\/"},"modified":"2025-11-08T19:00:48","modified_gmt":"2025-11-08T19:00:48","slug":"les-espoirs-battus-malgre-la-revolte","status":"publish","type":"post","link":"https:\/\/www.europesays.com\/fr\/521151\/","title":{"rendered":"les espoirs battus malgr\u00e9 la r\u00e9volte"},"content":{"rendered":"<p>SLUC &#8211; Cholet<\/p>\n<p>76-84<\/p>\n<p>Certes, face au leader choletais toujours invaincu, les espoirs du SLUC ont conc\u00e9d\u00e9, ce samedi, leur sixi\u00e8me d\u00e9faite en sept matches. Mais la vision optimiste des choses impose de retenir la belle r\u00e9action dont ont fait preuve les jeunes Nanc\u00e9iens en deuxi\u00e8me p\u00e9riode et sans laquelle la note aurait pu \u00eatre beaucoup plus sal\u00e9e.<\/p>\n<p>Victime de ses limites sur le plan offensif, le SLUC a \u00e9t\u00e9 men\u00e9 de vingt points en premi\u00e8re p\u00e9riode (13-33, 14e) et jusqu\u2019\u00e0 la pause (30-49). Mais en deuxi\u00e8me mi-temps, il a fait mieux que jouer les yeux dans les yeux avec son adversaire et est revenu \u00e0 sa hauteur pour lui imposer une fin de match serr\u00e9e (55-55, 27e\u00a0; 68-75, 37e). Mais les rebonds offensifs choletais (17) ont contribu\u00e9 \u00e0 faire pencher la balance du c\u00f4t\u00e9 du leader.<\/p>\n<p class=\"note\"><strong>Les marqueurs<br \/><\/strong><strong>SLUC\u00a0:<\/strong> Kalubi 0, Laubouet 9, Chaney 10, Chammartin 21, Issa-Pavy 14, Dayas 0, Nfomoum-Lomby 17, N\u2019Kouka 5. <strong>Cholet\u00a0:<\/strong> Buzer 2, Towo-Nansi 10, Ntsantso 12, Wilamowski 15, Lobry-Pathouot 5, Boulanger 6, Traor\u00e9 6, Duchamp 7, Gbiegba 21.<\/p>\n","protected":false},"excerpt":{"rendered":"SLUC &#8211; Cholet 76-84 Certes, face au leader choletais toujours invaincu, les espoirs du SLUC ont conc\u00e9d\u00e9, ce&hellip;\n","protected":false},"author":2,"featured_media":521152,"comment_status":"","ping_status":"","sticky":false,"template":"","format":"standard","meta":{"footnotes":""},"categories":[9635],"tags":[1111,11,1791,1704,1777,674,1011,27,775,1702,1703,12,25,11567,517,1700],"class_list":{"0":"post-521151","1":"post","2":"type-post","3":"status-publish","4":"format-standard","5":"has-post-thumbnail","7":"category-nancy","8":"tag-actu","9":"tag-actualites","10":"tag-basket-ball","11":"tag-edition-nancy-et-agglomeration","12":"tag-eu","13":"tag-europe","14":"tag-fr","15":"tag-france","16":"tag-grand-est","17":"tag-nancy","18":"tag-nancy-ville-54b","19":"tag-news","20":"tag-republique-francaise","21":"tag-sluc","22":"tag-sport","23":"tag-sport-lorrain"},"share_on_mastodon":{"url":"https:\/\/pubeurope.com\/@fr\/115515626823668193","error":""},"_links":{"self":[{"href":"https:\/\/www.europesays.com\/fr\/wp-json\/wp\/v2\/posts\/521151","targetHints":{"allow":["GET"]}}],"collection":[{"href":"https:\/\/www.europesays.com\/fr\/wp-json\/wp\/v2\/posts"}],"about":[{"href":"https:\/\/www.europesays.com\/fr\/wp-json\/wp\/v2\/types\/post"}],"author":[{"embeddable":true,"href":"https:\/\/www.europesays.com\/fr\/wp-json\/wp\/v2\/users\/2"}],"replies":[{"embeddable":true,"href":"https:\/\/www.europesays.com\/fr\/wp-json\/wp\/v2\/comments?post=521151"}],"version-history":[{"count":0,"href":"https:\/\/www.europesays.com\/fr\/wp-json\/wp\/v2\/posts\/521151\/revisions"}],"wp:featuredmedia":[{"embeddable":true,"href":"https:\/\/www.europesays.com\/fr\/wp-json\/wp\/v2\/media\/521152"}],"wp:attachment":[{"href":"https:\/\/www.europesays.com\/fr\/wp-json\/wp\/v2\/media?parent=521151"}],"wp:term":[{"taxonomy":"category","embeddable":true,"href":"https:\/\/www.europesays.com\/fr\/wp-json\/wp\/v2\/categories?post=521151"},{"taxonomy":"post_tag","embeddable":true,"href":"https:\/\/www.europesays.com\/fr\/wp-json\/wp\/v2\/tags?post=521151"}],"curies":[{"name":"wp","href":"https:\/\/api.w.org\/{rel}","templated":true}]}}