{"id":521153,"date":"2025-11-08T19:02:14","date_gmt":"2025-11-08T19:02:14","guid":{"rendered":"https:\/\/www.europesays.com\/fr\/521153\/"},"modified":"2025-11-08T19:02:14","modified_gmt":"2025-11-08T19:02:14","slug":"au-beausset-le-maire-sortant-edouard-friedler-legitime-pour-un-second-mandat","status":"publish","type":"post","link":"https:\/\/www.europesays.com\/fr\/521153\/","title":{"rendered":"Au Beausset, le maire sortant \u00c9douard Friedler \u00ab l\u00e9gitime \u00bb pour un second mandat"},"content":{"rendered":"<p class=\"fs-5 \">Il repart en campagne. C\u2019est \u00ab avec \u00e9motion et gravit\u00e9 \u00bb, devant l\u2019embl\u00e9matique Espace Mistral, \u00ab que nous avons sauv\u00e9 de la destruction gr\u00e2ce \u00e0 un m\u00e9lange de chance et d\u2019audace \u00bb, a-t-il d\u00e9clar\u00e9, que le maire du Beausset, \u00c9douard Friedler, entour\u00e9 d\u2019une partie de sa future \u00e9quipe, a annonc\u00e9 officiellement sa candidature aux \u00e9lections municipales des 15 et 22 mars 2026.<\/p>\n<p class=\"fs-5 \">\u00ab J\u2019ai compris au cours de ce mandat qu\u2019aucune politique structurant l\u2019avenir ne peut se d\u00e9ployer en seulement six ans \u00bb, a justifi\u00e9 le leader de la liste sans \u00e9tiquette Le Beausset rassembl\u00e9 2026, qui en 2020 avait pourtant assur\u00e9 n\u2019exercer qu\u2019un mandat de maire. \u00ab J\u2019ai compris que Le Beausset n\u2019a que trop souffert de l\u2019alternance des municipalit\u00e9s depuis 2002 et, par suite, d\u2019absence de projet de territoire coh\u00e9rent. \u00bb<\/p>\n<p>                                                                                \u00ab Sans \u00e9tiquette ne veut pas dire sans convictions \u00bb<\/p>\n<p class=\"fs-5 \">Et de lister : \u00ab Je pense notamment au sujet complexe de la circulation avec le probl\u00e8me \u00e9pineux des poids lourds ; \u00e0 notre volont\u00e9 de r\u00e9aliser une piste cyclable ; aux infrastructures \u00e0 cr\u00e9er tel l\u2019espace familial de d\u00e9tente sportive \u00e0 Saint-Fran\u00e7ois ou \u00e0 des projets qui ont rebut\u00e9 mes pr\u00e9d\u00e9cesseurs comme la r\u00e9novation de fond de l\u2019\u00e9glise paroissiale Notre-Dame-de-l\u2019Assomption. \u00bb<\/p>\n<p class=\"fs-5 \">Une troisi\u00e8me campagne (1) sans changement de m\u00e9thode. \u00ab Sans \u00e9tiquette ne veut pas dire sans convictions : nous gardons notre boussole humaniste qui refuse de laisser au bord du chemin nos concitoyens qui se trouvent dans des situations pr\u00e9caires \u00bb, revendique l\u2019\u00e9lu qui repart avec une liste renouvel\u00e9e et consolid\u00e9e et la volont\u00e9 d\u2019incarner \u00ab la continuit\u00e9 dont la commune a tant besoin pour se d\u00e9velopper harmonieusement et relever les nombreux d\u00e9fis qui nous attendent \u00bb.<\/p>\n<p class=\"fs-5 \">Annon\u00e7ant \u00ab le temps du bilan et les r\u00e9ponses apport\u00e9es \u00e0 mes d\u00e9tracteurs sur le fond \u00bb, \u00c9douard Friedler, distingu\u00e9 du titre de \u00ab Maire du Var 2025 \u00bb (2), \u2013 \u00ab ce qui a achev\u00e9 de me convaincre de la l\u00e9gitimit\u00e9 de ma d\u00e9marche \u00bb \u2013 a partag\u00e9 sa vision positive du Beausset, \u00ab une petite ville au cadre de vie pr\u00e9serv\u00e9 o\u00f9 la solidarit\u00e9 et l\u2019entraide sont bien r\u00e9elles \u00bb.<\/p>\n<p class=\"fs-5 \">\u00ab Forts de notre exp\u00e9rience, fiers du travail accomplis, nous sommes convaincus du bien-fond\u00e9 de la politique engag\u00e9e, a-t-il d\u00e9velopp\u00e9. Une politique soucieuse de l\u2019avenir de nos enfants ; responsable, qui place la pr\u00e9servation de l\u2019environnement et du patrimoine au c\u0153ur de nos pr\u00e9occupations ; une politique courageuse et de d\u00e9mocratie participative toujours plus exigeante. \u00bb<\/p>\n<p class=\"fs-5 \">1. Avant d\u2019\u00eatre \u00e9lu maire en 2020, \u00c9douard Friedler avait si\u00e9g\u00e9 dans les rangs de l\u2019opposition \u00e0 partir de 2014.<\/p>\n<p class=\"fs-5 \">2. Le 13 octobre, \u00e0 l\u2019H\u00f4tel de R\u00e9gion \u00e0 Marseille, \u00c9douard Friedler a \u00e9t\u00e9 distingu\u00e9 dans le cadre du Grand prix du trombinoscope des territoires. Cette distinction nationale, d\u00e9cern\u00e9e par un jury compos\u00e9 de journalistes de la presse r\u00e9gionale, vient saluer l\u2019engagement d\u2019un \u00e9lu local au service de son territoire.<\/p>\n","protected":false},"excerpt":{"rendered":"Il repart en campagne. C\u2019est \u00ab avec \u00e9motion et gravit\u00e9 \u00bb, devant l\u2019embl\u00e9matique Espace Mistral, \u00ab que nous&hellip;\n","protected":false},"author":2,"featured_media":521154,"comment_status":"","ping_status":"","sticky":false,"template":"","format":"standard","meta":{"footnotes":""},"categories":[9619],"tags":[1111,11,1777,674,1011,27,3434,12,882,25,2310],"class_list":{"0":"post-521153","1":"post","2":"type-post","3":"status-publish","4":"format-standard","5":"has-post-thumbnail","7":"category-toulon","8":"tag-actu","9":"tag-actualites","10":"tag-eu","11":"tag-europe","12":"tag-fr","13":"tag-france","14":"tag-municipales-2026","15":"tag-news","16":"tag-provence-alpes-cote-dazur","17":"tag-republique-francaise","18":"tag-toulon"},"share_on_mastodon":{"url":"https:\/\/pubeurope.com\/@fr\/115515630824060813","error":""},"_links":{"self":[{"href":"https:\/\/www.europesays.com\/fr\/wp-json\/wp\/v2\/posts\/521153","targetHints":{"allow":["GET"]}}],"collection":[{"href":"https:\/\/www.europesays.com\/fr\/wp-json\/wp\/v2\/posts"}],"about":[{"href":"https:\/\/www.europesays.com\/fr\/wp-json\/wp\/v2\/types\/post"}],"author":[{"embeddable":true,"href":"https:\/\/www.europesays.com\/fr\/wp-json\/wp\/v2\/users\/2"}],"replies":[{"embeddable":true,"href":"https:\/\/www.europesays.com\/fr\/wp-json\/wp\/v2\/comments?post=521153"}],"version-history":[{"count":0,"href":"https:\/\/www.europesays.com\/fr\/wp-json\/wp\/v2\/posts\/521153\/revisions"}],"wp:featuredmedia":[{"embeddable":true,"href":"https:\/\/www.europesays.com\/fr\/wp-json\/wp\/v2\/media\/521154"}],"wp:attachment":[{"href":"https:\/\/www.europesays.com\/fr\/wp-json\/wp\/v2\/media?parent=521153"}],"wp:term":[{"taxonomy":"category","embeddable":true,"href":"https:\/\/www.europesays.com\/fr\/wp-json\/wp\/v2\/categories?post=521153"},{"taxonomy":"post_tag","embeddable":true,"href":"https:\/\/www.europesays.com\/fr\/wp-json\/wp\/v2\/tags?post=521153"}],"curies":[{"name":"wp","href":"https:\/\/api.w.org\/{rel}","templated":true}]}}