{"id":521157,"date":"2025-11-08T19:04:11","date_gmt":"2025-11-08T19:04:11","guid":{"rendered":"https:\/\/www.europesays.com\/fr\/521157\/"},"modified":"2025-11-08T19:04:11","modified_gmt":"2025-11-08T19:04:11","slug":"a-montpellier-yann-tiersen-bientot-en-show-live-electro","status":"publish","type":"post","link":"https:\/\/www.europesays.com\/fr\/521157\/","title":{"rendered":"\u00e0 Montpellier, Yann Tiersen bient\u00f4t en show live \u00e9lectro"},"content":{"rendered":"<p>            Par<br \/>\n        <strong><br \/>\n            <a href=\"https:\/\/actu.fr\/auteur\/g-martin\" title=\"Consulter tous les articles de Gil Martin\" rel=\"nofollow noopener\" target=\"_blank\">Gil Martin<\/a><br \/>\n        <\/strong><\/p>\n<p>        Publi\u00e9 le<\/p>\n<p>            8 nov. 2025 \u00e0 19h29        <\/p>\n<p>A Montpellier, le 2030 Festival, programm\u00e9 du 30 novembre au 7 d\u00e9cembre, s\u2019ouvrira \u00e0 la Halle Tropisme de la plus spectaculaire des fa\u00e7ons : \u00ab Nous avons l\u2019immense plaisir d\u2019annoncer que <strong>Yann Tiersen<\/strong> a accept\u00e9 de soutenir le Festival en assurant u<strong>n show live \u00e9lectro<\/strong> lors de notre soir\u00e9e d\u2019ouverture \u00e0 la Halle Tropisme, <strong>le dimanche 30 novembre<\/strong> \u00e0 partir de 20h \u00bb, annoncent les organisateurs.<\/p>\n<p>Un festival prot\u00e9\u00efforme<\/p>\n<p class=\" wall-content\">Des organisateurs qui pr\u00e9senteront le programme complet de leur festival \u00e0 la presse ce lundi 10 novembre\u2026 En attendant que ne soit d\u00e9voil\u00e9e l\u2019int\u00e9gralit\u00e9 de cette \u00e9dition 2025, pr\u00e9cisons que ce festival proposera des conf\u00e9rences, des rencontres, des animations et bien s\u00fbr \u00ab des temps forts festifs \u00bb.<\/p>\n<p>    <a href=\"https:\/\/www.google.com\/maps\/embed?pb=!1m18!1m12!1m3!1d2889.205984686235!2d3.8561567757152573!3d43.60225257110455!2m3!1f0!2f0!3f0!3m2!1i1024!2i768!4f13.1!3m3!1m2!1s0x12b6af09b585b30b%3A0x13f65e520706c371!2sHalle%20Tropisme!5e0!3m2!1sfr!2sfr!4v1762655048593!5m2!1sfr!2sfr\" title=\"Ouvrie le lien\" rel=\"nofollow noopener\" target=\"_blank\">Cliquez ici pour visualiser le contenu<\/a><\/p>\n<p>Trois autres soir\u00e9es Live<\/p>\n<p class=\" wall-content\">Trois autres soir\u00e9es live, outre Yann Tiersen, sont ainsi pr\u00e9vues \u00e0 la Halle Tropisme avec des artistes comme le producteur\/chanteur militant Kiddy Smile (le 5\/12), les rappeurs Okis et Sameer Ahmad (le 6\/12) et le collectif de DJ Pi\u00f1ata radio (le 7\/12).<\/p>\n<p class=\" wall-content\">Personnalisez votre actualit\u00e9 en ajoutant vos villes et m\u00e9dias en favori avec <a href=\"https:\/\/moncompte.actu.fr\" title=\"D\u00e9couvez Mon Actu\" rel=\"nofollow noopener\" data-trk=\"{&quot;cta&quot;:{&quot;action&quot;:&quot;https:\\\/\\\/moncompte.actu.fr&quot;,&quot;category&quot;:&quot;mon compte&quot;,&quot;from&quot;:&quot;article footer&quot;,&quot;name&quot;:&quot;Mon actu&quot;,&quot;type&quot;:&quot;cta&quot;}}\" target=\"_blank\">Mon Actu<\/a>.<\/p>\n","protected":false},"excerpt":{"rendered":"Par Gil Martin Publi\u00e9 le 8 nov. 2025 \u00e0 19h29 A Montpellier, le 2030 Festival, programm\u00e9 du 30&hellip;\n","protected":false},"author":2,"featured_media":521158,"comment_status":"","ping_status":"","sticky":false,"template":"","format":"standard","meta":{"footnotes":""},"categories":[9599],"tags":[1111,11,1697,1777,674,1011,27,1652,2208,12,2680,25],"class_list":{"0":"post-521157","1":"post","2":"type-post","3":"status-publish","4":"format-standard","5":"has-post-thumbnail","7":"category-montpellier","8":"tag-actu","9":"tag-actualites","10":"tag-concert","11":"tag-eu","12":"tag-europe","13":"tag-fr","14":"tag-france","15":"tag-loisirs-culture","16":"tag-montpellier","17":"tag-news","18":"tag-occitanie","19":"tag-republique-francaise"},"share_on_mastodon":{"url":"https:\/\/pubeurope.com\/@fr\/115515638744205280","error":""},"_links":{"self":[{"href":"https:\/\/www.europesays.com\/fr\/wp-json\/wp\/v2\/posts\/521157","targetHints":{"allow":["GET"]}}],"collection":[{"href":"https:\/\/www.europesays.com\/fr\/wp-json\/wp\/v2\/posts"}],"about":[{"href":"https:\/\/www.europesays.com\/fr\/wp-json\/wp\/v2\/types\/post"}],"author":[{"embeddable":true,"href":"https:\/\/www.europesays.com\/fr\/wp-json\/wp\/v2\/users\/2"}],"replies":[{"embeddable":true,"href":"https:\/\/www.europesays.com\/fr\/wp-json\/wp\/v2\/comments?post=521157"}],"version-history":[{"count":0,"href":"https:\/\/www.europesays.com\/fr\/wp-json\/wp\/v2\/posts\/521157\/revisions"}],"wp:featuredmedia":[{"embeddable":true,"href":"https:\/\/www.europesays.com\/fr\/wp-json\/wp\/v2\/media\/521158"}],"wp:attachment":[{"href":"https:\/\/www.europesays.com\/fr\/wp-json\/wp\/v2\/media?parent=521157"}],"wp:term":[{"taxonomy":"category","embeddable":true,"href":"https:\/\/www.europesays.com\/fr\/wp-json\/wp\/v2\/categories?post=521157"},{"taxonomy":"post_tag","embeddable":true,"href":"https:\/\/www.europesays.com\/fr\/wp-json\/wp\/v2\/tags?post=521157"}],"curies":[{"name":"wp","href":"https:\/\/api.w.org\/{rel}","templated":true}]}}