{"id":521165,"date":"2025-11-08T19:12:12","date_gmt":"2025-11-08T19:12:12","guid":{"rendered":"https:\/\/www.europesays.com\/fr\/521165\/"},"modified":"2025-11-08T19:12:12","modified_gmt":"2025-11-08T19:12:12","slug":"les-photos-de-lamericain-alec-soth-aux-champs-libres-a-rennes","status":"publish","type":"post","link":"https:\/\/www.europesays.com\/fr\/521165\/","title":{"rendered":"Les photos de l\u2019Am\u00e9ricain Alec Soth aux Champs libres \u00e0 Rennes"},"content":{"rendered":"<p>Photographe membre de l\u2019agence Magnum, alliant un style documentaire \u00e0 une sensibilit\u00e9 po\u00e9tique, Alec Soth est consid\u00e9r\u00e9 comme l\u2019un des photographes am\u00e9ricains les plus importants de l\u2019\u00e9poque. Ses photographies explorent les marges du territoire am\u00e9ricain, petites villes, banlieues, r\u00e9gions sauvages, parcs nationaux\u2026<\/p>\n<p>\u00c0 l\u2019heure o\u00f9 les \u00c9tats-Unis et leurs fractures sont au c\u0153ur de l\u2019actualit\u00e9, son travail profond\u00e9ment humaniste donne \u00e0 voir l\u2019envers du r\u00eave am\u00e9ricain. Ses photographies les plus connues repr\u00e9sentent des personnes et des lieux d\u00e9couverts en parcourant les \u00c9tats-Unis de long en large et en traversant les paysages de son pays\u00a0: le Mississippi, les chutes du Niagara, les grands espaces d\u00e9sertiques et sauvages, les petites villes et les banlieues\u2026<\/p>\n<p><strong>Jusqu\u2019au 8\u00a0mars 2026,<\/strong> aux Champs libres, cours des Alli\u00e9s, \u00e0 Rennes. Le dimanche, de 14\u00a0h \u00e0 19\u00a0h. Gratuit.<\/p>\n<p>\u00a0<\/p>\n","protected":false},"excerpt":{"rendered":"Photographe membre de l\u2019agence Magnum, alliant un style documentaire \u00e0 une sensibilit\u00e9 po\u00e9tique, Alec Soth est consid\u00e9r\u00e9 comme&hellip;\n","protected":false},"author":2,"featured_media":521166,"comment_status":"","ping_status":"","sticky":false,"template":"","format":"standard","meta":{"footnotes":""},"categories":[2821],"tags":[1111,11,64143,7204,829,20123,1777,674,1011,27,6087,12,2189,3086,584,25,64144],"class_list":{"0":"post-521165","1":"post","2":"type-post","3":"status-publish","4":"format-standard","5":"has-post-thumbnail","7":"category-rennes","8":"tag-actu","9":"tag-actualites","10":"tag-alec","11":"tag-americain","12":"tag-bretagne","13":"tag-champs","14":"tag-eu","15":"tag-europe","16":"tag-fr","17":"tag-france","18":"tag-libres","19":"tag-news","20":"tag-photos","21":"tag-redon","22":"tag-rennes","23":"tag-republique-francaise","24":"tag-soth"},"share_on_mastodon":{"url":"https:\/\/pubeurope.com\/@fr\/115515670604234238","error":""},"_links":{"self":[{"href":"https:\/\/www.europesays.com\/fr\/wp-json\/wp\/v2\/posts\/521165","targetHints":{"allow":["GET"]}}],"collection":[{"href":"https:\/\/www.europesays.com\/fr\/wp-json\/wp\/v2\/posts"}],"about":[{"href":"https:\/\/www.europesays.com\/fr\/wp-json\/wp\/v2\/types\/post"}],"author":[{"embeddable":true,"href":"https:\/\/www.europesays.com\/fr\/wp-json\/wp\/v2\/users\/2"}],"replies":[{"embeddable":true,"href":"https:\/\/www.europesays.com\/fr\/wp-json\/wp\/v2\/comments?post=521165"}],"version-history":[{"count":0,"href":"https:\/\/www.europesays.com\/fr\/wp-json\/wp\/v2\/posts\/521165\/revisions"}],"wp:featuredmedia":[{"embeddable":true,"href":"https:\/\/www.europesays.com\/fr\/wp-json\/wp\/v2\/media\/521166"}],"wp:attachment":[{"href":"https:\/\/www.europesays.com\/fr\/wp-json\/wp\/v2\/media?parent=521165"}],"wp:term":[{"taxonomy":"category","embeddable":true,"href":"https:\/\/www.europesays.com\/fr\/wp-json\/wp\/v2\/categories?post=521165"},{"taxonomy":"post_tag","embeddable":true,"href":"https:\/\/www.europesays.com\/fr\/wp-json\/wp\/v2\/tags?post=521165"}],"curies":[{"name":"wp","href":"https:\/\/api.w.org\/{rel}","templated":true}]}}