{"id":521177,"date":"2025-11-08T19:18:52","date_gmt":"2025-11-08T19:18:52","guid":{"rendered":"https:\/\/www.europesays.com\/fr\/521177\/"},"modified":"2025-11-08T19:18:52","modified_gmt":"2025-11-08T19:18:52","slug":"un-vehicule-orange-de-la-dir-ouest-touche-par-un-tir-darme-a-feu-alors-quil-circulait-sur","status":"publish","type":"post","link":"https:\/\/www.europesays.com\/fr\/521177\/","title":{"rendered":"Un v\u00e9hicule orange de la Dir Ouest touch\u00e9 par un tir d\u2019arme \u00e0 feu alors qu\u2019il circulait sur"},"content":{"rendered":"<p>L\u2019agent de la Direction interd\u00e9partementale des routes (Dir) de l\u2019Ouest a \u00e9t\u00e9 particuli\u00e8rement choqu\u00e9. Alors qu\u2019il circulait \u00e0 bord de son camion orange, jeudi 6\u00a0novembre en fin de matin\u00e9e, la fen\u00eatre du Renault Master, c\u00f4t\u00e9 passager, a vol\u00e9 en \u00e9clats. Deux vitres ont soudainement explos\u00e9 apr\u00e8s avoir \u00e9t\u00e9 touch\u00e9es par un tir d\u2019arme \u00e0 feu. La sc\u00e8ne s\u2019est produite sur le p\u00e9riph\u00e9rique de Nantes \u00e0 hauteur de la porte de l\u2019Estuaire, sur le p\u00e9riph\u00e9rique ouest, \u00e0 Saint-Herblain.<\/p>\n<p>Le service local de police judiciaire (SLPJ) de Nantes a ouvert une enqu\u00eate. Une trace \u00e0 bord du v\u00e9hicule laisse penser que la balle a rip\u00e9. Les investigations, qui ont d\u00e9but\u00e9 jeudi, doivent tenter de d\u00e9terminer le lieu et les circonstances de ce tir d\u2019arme \u00e0 feu.<\/p>\n<p>\u00a0<\/p>\n","protected":false},"excerpt":{"rendered":"L\u2019agent de la Direction interd\u00e9partementale des routes (Dir) de l\u2019Ouest a \u00e9t\u00e9 particuli\u00e8rement choqu\u00e9. Alors qu\u2019il circulait \u00e0&hellip;\n","protected":false},"author":2,"featured_media":521178,"comment_status":"","ping_status":"","sticky":false,"template":"","format":"standard","meta":{"footnotes":""},"categories":[2818],"tags":[1111,11,10268,15739,64200,1777,674,1312,1011,27,2047,766,12,738,9144,2636,4013,9576,25,9805,8066,12109],"class_list":{"0":"post-521177","1":"post","2":"type-post","3":"status-publish","4":"format-standard","5":"has-post-thumbnail","7":"category-nantes","8":"tag-actu","9":"tag-actualites","10":"tag-arme","11":"tag-circulait","12":"tag-dir","13":"tag-eu","14":"tag-europe","15":"tag-feu","16":"tag-fr","17":"tag-france","18":"tag-mans","19":"tag-nantes","20":"tag-news","21":"tag-orange","22":"tag-ouest","23":"tag-pays-de-la-loire","24":"tag-peripherique","25":"tag-qu","26":"tag-republique-francaise","27":"tag-tir","28":"tag-touche","29":"tag-vehicule"},"share_on_mastodon":{"url":"https:\/\/pubeurope.com\/@fr\/115515697716550863","error":""},"_links":{"self":[{"href":"https:\/\/www.europesays.com\/fr\/wp-json\/wp\/v2\/posts\/521177","targetHints":{"allow":["GET"]}}],"collection":[{"href":"https:\/\/www.europesays.com\/fr\/wp-json\/wp\/v2\/posts"}],"about":[{"href":"https:\/\/www.europesays.com\/fr\/wp-json\/wp\/v2\/types\/post"}],"author":[{"embeddable":true,"href":"https:\/\/www.europesays.com\/fr\/wp-json\/wp\/v2\/users\/2"}],"replies":[{"embeddable":true,"href":"https:\/\/www.europesays.com\/fr\/wp-json\/wp\/v2\/comments?post=521177"}],"version-history":[{"count":0,"href":"https:\/\/www.europesays.com\/fr\/wp-json\/wp\/v2\/posts\/521177\/revisions"}],"wp:featuredmedia":[{"embeddable":true,"href":"https:\/\/www.europesays.com\/fr\/wp-json\/wp\/v2\/media\/521178"}],"wp:attachment":[{"href":"https:\/\/www.europesays.com\/fr\/wp-json\/wp\/v2\/media?parent=521177"}],"wp:term":[{"taxonomy":"category","embeddable":true,"href":"https:\/\/www.europesays.com\/fr\/wp-json\/wp\/v2\/categories?post=521177"},{"taxonomy":"post_tag","embeddable":true,"href":"https:\/\/www.europesays.com\/fr\/wp-json\/wp\/v2\/tags?post=521177"}],"curies":[{"name":"wp","href":"https:\/\/api.w.org\/{rel}","templated":true}]}}