{"id":521190,"date":"2025-11-08T19:36:26","date_gmt":"2025-11-08T19:36:26","guid":{"rendered":"https:\/\/www.europesays.com\/fr\/521190\/"},"modified":"2025-11-08T19:36:26","modified_gmt":"2025-11-08T19:36:26","slug":"lille-bruno-genesio-vole-a-la-rescousse-dolivier-giroud","status":"publish","type":"post","link":"https:\/\/www.europesays.com\/fr\/521190\/","title":{"rendered":"Lille, Bruno Genesio vole \u00e0 la rescousse d&rsquo;Olivier Giroud"},"content":{"rendered":"<p>Depuis son arriv\u00e9e au LOSC, Olivier Giroud b\u00e9n\u00e9ficie d\u2019un accueil chaleureux sur tous les terrains de France. \u00c0 Lens, lors du derby, il a \u00e9t\u00e9 ovationn\u00e9 par le public de Bollaert, tandis qu\u2019\u00e0 Nantes, les supporters lui ont r\u00e9serv\u00e9 une standing ovation \u00e9mouvante. Un contraste avec le souvenir mitig\u00e9 de 2016, quand il avait \u00e9t\u00e9 hu\u00e9 en \u00e9quipe de France apr\u00e8s un match amical contre le Cameroun. Cette reconnaissance nationale touche profond\u00e9ment le champion du monde. \u00ab Encore une fois, c\u2019est aussi pourquoi je suis tr\u00e8s reconnaissant et tr\u00e8s content de revenir chez moi, pour faire un petit coucou avec la tourn\u00e9e des stades \u00bb, a confi\u00e9 le buteur.<\/p>\n<p>Olivier Giroud incarne d\u00e9sormais plus qu\u2019un simple avant-centre : il est un symbole de long\u00e9vit\u00e9 et de professionnalisme. Bruno Genesio, conscient de ce que repr\u00e9sente son joueur pour le groupe, mise sur son leadership pour inspirer les plus jeunes. Malgr\u00e9 une p\u00e9riode creuse sur le plan statistique, le technicien lillois ne doute pas que l\u2019ancien attaquant de Montpellier retrouvera bient\u00f4t le chemin des filets. Son aura, son travail et sa mentalit\u00e9 exemplaire font de lui une pi\u00e8ce ma\u00eetresse dans le projet lillois. \u00c0 39 ans, Olivier Giroud continue de prouver que la passion et la rigueur n\u2019ont pas d\u2019\u00e2ge.<\/p>\n","protected":false},"excerpt":{"rendered":"Depuis son arriv\u00e9e au LOSC, Olivier Giroud b\u00e9n\u00e9ficie d\u2019un accueil chaleureux sur tous les terrains de France. \u00c0&hellip;\n","protected":false},"author":2,"featured_media":521191,"comment_status":"","ping_status":"","sticky":false,"template":"","format":"standard","meta":{"footnotes":""},"categories":[2815],"tags":[1111,11,55418,1777,674,1011,27,811,66,1307,12,34309,25,640,64201],"class_list":{"0":"post-521190","1":"post","2":"type-post","3":"status-publish","4":"format-standard","5":"has-post-thumbnail","7":"category-lille","8":"tag-actu","9":"tag-actualites","10":"tag-b-genesio","11":"tag-eu","12":"tag-europe","13":"tag-fr","14":"tag-france","15":"tag-hauts-de-france","16":"tag-ligue-1","17":"tag-lille","18":"tag-news","19":"tag-o-giroud","20":"tag-republique-francaise","21":"tag-strasbourg","22":"tag-strasbourg-vs-lille"},"share_on_mastodon":{"url":"https:\/\/pubeurope.com\/@fr\/115515764475012633","error":""},"_links":{"self":[{"href":"https:\/\/www.europesays.com\/fr\/wp-json\/wp\/v2\/posts\/521190","targetHints":{"allow":["GET"]}}],"collection":[{"href":"https:\/\/www.europesays.com\/fr\/wp-json\/wp\/v2\/posts"}],"about":[{"href":"https:\/\/www.europesays.com\/fr\/wp-json\/wp\/v2\/types\/post"}],"author":[{"embeddable":true,"href":"https:\/\/www.europesays.com\/fr\/wp-json\/wp\/v2\/users\/2"}],"replies":[{"embeddable":true,"href":"https:\/\/www.europesays.com\/fr\/wp-json\/wp\/v2\/comments?post=521190"}],"version-history":[{"count":0,"href":"https:\/\/www.europesays.com\/fr\/wp-json\/wp\/v2\/posts\/521190\/revisions"}],"wp:featuredmedia":[{"embeddable":true,"href":"https:\/\/www.europesays.com\/fr\/wp-json\/wp\/v2\/media\/521191"}],"wp:attachment":[{"href":"https:\/\/www.europesays.com\/fr\/wp-json\/wp\/v2\/media?parent=521190"}],"wp:term":[{"taxonomy":"category","embeddable":true,"href":"https:\/\/www.europesays.com\/fr\/wp-json\/wp\/v2\/categories?post=521190"},{"taxonomy":"post_tag","embeddable":true,"href":"https:\/\/www.europesays.com\/fr\/wp-json\/wp\/v2\/tags?post=521190"}],"curies":[{"name":"wp","href":"https:\/\/api.w.org\/{rel}","templated":true}]}}