{"id":521196,"date":"2025-11-08T19:40:23","date_gmt":"2025-11-08T19:40:23","guid":{"rendered":"https:\/\/www.europesays.com\/fr\/521196\/"},"modified":"2025-11-08T19:40:23","modified_gmt":"2025-11-08T19:40:23","slug":"un-pedophile-se-livre-a-la-gendarmerie-apres-avoir-achete-des-poupees-sexuelles-sur-shein","status":"publish","type":"post","link":"https:\/\/www.europesays.com\/fr\/521196\/","title":{"rendered":"un p\u00e9dophile se livre \u00e0 la gendarmerie apr\u00e8s avoir achet\u00e9 des poup\u00e9es sexuelles sur Shein"},"content":{"rendered":"<p itemprop=\"description\"><strong>Un quadrag\u00e9naire s\u2019est pr\u00e9sent\u00e9 cette semaine \u00e0 la gendarmerie de Saint-Clair-du-Rh\u00f4ne au sud de Lyon pour signaler ses propres agissements.<\/strong><\/p>\n<p>L\u2019homme a reconnu avoir achet\u00e9 deux poup\u00e9es \u00e0 caract\u00e8re p\u00e9dopornographique sur le site Shein, qu\u2019il avait apport\u00e9es avec lui.<\/p>\n<p>Les militaires ont imm\u00e9diatement plac\u00e9 le suspect en garde \u00e0 vue. Lors des investigations men\u00e9es \u00e0 son domicile, les enqu\u00eateurs ont d\u00e9couvert d\u2019autres \u00e9l\u00e9ments compromettants, notamment des fichiers ill\u00e9gaux t\u00e9l\u00e9charg\u00e9s par l\u2019int\u00e9ress\u00e9.<\/p>\n<p>L\u2019homme aurait expliqu\u00e9 souffrir d\u2019une forte attirance envers les enfants et affirm\u00e9 ne pas avoir mesur\u00e9 la gravit\u00e9 de ses actes.<\/p>\n<p>Selon les premiers \u00e9l\u00e9ments de l\u2019enqu\u00eate, les deux objets avaient \u00e9t\u00e9 command\u00e9s pour environ 300 euros chacun. Le parquet a ouvert une information judiciaire pour d\u00e9tention, importation et acquisition d\u2019images ou repr\u00e9sentations d\u2019un mineur \u00e0 caract\u00e8re p\u00e9dopornographique.<\/p>\n<p>Le mis en cause a \u00e9t\u00e9 plac\u00e9 en d\u00e9tention provisoire, dans l\u2019attente d\u2019une expertise psychiatrique destin\u00e9e \u00e0 \u00e9valuer son \u00e9tat mental.<\/p>\n","protected":false},"excerpt":{"rendered":"Un quadrag\u00e9naire s\u2019est pr\u00e9sent\u00e9 cette semaine \u00e0 la gendarmerie de Saint-Clair-du-Rh\u00f4ne au sud de Lyon pour signaler ses&hellip;\n","protected":false},"author":2,"featured_media":521197,"comment_status":"","ping_status":"","sticky":false,"template":"","format":"standard","meta":{"footnotes":""},"categories":[1889],"tags":[1111,11,2813,2190,2430,1109,251,1112,2811,1777,674,118,1011,27,1922,1110,1114,2428,2810,12,241,316,25,2812,517,800],"class_list":{"0":"post-521196","1":"post","2":"type-post","3":"status-publish","4":"format-standard","5":"has-post-thumbnail","7":"category-lyon","8":"tag-actu","9":"tag-actualites","10":"tag-article","11":"tag-asvel","12":"tag-auvergne-rhone-alpes","13":"tag-breves","14":"tag-culture","15":"tag-depeches","16":"tag-economique","17":"tag-eu","18":"tag-europe","19":"tag-faits-divers","20":"tag-fr","21":"tag-france","22":"tag-info","23":"tag-informations","24":"tag-infos","25":"tag-lyon","26":"tag-lyonmag","27":"tag-news","28":"tag-ol","29":"tag-politique","30":"tag-republique-francaise","31":"tag-sociale","32":"tag-sport","33":"tag-transports"},"share_on_mastodon":{"url":"https:\/\/pubeurope.com\/@fr\/115515780231292460","error":""},"_links":{"self":[{"href":"https:\/\/www.europesays.com\/fr\/wp-json\/wp\/v2\/posts\/521196","targetHints":{"allow":["GET"]}}],"collection":[{"href":"https:\/\/www.europesays.com\/fr\/wp-json\/wp\/v2\/posts"}],"about":[{"href":"https:\/\/www.europesays.com\/fr\/wp-json\/wp\/v2\/types\/post"}],"author":[{"embeddable":true,"href":"https:\/\/www.europesays.com\/fr\/wp-json\/wp\/v2\/users\/2"}],"replies":[{"embeddable":true,"href":"https:\/\/www.europesays.com\/fr\/wp-json\/wp\/v2\/comments?post=521196"}],"version-history":[{"count":0,"href":"https:\/\/www.europesays.com\/fr\/wp-json\/wp\/v2\/posts\/521196\/revisions"}],"wp:featuredmedia":[{"embeddable":true,"href":"https:\/\/www.europesays.com\/fr\/wp-json\/wp\/v2\/media\/521197"}],"wp:attachment":[{"href":"https:\/\/www.europesays.com\/fr\/wp-json\/wp\/v2\/media?parent=521196"}],"wp:term":[{"taxonomy":"category","embeddable":true,"href":"https:\/\/www.europesays.com\/fr\/wp-json\/wp\/v2\/categories?post=521196"},{"taxonomy":"post_tag","embeddable":true,"href":"https:\/\/www.europesays.com\/fr\/wp-json\/wp\/v2\/tags?post=521196"}],"curies":[{"name":"wp","href":"https:\/\/api.w.org\/{rel}","templated":true}]}}