{"id":521198,"date":"2025-11-08T19:41:18","date_gmt":"2025-11-08T19:41:18","guid":{"rendered":"https:\/\/www.europesays.com\/fr\/521198\/"},"modified":"2025-11-08T19:41:18","modified_gmt":"2025-11-08T19:41:18","slug":"lyon-6e-les-90-ans-de-bellecombe-le-cinema-entierement-porte-par-des-benevoles","status":"publish","type":"post","link":"https:\/\/www.europesays.com\/fr\/521198\/","title":{"rendered":"Lyon 6e. Les 90 ans de Bellecombe, le cin\u00e9ma enti\u00e8rement port\u00e9 par des b\u00e9n\u00e9voles"},"content":{"rendered":"<blockquote class=\"question\"><p>Quand et comment est n\u00e9 le Cin\u00e9ma associatif Bellecombe\u00a0?<\/p><\/blockquote>\n<p>\u00ab\u00a0En 1935, dans une \u00e9poque tr\u00e8s favorable au cin\u00e9ma, particuli\u00e8rement \u00e0 Lyon. Il est install\u00e9 dans une salle des f\u00eates paroissiale construite en 1898 qui avait servi d\u2019h\u00f4pital pendant la premi\u00e8re guerre mondiale.<\/p>\n<p>Aujourd\u2019hui les lieux sont propri\u00e9t\u00e9 du dioc\u00e8se. L\u2019histoire n\u2019a pas gard\u00e9 le nom du passionn\u00e9 du septi\u00e8me art, qui a \u00e9t\u00e9 l\u2019initiateur de ce cin\u00e9ma de quartier, g\u00e9r\u00e9 par les b\u00e9n\u00e9voles de l\u2019ABC depuis 1935. Nous avons f\u00eat\u00e9 son quatre-vingt-dixi\u00e8me anniversaire lors des journ\u00e9es du patrimoine, le 20\u00a0septembre. Un anniversaire soulign\u00e9 par la projection, d\u2019un film de 6 minutes r\u00e9alis\u00e9 par le cin\u00e9aste Jean P\u00e9rez,&#8230;<\/p>\n","protected":false},"excerpt":{"rendered":"Quand et comment est n\u00e9 le Cin\u00e9ma associatif Bellecombe\u00a0? \u00ab\u00a0En 1935, dans une \u00e9poque tr\u00e8s favorable au cin\u00e9ma,&hellip;\n","protected":false},"author":2,"featured_media":521199,"comment_status":"","ping_status":"","sticky":false,"template":"","format":"standard","meta":{"footnotes":""},"categories":[1889],"tags":[1111,11,2430,1687,2757,1777,674,1011,27,2428,14926,2802,12,25],"class_list":{"0":"post-521198","1":"post","2":"type-post","3":"status-publish","4":"format-standard","5":"has-post-thumbnail","7":"category-lyon","8":"tag-actu","9":"tag-actualites","10":"tag-auvergne-rhone-alpes","11":"tag-culture-loisirs","12":"tag-edition-lyon-villeurbanne","13":"tag-eu","14":"tag-europe","15":"tag-fr","16":"tag-france","17":"tag-lyon","18":"tag-lyon-6e","19":"tag-lyon-6e-arrondissement","20":"tag-news","21":"tag-republique-francaise"},"share_on_mastodon":{"url":"https:\/\/pubeurope.com\/@fr\/115515784092866661","error":""},"_links":{"self":[{"href":"https:\/\/www.europesays.com\/fr\/wp-json\/wp\/v2\/posts\/521198","targetHints":{"allow":["GET"]}}],"collection":[{"href":"https:\/\/www.europesays.com\/fr\/wp-json\/wp\/v2\/posts"}],"about":[{"href":"https:\/\/www.europesays.com\/fr\/wp-json\/wp\/v2\/types\/post"}],"author":[{"embeddable":true,"href":"https:\/\/www.europesays.com\/fr\/wp-json\/wp\/v2\/users\/2"}],"replies":[{"embeddable":true,"href":"https:\/\/www.europesays.com\/fr\/wp-json\/wp\/v2\/comments?post=521198"}],"version-history":[{"count":0,"href":"https:\/\/www.europesays.com\/fr\/wp-json\/wp\/v2\/posts\/521198\/revisions"}],"wp:featuredmedia":[{"embeddable":true,"href":"https:\/\/www.europesays.com\/fr\/wp-json\/wp\/v2\/media\/521199"}],"wp:attachment":[{"href":"https:\/\/www.europesays.com\/fr\/wp-json\/wp\/v2\/media?parent=521198"}],"wp:term":[{"taxonomy":"category","embeddable":true,"href":"https:\/\/www.europesays.com\/fr\/wp-json\/wp\/v2\/categories?post=521198"},{"taxonomy":"post_tag","embeddable":true,"href":"https:\/\/www.europesays.com\/fr\/wp-json\/wp\/v2\/tags?post=521198"}],"curies":[{"name":"wp","href":"https:\/\/api.w.org\/{rel}","templated":true}]}}