{"id":521208,"date":"2025-11-08T19:47:11","date_gmt":"2025-11-08T19:47:11","guid":{"rendered":"https:\/\/www.europesays.com\/fr\/521208\/"},"modified":"2025-11-08T19:47:11","modified_gmt":"2025-11-08T19:47:11","slug":"paris-le-braqueur-de-bijouterie-au-couteau-sempare-de-cinq-rolex-pour-100-000-euros-et-prend-la-fuite-en-metro","status":"publish","type":"post","link":"https:\/\/www.europesays.com\/fr\/521208\/","title":{"rendered":"Paris\u00a0: le braqueur de bijouterie au couteau s\u2019empare de cinq Rolex pour 100\u00a0000\u00a0euros et prend la fuite en m\u00e9tro"},"content":{"rendered":"<p class=\"paragraph text_align_left lp-f-body-02\">Un braqueur solitaire s\u2019est empar\u00e9 de cinq montres Rolex samedi matin dans <a href=\"https:\/\/www.leparisien.fr\/faits-divers\/seine-et-marne-trois-braqueurs-arretes-en-flagrant-delit-dans-une-bijouterie-04-11-2025-IHRCYGRQDJBTDP3B5HKNZNZWTM.php\" target=\"_self\" rel=\"nofollow noopener\">une bijouterie<\/a> du XVIe\u00a0arrondissement de la capitale. Il est 10h30 \u00e0 la bijouterie Passy quand un homme fait irruption dans la boutique, arm\u00e9 d\u2019un couteau Opinel. Il s\u2019empare de cinq montres en or d\u2019une valeur cumul\u00e9e de 100\u00a0000\u00a0euros avant de prendre la fuite \u00e0 pied. \u00ab\u00a0Le vigile du commerce a fait une chute en tentant de le bloquer mais il n\u2019a pas \u00e9t\u00e9 bless\u00e9\u00a0\u00bb, pr\u00e9cise une source proche de l\u2019affaire.<\/p>\n<p>Le voleur a pris le m\u00e9tro<\/p>\n<p class=\"paragraph text_align_left lp-f-body-02\">Les forces de l\u2019ordre sont rapidement intervenues. En exploitant les images des cam\u00e9ras de surveillance, les policiers ont compris que le malfrat s\u2019est engouffr\u00e9 dans le m\u00e9tro. Sa trace a \u00e9t\u00e9 perdue dans le XIVe\u00a0arrondissement. Il est activement recherch\u00e9 par toutes les forces de police de la r\u00e9gion.<\/p>\n<p class=\"paragraph text_align_left lp-f-body-02\">Les enqu\u00eateurs du premier district de police judiciaire sont charg\u00e9s de mener les investigations. Les techniciens de la police scientifique ont relev\u00e9 les traces et indices sur les lieux des faits.<\/p>\n","protected":false},"excerpt":{"rendered":"Un braqueur solitaire s\u2019est empar\u00e9 de cinq montres Rolex samedi matin dans une bijouterie du XVIe\u00a0arrondissement de la&hellip;\n","protected":false},"author":2,"featured_media":521209,"comment_status":"","ping_status":"","sticky":false,"template":"","format":"standard","meta":{"footnotes":""},"categories":[1888],"tags":[11,1777,674,118,1011,27,1944,12,626,25],"class_list":{"0":"post-521208","1":"post","2":"type-post","3":"status-publish","4":"format-standard","5":"has-post-thumbnail","7":"category-paris","8":"tag-actualites","9":"tag-eu","10":"tag-europe","11":"tag-faits-divers","12":"tag-fr","13":"tag-france","14":"tag-ma-ville","15":"tag-news","16":"tag-paris","17":"tag-republique-francaise"},"share_on_mastodon":{"url":"https:\/\/pubeurope.com\/@fr\/115515808754965551","error":""},"_links":{"self":[{"href":"https:\/\/www.europesays.com\/fr\/wp-json\/wp\/v2\/posts\/521208","targetHints":{"allow":["GET"]}}],"collection":[{"href":"https:\/\/www.europesays.com\/fr\/wp-json\/wp\/v2\/posts"}],"about":[{"href":"https:\/\/www.europesays.com\/fr\/wp-json\/wp\/v2\/types\/post"}],"author":[{"embeddable":true,"href":"https:\/\/www.europesays.com\/fr\/wp-json\/wp\/v2\/users\/2"}],"replies":[{"embeddable":true,"href":"https:\/\/www.europesays.com\/fr\/wp-json\/wp\/v2\/comments?post=521208"}],"version-history":[{"count":0,"href":"https:\/\/www.europesays.com\/fr\/wp-json\/wp\/v2\/posts\/521208\/revisions"}],"wp:featuredmedia":[{"embeddable":true,"href":"https:\/\/www.europesays.com\/fr\/wp-json\/wp\/v2\/media\/521209"}],"wp:attachment":[{"href":"https:\/\/www.europesays.com\/fr\/wp-json\/wp\/v2\/media?parent=521208"}],"wp:term":[{"taxonomy":"category","embeddable":true,"href":"https:\/\/www.europesays.com\/fr\/wp-json\/wp\/v2\/categories?post=521208"},{"taxonomy":"post_tag","embeddable":true,"href":"https:\/\/www.europesays.com\/fr\/wp-json\/wp\/v2\/tags?post=521208"}],"curies":[{"name":"wp","href":"https:\/\/api.w.org\/{rel}","templated":true}]}}