{"id":521210,"date":"2025-11-08T19:48:28","date_gmt":"2025-11-08T19:48:28","guid":{"rendered":"https:\/\/www.europesays.com\/fr\/521210\/"},"modified":"2025-11-08T19:48:28","modified_gmt":"2025-11-08T19:48:28","slug":"otan-face-a-la-russie-la-realite-des-munitions","status":"publish","type":"post","link":"https:\/\/www.europesays.com\/fr\/521210\/","title":{"rendered":"OTAN face \u00e0 la Russie : La r\u00e9alit\u00e9 des munitions"},"content":{"rendered":"<p><img data-lazyloaded=\"1\" fetchpriority=\"high\" decoding=\"async\" width=\"1024\" height=\"536\" src=\"https:\/\/www.europesays.com\/fr\/wp-content\/uploads\/2025\/11\/Image-LD-6-3-1024x536.png\" alt=\"Mark Rutte, secr\u00e9taire g\u00e9n\u00e9ral de l\u2019OTAN, s\u2019exprime lors d\u2019une conf\u00e9rence de presse \u00e0 Bruxelles sur les capacit\u00e9s militaires europ\u00e9ennes face \u00e0 la Russie.\" class=\"wp-image-16534\"  data-\/><strong>Capture d\u2019\u00e9cran<\/strong><\/p>\n<p><strong>Par Alain Rodier<\/strong><\/p>\n<p><strong>Le secr\u00e9taire g\u00e9n\u00e9ral de l\u2019Otan, Mark Rutte, a affirm\u00e9 au d\u00e9but novembre que l\u2019Europe avait enfin d\u00e9pass\u00e9 la production russe en munitions d\u2019artillerie. Il semble que cette d\u00e9claration est pour le moins exag\u00e9r\u00e9e\u2026<\/strong><\/p>\n<p>Selon un groupe de journalistes d\u2019investigation, la production europ\u00e9enne au cours du second semestre de l\u2019ann\u00e9e 2024 se situait entre 400\u00a0000 et 600\u00a0000 obus. Il est tr\u00e8s peu vraisemblable qu\u2019elle ait d\u00e9sormais d\u00e9pass\u00e9 les 3 \u00e0 3,5 millions d\u2019unit\u00e9s.<\/p>\n<p>La propagande \u2013 qui existe dans les deux camps \u2013 atteint parfois ses limites.\u00a0<\/p>\n<p>Ainsi, quand les Europ\u00e9ens annoncent que l\u2019\u00e9conomie russe (\u00ab\u00a0\u00e9quivalente \u00e0 celle de l\u2019Italie\u00a0\u00bb suivant un poncif r\u00e9p\u00e9t\u00e9 depuis 2022) est en train de s\u2019effondrer \u2013 certes cette derni\u00e8re ne se porte pas bien son basculement vers l\u2019Asie et le Sud-global prenant du temps\u00a0\u00a0-, ils oublient de pr\u00e9ciser que pour l\u2019Europe, c\u2019est peut-\u00eatre encore pire. Ayant du abandonner les flux de gaz russe \u00e0 bas prix, le vieux continent paye d\u00e9sormais son \u00e9nergie \u2013 essentiellement du gaz de schiste que l\u2019Europe s\u2019est interdite de produire pour des raisons \u00e9cologiques \u2013 \u00e0 des tarifs qui peuvent \u00eatre qualifi\u00e9s de prohibitifs mais directement impos\u00e9s par les \u00c9tats-Unis qui sont aujourd\u2019hui les vrais ma\u00eetres du jeu et les premiers b\u00e9n\u00e9ficiaires des cons\u00e9quences \u00e9conomiques de la crise provoqu\u00e9e par la guerre en Ukraine.<\/p>\n<p><strong>\u00c0 lire ausis :<\/strong> <a href=\"https:\/\/lediplomate.media\/moyen-orient-otan-equilibre-indispensable\/\" target=\"_blank\" rel=\"noreferrer noopener\">ANALYSE \u2013 Le Moyen-Orient et l\u2019OTAN : Un \u00c9quilibre Indispensable<\/a><\/p>\n<p>Par ailleurs, l\u2019Europe n\u2019a pas su trouver de nouveaux d\u00e9bouch\u00e9s pour ses exportations tout en se tirant volontairement une balle dans le pied avec les cons\u00e9quences \u00e9conomiques d\u00e9sastreuses de son id\u00e9ologie \u00e9conomico-\u00e9cologique maximaliste.<\/p>\n<p>Devant payer son \u00e9nergie au prix fort\u00a0\u00a0et les entreprises \u00e9tant surtax\u00e9es, l\u2019\u00e9conomie europ\u00e9enne est oblig\u00e9e de pratiquer des tarifs qui n\u2019int\u00e9ressent par les pays \u00e9ventuellement importateurs.<\/p>\n<p>Le monde de la finance craint de plus en plus un effondrement g\u00e9n\u00e9ralis\u00e9 en cascade de l\u2019\u00e9conomie europ\u00e9enne qui entrainera des d\u00e9sordres soci\u00e9taux de grande ampleur. Non seulement les autorit\u00e9s actuelles ne savent pas les anticiper mais en plus, elles seront dans l\u2019incapacit\u00e9 de g\u00e9rer le pendant\u2026 quant \u00e0 l\u2019apr\u00e8s\u2026<\/p>\n<p>Enfin, l\u2019Europe est fragilis\u00e9e dans sa globalit\u00e9 par le probl\u00e8me du tsunami migratoire qu\u2019elle n\u2019est pas en mesure de contr\u00f4ler. L\u2019Espagne affirme bien accepter les travailleurs \u00e9trangers dont son \u00e9conomie a besoin, mais les dirigeants politiques actuels omettent soigneusement de pr\u00e9ciser qu\u2019ils proviennent majoritairement d\u2019Am\u00e9rique latine qui partage globalement la m\u00eame culture et la m\u00eame langue en dehors des Br\u00e9siliens.<\/p>\n<p><strong>\u00c0 lire aussi : <\/strong><a href=\"https:\/\/lediplomate.media\/le-diplomate\/\" target=\"_blank\" rel=\"noreferrer noopener\">G\u00e9opolitique et Diplomatie : Must-Have Insights for Today<\/a><\/p>\n<p>Le probl\u00e8me r\u00e9current des chefs europ\u00e9ens de l\u2019OTAN qui se succ\u00e8dent, c\u2019est qu\u2019ils ne semblent avoir aucune conscience de la situation r\u00e9elle, ni sur le terrain ni sur les capacit\u00e9s industrielles r\u00e9elles de l\u2019Europe et des besoins des entreprises d\u2019armement, particuli\u00e8rement de l\u2019\u00e9nergie qui leur est n\u00e9cessaire pour fonctionner au mieux de leurs capacit\u00e9s.<\/p>\n<p>Le concert d\u2019une partie des chefs d\u2019\u00c9tat rejoint le discours belliciste en s\u2019encourageant et se f\u00e9licitant les uns les autres au cours de multiples rencontres dont il est l\u00e9gitime de s\u2019interroger sur l\u2019utilit\u00e9 r\u00e9elle et le co\u00fbt pour les contribuables.<\/p>\n<p>Il est vrai que leurs discours largement relay\u00e9s par les militaires \u2013 naturellement aux ordres\u00a0\u00a0et toujours ravis de d\u00e9signer une \u00ab\u00a0menace\u00a0\u00bb pour justifier les demandes de cr\u00e9dits suppl\u00e9mentaires \u2013\u00a0\u00a0et par les medias en mal d\u2019audience, ont cr\u00e9\u00e9 une r\u00e9elle angoisse aupr\u00e8s des concitoyens de base\u00a0\u00a0d\u2019une guerre possible sur le continent europ\u00e9en. Mais ils semblent ne pas mesurer le fait que ces m\u00eames populations effray\u00e9es ne veulent pas non plus que leur pays soit engag\u00e9 directement dans la guerre en Ukraine.<\/p>\n<p>Ce manque de lucidit\u00e9 et cette arrogance est catastrophique car si les n\u00e9oconservateurs europ\u00e9ens d\u00e9cident de d\u00e9ployer des troupes en territoire ukrainien, le risque d\u2019\u00e9largissement du conflit sera alors quasi-in\u00e9vitable.<\/p>\n<p>La v\u00e9rit\u00e9 est que, pour l\u2019instant, l\u2019Europe n\u2019a pas les moyens militaires et financiers d\u2019entrer en guerre directement contre la Russie. Elle n\u2019a ni les personnels, ni les armes ni les fonds n\u00e9cessaires.\u00a0<\/p>\n<p>Une guerre maintenant serait catastrophique car elle plongerait le vieux continent dans le d\u00e9sordre le plus indescriptible, ferait s\u2019effondrer ce qui reste d\u2019\u00e9conomie viable tout en n\u2019ayant aucun r\u00e9sultat positif.\u00a0<\/p>\n<p>Ce serait une guerre sans vainqueur, car les Russes \u2013 m\u00eame s\u2019ils n\u2019ont pas non plus les moyens de la gagner conventionnellement \u2013 appelleraient probablement \u00e0 la mobilisation g\u00e9n\u00e9rale, adopteraient une \u00e9conomie de guerre et s\u2019engageraient pleinement.\u00a0<\/p>\n<p>M\u00eame la simple pr\u00e9sence officielle de forces europ\u00e9ennes en Ukraine offrirait \u00e0 Moscou le pr\u00e9texte r\u00eav\u00e9 de lancer une op\u00e9ration pour cr\u00e9er un corridor vers l\u2019enclave de Kaliningrad jug\u00e9e comme strat\u00e9gique par Moscou en s\u2019opposant aux pays baltes \u2013 en particulier \u00e0 la Lituanie \u2013\u00a0\u00a0et \u00e0 la Pologne qui lui barrent la route.<\/p>\n<p><img loading=\"lazy\" data-lazyloaded=\"1\" decoding=\"async\" width=\"1024\" height=\"683\" src=\"https:\/\/www.europesays.com\/fr\/wp-content\/uploads\/2025\/11\/image-1024x683.jpeg\" alt=\"\" class=\"wp-image-16533\"  data-\/><\/p>\n<p>Enfin, la plus grande intox de l\u2019OTAN qui perdure depuis la Guerre froide\u00a0: les armes nucl\u00e9aire de l\u2019OTAN d\u00e9ploy\u00e9es en Europe. La clef est am\u00e9ricaine donc la d\u00e9cision d\u2019emploi se fait \u00e0 Washington. Si les int\u00e9r\u00eats essentiels am\u00e9ricains ne sont pas directement touch\u00e9s et surtout si le territoire am\u00e9ricain est \u00e9pargn\u00e9, les plus grands doutes demeurent quant \u00e0 la d\u00e9cision de la Maison Blanche si la Russie s\u2019en prend \u00e0 l\u2019Europe, m\u00eame avec des armes nucl\u00e9aires tactiques.<\/p>\n<p>En effet, l\u2019engagement des armes nucl\u00e9aires de l\u2019OTAN contre la Russie impliquerait quasi-automatiquement une riposte strat\u00e9gique sur les USA\u00a0\u2026 Le g\u00e9n\u00e9ral de Gaulle l\u2019avait bien compris et c\u2019est pour cela qu\u2019il avait d\u00e9velopp\u00e9 la force de frappe fran\u00e7aise totalement ind\u00e9pendante. Pour les Britanniques, un myst\u00e8re demeure sur qui a vraiment la clef de d\u00e9clenchement du feu nucl\u00e9aire (Londres ou Washington\u00a0?)<\/p>\n<p><strong>\u00c0 lire aussi :<\/strong> <a href=\"https:\/\/lediplomate.media\/decryptage-securite-europe-otan-ue-desormais-partie-probleme\/\" target=\"_blank\" rel=\"noreferrer noopener\">D\u00c9CRYPTAGE \u2013\u00a0S\u00e9curit\u00e9 en Europe : L\u2019OTAN et l\u2019UE font d\u00e9sormais partie du probl\u00e8me<\/a><\/p>\n<p>Mais les diff\u00e9rents secr\u00e9taires g\u00e9n\u00e9raux de l\u2019OTAN continuent \u00e0 entretenir le mythe car cela est surtout destin\u00e9 \u00e0 rassurer les opinions publiques europ\u00e9ennes. Mark Rutte, a ainsi d\u00e9clar\u00e9 que le succ\u00e8s au d\u00e9but du mois d\u2019octobre de l\u2019exercice nucl\u00e9aire annuel de l\u2019Alliance lui donnait \u00ab\u00a0une confiance absolue dans la cr\u00e9dibilit\u00e9 de la dissuasion nucl\u00e9aire de l\u2019OTAN\u00a0\u00bb face aux menaces russes.<\/p>\n<p>\u00ab\u00a0Quand la Russie utilise une rh\u00e9torique nucl\u00e9aire dangereuse et imprudente, nos populations doivent savoir qu\u2019il n\u2019y a pas besoin de paniquer, parce que l\u2019OTAN a un fort moyen de dissuasion nucl\u00e9aire.\u00a0[\u2026] Et (le pr\u00e9sident russe Vladimir) Poutine doit savoir que la guerre nucl\u00e9aire ne peut jamais \u00eatre gagn\u00e9e et ne doit jamais \u00eatre men\u00e9e.\u00a0\u00bb<\/p>\n<p>Poutine a effectivement menac\u00e9 \u00e0 plusieurs reprises l\u2019Occident des cons\u00e9quences nucl\u00e9aires potentielles depuis l\u2019invasion de l\u2019Ukraine par la Russie en 2022.<\/p>\n<p>Il a m\u00eame d\u00e9clar\u00e9 en octobre que la Russie pourrait utiliser des armes nucl\u00e9aires si elle \u00e9tait frapp\u00e9e par des missiles conventionnels, et que Moscou consid\u00e9rerait tout assaut sur elle soutenu par une puissance nucl\u00e9aire comme une attaque conjointe\u2026<\/p>\n<p><strong>\u00c0 lire aussi :<\/strong>  <a href=\"https:\/\/lediplomate.media\/renseignement-france-nouveau-front-oriental-renseignement\/\" target=\"_blank\" rel=\"noreferrer noopener\">RENSEIGNEMENT \u2013 La France et le nouveau front oriental du renseignement<\/a><\/p>\n<p>#OTAN, #Russie, #Ukraine, #GuerreEnUkraine, #ConflitRussoEurop\u00e9en, #G\u00e9opolitique, #UnionEurop\u00e9enne, #MarkRutte, #VladimirPoutine, #EuropeEnCrise, #\u00c9conomieEurop\u00e9enne, #ProductionMilitaire, #Armement, #DissuasionNucl\u00e9aire, #TensionsEstOuest, #GuerreFroide, #Strat\u00e9gieMilitaire, #PolitiqueInternationale, #OTANvsRussie, #PuissanceEurop\u00e9enne, #GazRusse, #Crise\u00c9nerg\u00e9tique, #\u00c9tatsUnis, #ForceDeFrappe, #Dissuasion, #ArmesNucl\u00e9aires, #Diplomatie, #S\u00e9curit\u00e9Europ\u00e9enne, #\u00c9conomieDeGuerre, #UkraineWar, #NATO, #Russia, #EuropeanCrisis, #Geopolitics, #EnergyCrisis, #NuclearWeapons, #MilitaryStrategy, #WesternAlliance, #ColdWar, #DefensePolicy,<\/p>\n","protected":false},"excerpt":{"rendered":"Capture d\u2019\u00e9cran Par Alain Rodier Le secr\u00e9taire g\u00e9n\u00e9ral de l\u2019Otan, Mark Rutte, a affirm\u00e9 au d\u00e9but novembre que&hellip;\n","protected":false},"author":2,"featured_media":521211,"comment_status":"","ping_status":"","sticky":false,"template":"","format":"standard","meta":{"footnotes":""},"categories":[1591],"tags":[11,1020,674,1887,12,136,1885,1886,132,38930,308],"class_list":{"0":"post-521210","1":"post","2":"type-post","3":"status-publish","4":"format-standard","5":"has-post-thumbnail","7":"category-russie","8":"tag-actualites","9":"tag-analyse","10":"tag-europe","11":"tag-federation-de-russie","12":"tag-news","13":"tag-otan","14":"tag-russia","15":"tag-russian-federation","16":"tag-russie","17":"tag-russie-ukraine","18":"tag-usa"},"share_on_mastodon":{"url":"https:\/\/pubeurope.com\/@fr\/115515813177245647","error":""},"_links":{"self":[{"href":"https:\/\/www.europesays.com\/fr\/wp-json\/wp\/v2\/posts\/521210","targetHints":{"allow":["GET"]}}],"collection":[{"href":"https:\/\/www.europesays.com\/fr\/wp-json\/wp\/v2\/posts"}],"about":[{"href":"https:\/\/www.europesays.com\/fr\/wp-json\/wp\/v2\/types\/post"}],"author":[{"embeddable":true,"href":"https:\/\/www.europesays.com\/fr\/wp-json\/wp\/v2\/users\/2"}],"replies":[{"embeddable":true,"href":"https:\/\/www.europesays.com\/fr\/wp-json\/wp\/v2\/comments?post=521210"}],"version-history":[{"count":0,"href":"https:\/\/www.europesays.com\/fr\/wp-json\/wp\/v2\/posts\/521210\/revisions"}],"wp:featuredmedia":[{"embeddable":true,"href":"https:\/\/www.europesays.com\/fr\/wp-json\/wp\/v2\/media\/521211"}],"wp:attachment":[{"href":"https:\/\/www.europesays.com\/fr\/wp-json\/wp\/v2\/media?parent=521210"}],"wp:term":[{"taxonomy":"category","embeddable":true,"href":"https:\/\/www.europesays.com\/fr\/wp-json\/wp\/v2\/categories?post=521210"},{"taxonomy":"post_tag","embeddable":true,"href":"https:\/\/www.europesays.com\/fr\/wp-json\/wp\/v2\/tags?post=521210"}],"curies":[{"name":"wp","href":"https:\/\/api.w.org\/{rel}","templated":true}]}}