{"id":521216,"date":"2025-11-08T19:51:13","date_gmt":"2025-11-08T19:51:13","guid":{"rendered":"https:\/\/www.europesays.com\/fr\/521216\/"},"modified":"2025-11-08T19:51:13","modified_gmt":"2025-11-08T19:51:13","slug":"twisted-sister-annonce-ses-plans-pour-sa-premiere-emission-au-royaume-uni-depuis-une-decennie-en-2026","status":"publish","type":"post","link":"https:\/\/www.europesays.com\/fr\/521216\/","title":{"rendered":"Twisted Sister annonce ses plans pour sa premi\u00e8re \u00e9mission au Royaume-Uni depuis une d\u00e9cennie en 2026"},"content":{"rendered":"<p>Twisted Sister a programm\u00e9 son premier show au Royaume-Uni en une d\u00e9cennie en 2026.<\/p>\n<p>Les v\u00e9t\u00e9rans du m\u00e9tal ont pris leur retraite des tourn\u00e9es en 2016, mais ont r\u00e9cemment annonc\u00e9 qu&rsquo;ils reviendraient pour une tourn\u00e9e mondiale du 50e anniversaire l&rsquo;ann\u00e9e prochaine.<\/p>\n<p>Maintenant, ils ont confirm\u00e9 qu&rsquo;ils seront en t\u00eate d&rsquo;affiche du Steelhouse Festival le week-end du 24 au 26 juillet 2026 \u00e0 la ferme Hafod-y-Dafal, Aberbeeg, Ebbw Vale.<\/p>\n<p>Les autres actes \u00e0 l&rsquo;affiche incluent Reef, The Temperance Movement, Alien Ant Farm, Tyketto et les Von Hertzen Brothers. Vous pouvez acheter des billets ici.<\/p>\n<p>\u00ab\u00a0Nous pensions que 15 ans m\u00e9ritaient d&rsquo;\u00eatre c\u00e9l\u00e9br\u00e9s de la plus grande mani\u00e8re possible\u00a0\u00bb, ont d\u00e9clar\u00e9 les promoteurs de Steelhouse, Max et Mikey (via Plus fort). \u00ab\u00a0Et quelle meilleure fa\u00e7on de faire cela avec l&rsquo;un des noms les plus embl\u00e9matiques du m\u00e9tal \u2013 Twisted putain de Sister ! Les voir venir c\u00e9l\u00e9brer leurs 50 ans avec nous est un honneur absolu et incroyable.\u00a0\u00bb<\/p>\n<blockquote class=\"instagram-media\" data-instgrm-captioned=\"\" data-instgrm-permalink=\"https:\/\/www.instagram.com\/p\/DQwXUIriFjn\/?utm_source=ig_embed&amp;utm_campaign=loading\" data-instgrm-version=\"14\" style=\" background:#FFF; border:0; border-radius:3px; box-shadow:0 0 1px 0 rgba(0,0,0,0.5),0 1px 10px 0 rgba(0,0,0,0.15); margin: 1px; max-width:658px; min-width:326px; padding:0; width:99.375%; width:-webkit-calc(100% - 2px); width:calc(100% - 2px);\"><\/blockquote>\n<p>Ils ont ajout\u00e9 : \u00ab Lorsque Dee Snider est venu et a d\u00e9vast\u00e9 Steelhouse il y a dix ans \u2013 et plus que toute autre t\u00eate d\u2019affiche, a fondamentalement obtenu ce que nous essayions de faire en tant que festival de rock ind\u00e9pendant \u2013 nous esp\u00e9rions qu\u2019il reviendrait peut-\u00eatre un jour avec le groupe avec lequel il s\u2019est fait un nom\u2026 Dans notre 15e ann\u00e9e et leur 50e, cela est en train de se r\u00e9aliser\u2026 Twisted Sister on The Mountain va \u00eatre \u00e9norme !<\/p>\n<p>Ce concert sera le premier du groupe au Royaume-Uni depuis leur prestation \u00e0 Bloodstock en 2016.<\/p>\n<p>Annon\u00e7ant leur tourn\u00e9e du 50e anniversaire plus t\u00f4t cette ann\u00e9e, le leader Dee Snider a d\u00e9clar\u00e9 dans un communiqu\u00e9 : \u00ab\u00a0Si vous avez la chance de faire partie d&rsquo;un groupe que les gens veulent encore voir apr\u00e8s cinquante ans (!), comment ne pas r\u00e9pondre \u00e0 l&rsquo;appel ? En 2026, Twisted Fucking Sister se produira sur les sc\u00e8nes du monde entier parce que NOUS WANNA TOUJOURS ROCK !! \u00ab\u00a0<\/p>\n<p>Ils avaient pr\u00e9c\u00e9demment confirm\u00e9 que le bassiste de longue date Mark Mendoza ne les rejoindrait pas pour les prochains concerts. A sa place sera Russell Pz\u00fctto, qui a d\u00e9j\u00e0 jou\u00e9 avec le groupe.<\/p>\n<p>Outre Snider et Pz\u00fctto, le reste de Twisted Sister sera compl\u00e9t\u00e9 par le guitariste fondateur et membre le plus ancien Jay Jay French, le guitariste principal de longue date Eddie Ojeda et le batteur Joe Franco.<\/p>\n<p>Franco a jou\u00e9 avec le groupe dans le pass\u00e9 et remplacera le regrett\u00e9 batteur AJ Pero, d\u00e9c\u00e9d\u00e9 vers la fin de leur course d&rsquo;adieu en 2016. Franco a jou\u00e9 bri\u00e8vement avec le groupe au milieu des ann\u00e9es 80 et a figur\u00e9 sur leur album de 1987 \u00ab Love Is For Suckers \u00bb.<\/p>\n<p>Depuis qu&rsquo;ils ont pris leur retraite des tourn\u00e9es, Twisted Sister sont rest\u00e9s largement inactifs, ne se r\u00e9unissant qu&rsquo;une seule fois pour se produire pour leur intronisation au Rock and Roll Hall Of Fame en 2023 \u2013 pour cette performance, le batteur de Dream Theater, Mike Portnoy, a remplac\u00e9 feu Pero.<\/p>\n<p><script async src=\"\/\/www.instagram.com\/embed.js\"><\/script><\/p>\n","protected":false},"excerpt":{"rendered":"Twisted Sister a programm\u00e9 son premier show au Royaume-Uni en une d\u00e9cennie en 2026. Les v\u00e9t\u00e9rans du m\u00e9tal&hellip;\n","protected":false},"author":2,"featured_media":6228,"comment_status":"","ping_status":"","sticky":false,"template":"","format":"standard","meta":{"footnotes":""},"categories":[1588],"tags":[11,2562,4439,394,2889,1777,674,12,27258,471,3051,473,1853,1873,2407,64202,64203,1851,96,1850,1852],"class_list":{"0":"post-521216","1":"post","2":"type-post","3":"status-publish","4":"format-standard","5":"has-post-thumbnail","7":"category-royaume-uni","8":"tag-actualites","9":"tag-annonce","10":"tag-decennie","11":"tag-depuis","12":"tag-emission","13":"tag-eu","14":"tag-europe","15":"tag-news","16":"tag-plans","17":"tag-pour","18":"tag-premiere","19":"tag-royaume-uni","20":"tag-royaume-uni-de-grande-bretagne-et-dirlande-du-nord","21":"tag-royaumeuni","22":"tag-ses","23":"tag-sister","24":"tag-twisted","25":"tag-uk","26":"tag-une","27":"tag-united-kingdom","28":"tag-united-kingdom-of-great-britain-and-northern-ireland"},"share_on_mastodon":{"url":"https:\/\/pubeurope.com\/@fr\/115515823638752738","error":""},"_links":{"self":[{"href":"https:\/\/www.europesays.com\/fr\/wp-json\/wp\/v2\/posts\/521216","targetHints":{"allow":["GET"]}}],"collection":[{"href":"https:\/\/www.europesays.com\/fr\/wp-json\/wp\/v2\/posts"}],"about":[{"href":"https:\/\/www.europesays.com\/fr\/wp-json\/wp\/v2\/types\/post"}],"author":[{"embeddable":true,"href":"https:\/\/www.europesays.com\/fr\/wp-json\/wp\/v2\/users\/2"}],"replies":[{"embeddable":true,"href":"https:\/\/www.europesays.com\/fr\/wp-json\/wp\/v2\/comments?post=521216"}],"version-history":[{"count":0,"href":"https:\/\/www.europesays.com\/fr\/wp-json\/wp\/v2\/posts\/521216\/revisions"}],"wp:featuredmedia":[{"embeddable":true,"href":"https:\/\/www.europesays.com\/fr\/wp-json\/wp\/v2\/media\/6228"}],"wp:attachment":[{"href":"https:\/\/www.europesays.com\/fr\/wp-json\/wp\/v2\/media?parent=521216"}],"wp:term":[{"taxonomy":"category","embeddable":true,"href":"https:\/\/www.europesays.com\/fr\/wp-json\/wp\/v2\/categories?post=521216"},{"taxonomy":"post_tag","embeddable":true,"href":"https:\/\/www.europesays.com\/fr\/wp-json\/wp\/v2\/tags?post=521216"}],"curies":[{"name":"wp","href":"https:\/\/api.w.org\/{rel}","templated":true}]}}