{"id":521217,"date":"2025-11-08T19:52:24","date_gmt":"2025-11-08T19:52:24","guid":{"rendered":"https:\/\/www.europesays.com\/fr\/521217\/"},"modified":"2025-11-08T19:52:24","modified_gmt":"2025-11-08T19:52:24","slug":"edf-u18-masc-les-bleuets-renversent-lallemagne","status":"publish","type":"post","link":"https:\/\/www.europesays.com\/fr\/521217\/","title":{"rendered":"EDF U18 Masc. Les Bleuets renversent l&rsquo;Allemagne"},"content":{"rendered":"<p>\u00a0<\/p>\n<p class=\"chapeau\">Men\u00e9s 2-0 dans le premier tiers, les Bleuets renversent les Allemands en s\u2019imposant 4-3 apr\u00e8s prolongation, et terminent bien leur Tournoi des 4 Nations, \u00e0 Vaujany. Apr\u00e8s des d\u00e9buts compliqu\u00e9s, la suite est bien plus r\u00e9jouissante dans ce d\u00e9but de second tiers, avec une premi\u00e8re r\u00e9alisation d\u2019Andrea Meunier, en powerplay, sur le petit c\u00f4t\u00e9 du gardien allemand. \u00c0 la 25\u00e8me minute, il inscrit son 4\u00e8me but de la comp\u00e9tition en r\u00e9alisant un festival dans la d\u00e9fense, apr\u00e8s avoir lui-m\u00eame r\u00e9cup\u00e9r\u00e9 le puck. Si les Allemands reprennent l\u2019avantage en toute fin de tiers m\u00e9dian, les Bleuets \u00e9galisent \u00e0 nouveau par Arthur Daubeuf, \u00e0 un peu plus de 10 minutes du terme, au rebond du shoot de Gabriel Yardy. Les Fran\u00e7ais s\u2019imposent 4-3 dans la prolongation, apr\u00e8s que Matt\u00e9o Cladart-Ak\u00e9 se soit arrach\u00e9 pour faire trembler les filets.<\/p>\n<p style=\"text-align: right;\"><strong>Cr\u00e9dit photo : FFHG<\/strong><\/p>\n<p>Programme et r\u00e9sultats du Tournoi des 4 Nations \u00e0 Vaujany<\/p>\n<ul>\n<li><strong>Jeudi 6 novembre<\/strong>\u00a0:\u00a0Allemagne <a href=\"https:\/\/www.hockeyfrance.com\/competitions\/rencontre\/74235\/\" target=\"_blank\" rel=\"noopener\"><strong>0\u20136<\/strong><\/a> Suisse (0-0 ; 0-4 ; 0-2)<\/li>\n<li><strong>Jeudi 6 novembre :<\/strong>\u00a0Slovaquie <strong><a href=\"https:\/\/www.hockeyfrance.com\/competitions\/rencontre\/74236\/\" target=\"_blank\" rel=\"noopener\">6\u20132<\/a><\/strong>\u00a0<strong>France<\/strong> (4-1 ; 1-0 ; 1-1)\n<ul>\n<li>Buts : A.Meunier ; G.Gaillard<\/li>\n<\/ul>\n<\/li>\n<li><strong>Vendredi 7 novembre :\u00a0<\/strong>Slovaquie <strong><a href=\"https:\/\/www.hockeyfrance.com\/competitions\/rencontre\/74237\/\" target=\"_blank\" rel=\"noopener\">6-7 t.a.b<\/a> Allemagne<\/strong> (1-2 ; 4-2 ; 1-2 ; 0-0 ; 0-1)<\/li>\n<li><strong>Vendredi 7 novembre :<\/strong>\u00a0<strong>France\u00a0<\/strong><a href=\"https:\/\/www.hockeyfrance.com\/competitions\/rencontre\/74238\/\" target=\"_blank\" rel=\"noopener\"><strong>1\u20135<\/strong><\/a> Suisse<strong>\u00a0<\/strong> (0-1 ; 0-1 ; 1-3)\n<\/li>\n<li><strong>Samedi 8 novembre :\u00a0<\/strong>Suisse <strong><a href=\"https:\/\/www.hockeyfrance.com\/competitions\/rencontre\/74239\/\" target=\"_blank\" rel=\"noopener\">3\u20134<\/a> Slovaquie<\/strong> (2-0 ; 0-2 ; 1-2)<\/li>\n<li><strong>Samedi 8 novembre :\u00a0France\u00a0<\/strong><a href=\"https:\/\/www.hockeyfrance.com\/competitions\/rencontre\/74240\/\" target=\"_blank\" rel=\"noopener\"><strong>4\u20133prl<\/strong><\/a> Allemagne (0-2 ; 2-1 )\n<ul>\n<li>Buts : A. Meunier x2, A.Daubeuf, M.Cladart-Ak\u00e9<\/li>\n<\/ul>\n<\/li>\n<\/ul>\n<p>\u00a0<\/p>\n","protected":false},"excerpt":{"rendered":"\u00a0 Men\u00e9s 2-0 dans le premier tiers, les Bleuets renversent les Allemands en s\u2019imposant 4-3 apr\u00e8s prolongation, et&hellip;\n","protected":false},"author":2,"featured_media":521218,"comment_status":"","ping_status":"","sticky":false,"template":"","format":"standard","meta":{"footnotes":""},"categories":[1587],"tags":[11,672,1804,1805,1803,1777,674,1801,12,1802],"class_list":{"0":"post-521217","1":"post","2":"type-post","3":"status-publish","4":"format-standard","5":"has-post-thumbnail","7":"category-allemagne","8":"tag-actualites","9":"tag-allemagne","10":"tag-bundesrepublik-deutschland","11":"tag-de","12":"tag-deutschland","13":"tag-eu","14":"tag-europe","15":"tag-germany","16":"tag-news","17":"tag-republique-federale-dallemagne"},"share_on_mastodon":{"url":"https:\/\/pubeurope.com\/@fr\/115515827413858659","error":""},"_links":{"self":[{"href":"https:\/\/www.europesays.com\/fr\/wp-json\/wp\/v2\/posts\/521217","targetHints":{"allow":["GET"]}}],"collection":[{"href":"https:\/\/www.europesays.com\/fr\/wp-json\/wp\/v2\/posts"}],"about":[{"href":"https:\/\/www.europesays.com\/fr\/wp-json\/wp\/v2\/types\/post"}],"author":[{"embeddable":true,"href":"https:\/\/www.europesays.com\/fr\/wp-json\/wp\/v2\/users\/2"}],"replies":[{"embeddable":true,"href":"https:\/\/www.europesays.com\/fr\/wp-json\/wp\/v2\/comments?post=521217"}],"version-history":[{"count":0,"href":"https:\/\/www.europesays.com\/fr\/wp-json\/wp\/v2\/posts\/521217\/revisions"}],"wp:featuredmedia":[{"embeddable":true,"href":"https:\/\/www.europesays.com\/fr\/wp-json\/wp\/v2\/media\/521218"}],"wp:attachment":[{"href":"https:\/\/www.europesays.com\/fr\/wp-json\/wp\/v2\/media?parent=521217"}],"wp:term":[{"taxonomy":"category","embeddable":true,"href":"https:\/\/www.europesays.com\/fr\/wp-json\/wp\/v2\/categories?post=521217"},{"taxonomy":"post_tag","embeddable":true,"href":"https:\/\/www.europesays.com\/fr\/wp-json\/wp\/v2\/tags?post=521217"}],"curies":[{"name":"wp","href":"https:\/\/api.w.org\/{rel}","templated":true}]}}