{"id":521229,"date":"2025-11-08T19:58:11","date_gmt":"2025-11-08T19:58:11","guid":{"rendered":"https:\/\/www.europesays.com\/fr\/521229\/"},"modified":"2025-11-08T19:58:11","modified_gmt":"2025-11-08T19:58:11","slug":"le-29-dhatton-couvra-place-rai-en-tete-moving-day-anime-sur-labu-dhabi-championship-lequipe","status":"publish","type":"post","link":"https:\/\/www.europesays.com\/fr\/521229\/","title":{"rendered":"Le 29 d&#039;Hatton, Couvra plac\u00e9, Rai en t\u00eate, moving day anim\u00e9 sur l&#039;Abu Dhabi Championship &#8211; L&#039;\u00c9quipe"},"content":{"rendered":"<ol>\n<li><a href=\"https:\/\/news.google.com\/rss\/articles\/CBMizAFBVV95cUxPbUllVE83aG95S1lDNXFlbVo2STJjZk14X2oybWNIMHR1cFJ2VjRWUGtDWThXY2lnTGJUUDRwYVJFME9SWW5iQVZDVWYtejdBWTJ4TWxCODJVanNVeVVSVkVYVVdvUkY2TDlZczhLTEQxaEdUamRsZzVKZ2FidGpEQlJRc2NNU2dXTWNvaXJ0QzNmazJUZGJrOTZfejJFakVNTnVneFBjWXp5elFWdEpNZmxvRzVENll6M0x0bm9zV1VvdkFzYnN4azF6dUI?oc=5\" target=\"_blank\" rel=\"nofollow noopener\">Le 29 d&rsquo;Hatton, Couvra plac\u00e9, Rai en t\u00eate, moving day anim\u00e9 sur l&rsquo;Abu Dhabi Championship<\/a>&nbsp;&nbsp;L&rsquo;\u00c9quipe<\/li>\n<li><a href=\"https:\/\/news.google.com\/rss\/articles\/CBMiqAFBVV95cUxOZmRnTllpWWVrd0RmTVdIU3NXSDdISHBNSDYzbzdUS1BrRlFuNm1DVXRwUjNTTzBHeTdOSzBPdjdmVXlSZzVQRDVSamMwam9ncGZqTHpkcmlrd2ZjNmprUXQ2Ty1UTUlBeGRoRTdCanRJN2MtT2ozaTI2ek5KYjhzMlhMd05TLW9vVGliSnlueFVyMkloRU1QclBheW1DZFV4eGM1cUdpRjM?oc=5\" target=\"_blank\" rel=\"nofollow noopener\">Fleetwood co-leader avec Rai \u00e0 Abu Dhabi, Couvra se relance<\/a>&nbsp;&nbsp;L&rsquo;\u00c9quipe<\/li>\n<li><a href=\"https:\/\/news.google.com\/rss\/articles\/CBMiswFBVV95cUxQT3ZvNDRpNlpRSU5JTnRvM0VSVmRxa1k3Z3NIS2piQU9yNmRPNS03OVpRM2VOVXgxenVPNEFTLVVIVzRiVUdYTW1LS053QllDekpPTDlMNDY0OFhtY1RMZE9NVXN0VEE5bm83QXc2eWFqa2pTLVBDa1phdlFrQnhGbjhKaFpFQmc4Sko0VzRKUUx1bFVFbVhJYUdfYnQ2LU5Rd3RTOUxMd3ROc0lWOXVKWXZ2OA?oc=5\" target=\"_blank\" rel=\"nofollow noopener\">Abu Dhabi HSBC Championship : Encore un effort pour Couvra<\/a>&nbsp;&nbsp;F\u00e9d\u00e9ration fran\u00e7aise de golf (ffgolf)<\/li>\n<li><a href=\"https:\/\/news.google.com\/rss\/articles\/CBMijwJBVV95cUxNcUNPRTVaMV9GTFFCS0hCcUhveHBPSHljVDdIMG54LXZTVVFnbGhDUXQ0T1haSkRvZFZfYmh2Z25neDUtSzVWVExrbVZSMlVtRUdJQUpndVRLNGh5bGNnNjNKdjZsNXV1R1JtQlhjdnk3dXVYUHItWGV3U1FRTzBmUFVKLXBXYndiLWxueGtvcTNkaWYzUTBCWS1rSnpESUJGenEzVnd2SGRtUlJ6dW8xek1JZl9ISVMwOWNqbTVHRmJMdi0ycEprWTkzMnpQcUpuS1d0SE5ObFdjRWxBSDk2RUxISXJXbDVodWNYSUFJV1VtMjdJeW9wTXcxT2p0Sm0wQnBRUm11NU9WS2E0VTZr?oc=5\" target=\"_blank\" rel=\"nofollow noopener\">Golf. \u00bd Finale DPW Tour &#8211; Abu Dhabi Championship: Aaron Rai domine devant Fleetwood et Hojgaard<\/a>&nbsp;&nbsp;Ouest-France<\/li>\n<li><a href=\"https:\/\/news.google.com\/rss\/articles\/CBMikgFBVV95cUxNSGw5TTgwd1lKbGlDNUIwQ0N2OVMtRnNqbTZ3bVduTUhDalZkdkRnaWdoTGhVcXR1VnJFTVdmT09qODkzUE52LWw4VklUZDNTQndsMU1FTlRPc250dGd1QmdIdXBPSXM0VEc1ZXZhcGNqSWVxTGREVG5vcFh2VTZUVnlFRFpYbjdvRENQMDhCeG5jQQ?oc=5\" target=\"_blank\" rel=\"nofollow noopener\">Tommy Fleetwood confirme, Adrien Saddier d\u00e9croche<\/a>&nbsp;&nbsp;Golf Plan\u00e8te<\/li>\n<\/ol>\n","protected":false},"excerpt":{"rendered":"Le 29 d&rsquo;Hatton, Couvra plac\u00e9, Rai en t\u00eate, moving day anim\u00e9 sur l&rsquo;Abu Dhabi Championship&nbsp;&nbsp;L&rsquo;\u00c9quipe Fleetwood co-leader avec&hellip;\n","protected":false},"author":2,"featured_media":521230,"comment_status":"","ping_status":"","sticky":false,"template":"","format":"standard","meta":{"footnotes":""},"categories":[1418],"tags":[1011,27,1472,60],"class_list":{"0":"post-521229","1":"post","2":"type-post","3":"status-publish","4":"format-standard","5":"has-post-thumbnail","7":"category-golf","8":"tag-fr","9":"tag-france","10":"tag-golf","11":"tag-sports"},"share_on_mastodon":{"url":"https:\/\/pubeurope.com\/@fr\/115515850923704206","error":""},"_links":{"self":[{"href":"https:\/\/www.europesays.com\/fr\/wp-json\/wp\/v2\/posts\/521229","targetHints":{"allow":["GET"]}}],"collection":[{"href":"https:\/\/www.europesays.com\/fr\/wp-json\/wp\/v2\/posts"}],"about":[{"href":"https:\/\/www.europesays.com\/fr\/wp-json\/wp\/v2\/types\/post"}],"author":[{"embeddable":true,"href":"https:\/\/www.europesays.com\/fr\/wp-json\/wp\/v2\/users\/2"}],"replies":[{"embeddable":true,"href":"https:\/\/www.europesays.com\/fr\/wp-json\/wp\/v2\/comments?post=521229"}],"version-history":[{"count":0,"href":"https:\/\/www.europesays.com\/fr\/wp-json\/wp\/v2\/posts\/521229\/revisions"}],"wp:featuredmedia":[{"embeddable":true,"href":"https:\/\/www.europesays.com\/fr\/wp-json\/wp\/v2\/media\/521230"}],"wp:attachment":[{"href":"https:\/\/www.europesays.com\/fr\/wp-json\/wp\/v2\/media?parent=521229"}],"wp:term":[{"taxonomy":"category","embeddable":true,"href":"https:\/\/www.europesays.com\/fr\/wp-json\/wp\/v2\/categories?post=521229"},{"taxonomy":"post_tag","embeddable":true,"href":"https:\/\/www.europesays.com\/fr\/wp-json\/wp\/v2\/tags?post=521229"}],"curies":[{"name":"wp","href":"https:\/\/api.w.org\/{rel}","templated":true}]}}