{"id":521231,"date":"2025-11-08T20:00:12","date_gmt":"2025-11-08T20:00:12","guid":{"rendered":"https:\/\/www.europesays.com\/fr\/521231\/"},"modified":"2025-11-08T20:00:12","modified_gmt":"2025-11-08T20:00:12","slug":"exclu-midol-transferts-top-14-maxime-petitjean-prolonge-a-toulon","status":"publish","type":"post","link":"https:\/\/www.europesays.com\/fr\/521231\/","title":{"rendered":"Exclu Midol. Transferts &#8211; Top 14\u00a0: Maxime Petitjean prolonge \u00e0 Toulon"},"content":{"rendered":"<p>\n                Arriv\u00e9 en 2021, le responsable de la strat\u00e9gie du jeu au pied a d\u00e9cid\u00e9 de poursuivre son aventure dans le Var en qualit\u00e9 d\u2019adjoint de Pierre Mignoni.\n            <\/p>\n<p>Ces derni\u00e8res semaines, Toulon s\u2019affaire sur le march\u00e9 en qu\u00eate de bonnes opportunit\u00e9s sur le terrain ou en dehors.\u00a0N\u00e9anmoins, depuis son retour chez lui, Pierre Mignoni a toujours r\u00e9p\u00e9t\u00e9 une m\u00eame envie lorsqu\u2019il est questionn\u00e9 sur de possibles arriv\u00e9es\u00a0: \u00ab\u00a0Le meilleur recrutement est de conserver les hommes forts.\u00a0\u00bb<\/p>\n<p>En fin de contrat, Maxime Petitjean en est le plus bel exemple. Selon nos informations, le responsable de la strat\u00e9gie du jeu au pied a prolong\u00e9 pour deux saisons suppl\u00e9mentaires. La volont\u00e9 \u00e9tait commune entre toutes les parties prenantes au dossier.<\/p>\n<p>Il est l\u2019adjoint le plus proche de Mignoni au bord du terrain<\/p>\n<p>Arriv\u00e9 en 2021 sous le commandement de Patrice Collazo, Maxime Petitjean a su depuis\u00a0montrer ses qualit\u00e9s \u00e0 Franck Az\u00e9ma et Pierre Mignoni. Ces derniers ont toujours lou\u00e9 son travail. L\u2019ancien arri\u00e8re d\u2019Aurillac est en charge de la strat\u00e9gie du jeu au pied. Dans ses pr\u00e9rogatives, il s\u2019occupe ainsi d\u2019un champ assez large allant de l\u2019analyse de l\u2019occupation adverse en phase d\u00e9fensive, des zones d\u00e9sert\u00e9es en phase offensive. Il organise aussi l\u2019entra\u00eenement des buteurs.<\/p>\n<p>En comp\u00e9tition, Maxime Petitjean vit les matchs aux c\u00f4t\u00e9s de Pierre Mignoni en zone technique. En constante\u00a0communication avec une oreillette, il sert de relais avec Andrea Masi (entra\u00eeneur des trois-quarts), Sergio Parisse et \u00c9ric Dasalmartini (entra\u00eeneurs des avants). Les trois derniers nomm\u00e9s\u00a0analysent les rencontres depuis le haut des tribunes.<\/p>\n","protected":false},"excerpt":{"rendered":"Arriv\u00e9 en 2021, le responsable de la strat\u00e9gie du jeu au pied a d\u00e9cid\u00e9 de poursuivre son aventure&hellip;\n","protected":false},"author":2,"featured_media":521232,"comment_status":"","ping_status":"","sticky":false,"template":"","format":"standard","meta":{"footnotes":""},"categories":[1416],"tags":[1011,27,479,1468,60],"class_list":{"0":"post-521231","1":"post","2":"type-post","3":"status-publish","4":"format-standard","5":"has-post-thumbnail","7":"category-rugby","8":"tag-fr","9":"tag-france","10":"tag-rugby","11":"tag-rugby-football","12":"tag-sports"},"share_on_mastodon":{"url":"https:\/\/pubeurope.com\/@fr\/115515858914056970","error":""},"_links":{"self":[{"href":"https:\/\/www.europesays.com\/fr\/wp-json\/wp\/v2\/posts\/521231","targetHints":{"allow":["GET"]}}],"collection":[{"href":"https:\/\/www.europesays.com\/fr\/wp-json\/wp\/v2\/posts"}],"about":[{"href":"https:\/\/www.europesays.com\/fr\/wp-json\/wp\/v2\/types\/post"}],"author":[{"embeddable":true,"href":"https:\/\/www.europesays.com\/fr\/wp-json\/wp\/v2\/users\/2"}],"replies":[{"embeddable":true,"href":"https:\/\/www.europesays.com\/fr\/wp-json\/wp\/v2\/comments?post=521231"}],"version-history":[{"count":0,"href":"https:\/\/www.europesays.com\/fr\/wp-json\/wp\/v2\/posts\/521231\/revisions"}],"wp:featuredmedia":[{"embeddable":true,"href":"https:\/\/www.europesays.com\/fr\/wp-json\/wp\/v2\/media\/521232"}],"wp:attachment":[{"href":"https:\/\/www.europesays.com\/fr\/wp-json\/wp\/v2\/media?parent=521231"}],"wp:term":[{"taxonomy":"category","embeddable":true,"href":"https:\/\/www.europesays.com\/fr\/wp-json\/wp\/v2\/categories?post=521231"},{"taxonomy":"post_tag","embeddable":true,"href":"https:\/\/www.europesays.com\/fr\/wp-json\/wp\/v2\/tags?post=521231"}],"curies":[{"name":"wp","href":"https:\/\/api.w.org\/{rel}","templated":true}]}}