{"id":521233,"date":"2025-11-08T20:01:12","date_gmt":"2025-11-08T20:01:12","guid":{"rendered":"https:\/\/www.europesays.com\/fr\/521233\/"},"modified":"2025-11-08T20:01:12","modified_gmt":"2025-11-08T20:01:12","slug":"atp-athenes-djokovic-sacre-aux-depens-de-musetti-sports","status":"publish","type":"post","link":"https:\/\/www.europesays.com\/fr\/521233\/","title":{"rendered":"ATP &#8211; Ath\u00e8nes : Djokovic sacr\u00e9 aux d\u00e9pens de Musetti : Sports"},"content":{"rendered":"<p class=\"date\">\n                                                            Mathieu Warnier, Media365, publi\u00e9 le samedi 08 novembre 2025 \u00e0 19h40\n                                                    <\/p>\n<p>Men\u00e9 une manche \u00e0 rien par Lorenzo Musetti, Novak Djokovic a su inverser la tendance pour s&rsquo;adjuger le tournoi ATP d&rsquo;Ath\u00e8nes et prive par la m\u00eame occasion l&rsquo;Italien d&rsquo;une participation aux ATP Finals.<\/p>\n<p>Novak Djokovic \u00e9tait bien comme chez lui \u00e0 Ath\u00e8nes. Install\u00e9 en Gr\u00e8ce depuis quelques mois, le num\u00e9ro 5 mondial a fait honneur au pays en remportant ce dimanche le tournoi ATP organis\u00e9 dans la capitale grecque aux d\u00e9pens de Lorenzo Musetti. Une d\u00e9faite lourde de sens pour l&rsquo;Italien pour la fin de la saison. Pourtant, le num\u00e9ro 9 mondial a d\u00e9marr\u00e9 tambour battant. En effet, il n&rsquo;a attendu que le troisi\u00e8me jeu pour aller prendre le service du Serbe \u00e0 sa troisi\u00e8me balle de break. Un ascendant que le Transalpin aurait pu faire grandir s&rsquo;il s&rsquo;\u00e9tait montr\u00e9 bien plus tranchant sur le passage au service suivant de Novak Djokovic. D\u00e8s lors, les \u00e9changes se sont \u00e9quilibr\u00e9s et c&rsquo;est sans forcer son talent que Lorenzo Musetti a conclu la premi\u00e8re manche \u00e0 sa deuxi\u00e8me balle de set. L&rsquo;entame de la deuxi\u00e8me manche a vu les deux joueurs se rendre coup pour coup et m\u00eame faire le spectacle.<\/p>\n<p>Musetti n&rsquo;a pas su confirmer<\/p>\n<p>En effet, Novak Djokovic a conclu un magnifique \u00e9change dans le cinqui\u00e8me jeu sur un grand \u00e9cart qui a fait sensation dans le public ath\u00e9nien. Tout indiquait que les deux joueurs allaient se d\u00e9partager dans un tiebreak \u00e0 l&rsquo;issue de cette manche mais le num\u00e9ro 5 mondial avait une autre id\u00e9e derri\u00e8re la t\u00eate. Sur la premi\u00e8re balle de break du set, le Serbe a pris le service de l&rsquo;Italien avant de r\u00e9sister pour relancer le suspense. En effet, il a d\u00fb sauver une balle de d\u00e9break avant de sceller le sort de la manche. Sur sa lanc\u00e9e, Novak Djokovic a bien d\u00e9marr\u00e9 l&rsquo;ultime manche de cette finale. Il n&rsquo;a eu besoin que de deux opportunit\u00e9s pour prendre le service de Lorenzo Musetti et mener trois jeux \u00e0 un. Jouant sa place aux ATP Finals d\u00e9marrant ce dimanche \u00e0 Turin, le natif de Carrare n&rsquo;avait pas dit son dernier mot. Il a ainsi forc\u00e9 l&rsquo;allure pour aller effacer ce break de retard, \u00e9galisant ainsi \u00e0 trois jeux partout au terme d&rsquo;\u00e9changes tr\u00e8s accroch\u00e9s.<\/p>\n<p>Djokovic vainqueur \u00e0 l&rsquo;arrach\u00e9<\/p>\n<p>Sauf que Novak Djokovic n&rsquo;\u00e9tait pas d\u00e9cid\u00e9 \u00e0 se rel\u00e2cher. A r\u00e9action, le natif de Belgrade est all\u00e9 prendre \u00e0 nouveau le service de son adversaire pour faire de nouveau la course en t\u00eate. Ce qui lui a permis de servir pour le gain du match. L\u00e2chant ses coups, Lorenzo Musetti a su r\u00e9pondre au Serbe pour revenir \u00e0 cinq jeux partout. Un effort que le Transalpin a tout de suite pay\u00e9. Au terme d&rsquo;un jeu accroch\u00e9 et \u00e0 la quatri\u00e8me occasion, Novak Djokovic a une nouvelle fois break\u00e9 son adversaire. Il a alors pu conclure sur un jeu blanc (4-6, 6-3, 7-5 en 3h00&prime;) pour ajouter un 101eme titre \u00e0 son palmar\u00e8s sur le circuit ATP. Une d\u00e9faite de Lorenzo Musetti qui fait les affaires de F\u00e9lix Auger-Aliassime. Le Canadien arrache sans jouer l&rsquo;ultime billet pour les ATP Finals, ce qui sera sa deuxi\u00e8me participation apr\u00e8s l&rsquo;\u00e9dition 2022. Le Transalpin sera ainsi rempla\u00e7ant et devra esp\u00e9rer un forfait pour \u00e9voluer devant son public durant la semaine \u00e0 venir.<\/p>\n","protected":false},"excerpt":{"rendered":"Mathieu Warnier, Media365, publi\u00e9 le samedi 08 novembre 2025 \u00e0 19h40 Men\u00e9 une manche \u00e0 rien par Lorenzo&hellip;\n","protected":false},"author":2,"featured_media":521234,"comment_status":"","ping_status":"","sticky":false,"template":"","format":"standard","meta":{"footnotes":""},"categories":[1415],"tags":[1011,27,60,1467],"class_list":{"0":"post-521233","1":"post","2":"type-post","3":"status-publish","4":"format-standard","5":"has-post-thumbnail","7":"category-tennis","8":"tag-fr","9":"tag-france","10":"tag-sports","11":"tag-tennis"},"share_on_mastodon":{"url":"https:\/\/pubeurope.com\/@fr\/115515862779974885","error":""},"_links":{"self":[{"href":"https:\/\/www.europesays.com\/fr\/wp-json\/wp\/v2\/posts\/521233","targetHints":{"allow":["GET"]}}],"collection":[{"href":"https:\/\/www.europesays.com\/fr\/wp-json\/wp\/v2\/posts"}],"about":[{"href":"https:\/\/www.europesays.com\/fr\/wp-json\/wp\/v2\/types\/post"}],"author":[{"embeddable":true,"href":"https:\/\/www.europesays.com\/fr\/wp-json\/wp\/v2\/users\/2"}],"replies":[{"embeddable":true,"href":"https:\/\/www.europesays.com\/fr\/wp-json\/wp\/v2\/comments?post=521233"}],"version-history":[{"count":0,"href":"https:\/\/www.europesays.com\/fr\/wp-json\/wp\/v2\/posts\/521233\/revisions"}],"wp:featuredmedia":[{"embeddable":true,"href":"https:\/\/www.europesays.com\/fr\/wp-json\/wp\/v2\/media\/521234"}],"wp:attachment":[{"href":"https:\/\/www.europesays.com\/fr\/wp-json\/wp\/v2\/media?parent=521233"}],"wp:term":[{"taxonomy":"category","embeddable":true,"href":"https:\/\/www.europesays.com\/fr\/wp-json\/wp\/v2\/categories?post=521233"},{"taxonomy":"post_tag","embeddable":true,"href":"https:\/\/www.europesays.com\/fr\/wp-json\/wp\/v2\/tags?post=521233"}],"curies":[{"name":"wp","href":"https:\/\/api.w.org\/{rel}","templated":true}]}}