{"id":521235,"date":"2025-11-08T20:05:12","date_gmt":"2025-11-08T20:05:12","guid":{"rendered":"https:\/\/www.europesays.com\/fr\/521235\/"},"modified":"2025-11-08T20:05:12","modified_gmt":"2025-11-08T20:05:12","slug":"cyclisme-analyse-seixas-philipsen-les-10-grands-talents-a-suivre-de-la-generation-2006","status":"publish","type":"post","link":"https:\/\/www.europesays.com\/fr\/521235\/","title":{"rendered":"Cyclisme. Analyse &#8211; Seixas, Philipsen&#8230; Les 10 grands talents \u00e0 suivre de la g\u00e9n\u00e9ration 2006"},"content":{"rendered":"<p> Lire la suite de l&rsquo;article&#13;<\/p>\n<p>\u00a0<\/p>\n<p>&#13;<br \/>\n10. Pavel Sumpik&#13;<\/p>\n<p><strong>Development Team Picnic PostNL<\/strong><strong>\u00a0&#8211; R\u00e9publique Tch\u00e8que &#8211; 11\/09\/2006 &#8211; 5e de notre classement en 2024 (-5)<\/strong><\/p>\n<p>&#13;<\/p>\n<p>Apr\u00e8s deux ann\u00e9es tr\u00e8s solides chez les Juniors, Pavel Sumpik a v\u00e9cu une premi\u00e8re saison U23 plus compliqu\u00e9e. Alors qu&rsquo;il avait lev\u00e9 les bras \u00e0 dix reprises en 2024, le Tch\u00e8que de l&rsquo;\u00e9quipe r\u00e9serve de la Picnic PostNL n&rsquo;a \u00e9t\u00e9 chercher que trois tops 10 en 2025. Malgr\u00e9 cette saison difficile, Sumpik reste un grand talent, avec un gros potentiel sur les courses pour puncheurs, en esp\u00e9rant qu&rsquo;il retrouve son meilleur niveau.<\/p>\n<p>&#13;<\/p>\n<p>\u00a0<\/p>\n<p>&#13;<br \/>\n9. Adria Pericas&#13;<\/p>\n<p><strong>UAE Team Emirates XRG (<\/strong><strong>UAE Team Emirates GenZ<\/strong><strong>\u00a0en 2025)<\/strong><strong>\u00a0&#8211; Espagne &#8211; 26\/05\/2006 &#8211; 7e de notre classement en 2024 (<\/strong><strong>-2<\/strong><strong>)<\/strong><\/p>\n<p>&#13;<\/p>\n<p>Voil\u00e0  l&rsquo;une des nombreuses p\u00e9pites hispaniques que compte UAE Team Emirates  dans son effectif. D\u00e9j\u00e0 excellent chez les Juniors, Adria Pericas a  confirm\u00e9 son potentiel lors de sa premi\u00e8re ann\u00e9e U23. Solide puncheur-grimpeur, il va int\u00e9grer la WorldTour d&rsquo;UAE Team Emirates XRG en 2026. S&rsquo;il aura sans doute dans un premier temps surtout occuper un r\u00f4le d&rsquo;\u00e9quipier, il pourrait avoir sa chance dans les prochaines ann\u00e9es et pourquoi devenir un des leaders de l&rsquo;\u00e9quipe \u00e9miratie.<\/p>\n<p>&#13;<\/p>\n<p>\u00a0<\/p>\n<p>&#13;<br \/>\n8. Senna Remijn&#13;<\/p>\n<p><strong>Alpecin-Deceuninck (Alpecin-Deceuninck Development en 2025)<\/strong><strong>\u00a0&#8211; Pays-Bas &#8211; 22\/01\/2006 &#8211; 10e de notre classement en 2024 (+2)<\/strong><\/p>\n<p>&#13;<\/p>\n<p>3e de Paris-Roubaix U23, 2e de Li\u00e8ge-Bastogne-Li\u00e8ge U23, 5e des Championnats d&rsquo;Europe U23&#8230; Senna Remijn est l&rsquo;un des meilleurs coureurs de sa g\u00e9n\u00e9ration sur les Classiques. Rapide au sprint, \u00e0 l&rsquo;aise sur les pav\u00e9s et bon grimpeur-puncheur malgr\u00e9 son grand gabarit, le N\u00e9erlandais a tout pour briller sur les courses d&rsquo;un jour. Apr\u00e8s une ann\u00e9e pass\u00e9e au sein de l&rsquo;\u00e9quipe\u00a0Alpecin-Deceuninck Development, il passera d\u00e8s 2026 en WorldTour, o\u00f9 il pourrait d&rsquo;ores et d\u00e9j\u00e0 avoir un r\u00f4le important \u00e0 jouer sur certaines courses.\u00a0<\/p>\n<p>&#13;<\/p>\n<blockquote class=\"twitter-tweet\" style=\"width:100%!important;max-width:550px!important;min-width:250px;height:500px;\"><p>&#13;<\/p>\n<p dir=\"ltr\" lang=\"fr\">Route &#8211; Alpecin-Deceuninck promeut une jeune p\u00e9pite de 19 ans pour 2026 ! <a href=\"https:\/\/twitter.com\/hashtag\/AlpecinDeceuninck?src=hash&amp;ref_src=twsrc%5Etfw\" target=\"_blank\" rel=\"noopener\">#AlpecinDeceuninck<\/a> <a href=\"https:\/\/twitter.com\/hashtag\/Remijn?src=hash&amp;ref_src=twsrc%5Etfw\" target=\"_blank\" rel=\"noopener\">#Remijn<\/a> <a href=\"https:\/\/twitter.com\/hashtag\/SennaRemijn?src=hash&amp;ref_src=twsrc%5Etfw\" target=\"_blank\" rel=\"noopener\">#SennaRemijn<\/a> <a href=\"https:\/\/twitter.com\/hashtag\/Alpecin?src=hash&amp;ref_src=twsrc%5Etfw\" target=\"_blank\" rel=\"noopener\">#Alpecin<\/a> <a href=\"https:\/\/t.co\/5sJpgPwc1b\">https:\/\/t.co\/5sJpgPwc1b<\/a><\/p>\n<p>&#13;<br \/>\n\u2014 Cyclism&rsquo;Actu (@cyclismactu) <a href=\"https:\/\/twitter.com\/cyclismactu\/status\/1938577372527112518?ref_src=twsrc%5Etfw\" target=\"_blank\" rel=\"noopener\">June 27, 2025<\/a><\/p><\/blockquote>\n<p>&#13;<br \/>\n&#13;<\/p>\n<p>\u00a0<\/p>\n<p>&#13;<br \/>\n7. Hector Alvarez&#13;<\/p>\n<p><strong>Lidl-Trek Future Racing<\/strong><strong>\u00a0&#8211; Espagne &#8211; 12\/12\/2006 &#8211; 3e de notre classement en 2024 (<\/strong><strong>-4<\/strong><strong>)<\/strong><\/p>\n<p>&#13;<\/p>\n<p>SI vous aviez un doute quant \u00e0 la profusion de talents dans cette g\u00e9n\u00e9ration 2006, en voil\u00e0 la preuve. Malgr\u00e9 une premi\u00e8re saison U23 tr\u00e8s solide, Hector Alvarez descend de 4 places dans notre classement. Une perte de positions qui ne remet en aucun cas en doute son immense potentiel. 4e des Mondiaux U23, 3e des Championnats d&rsquo;Europe U23, d\u00e9j\u00e0 sept tops 10 chez les professionnels&#8230; l&rsquo;Espagnol de la Lidl-Trek Future Racing, sp\u00e9cialiste des classiques, fait \u00e9videmment partie des coureurs \u00e0 suivre lors de ces prochaines ann\u00e9es.<\/p>\n<p>&#13;<\/p>\n<p>\u00a0<\/p>\n<p>&#13;<br \/>\n6. Jakob Omrzel&#13;<\/p>\n<p><strong>Bahrain Victorious (<\/strong><strong>Bahrain Victorious<\/strong><strong>\u00a0Development en 2025)<\/strong><strong>\u00a0&#8211; Slov\u00e9nie &#8211; 21\/03\/2006 &#8211; 6e de notre classement en 2024 (<\/strong><strong>=<\/strong><strong>)<\/strong><\/p>\n<p>&#13;<\/p>\n<p>D\u00e9j\u00e0 tr\u00e8s solide chez les Juniors, Jakob Omrzel a de nouveau pass\u00e9 un cap cette saison. Une ann\u00e9e 2025 marqu\u00e9e par son incroyable victoire (sur le fil) lors du Giro Next Gen. En 2026, le grimpeur slov\u00e8ne passera en WorldTour au sein de la Bahrain Victorious. Malgr\u00e9 un effectif solide, il pourrait d\u00e9j\u00e0 avoir sa chance sur des \u00e9preuves de haut niveau et pourquoi pas d\u00e9couvrir un Grand Tour, domaine o\u00f9 il esp\u00e8re briller dans le futur.<\/p>\n<p>&#13;<\/p>\n<p>\u00a0<\/p>\n<p>&#13;<br \/>\n5. Aubin Sparfel&#13;<\/p>\n<p><strong>Decathlon CMA CGM Development\u00a0<\/strong><strong>&#8211; France &#8211; 03\/05\/2006 &#8211; Pas dans notre classement en 2024 (new<\/strong><strong>)<\/strong><\/p>\n<p>&#13;<\/p>\n<p>Oui, Aubin Sparfel aurait pu faire partie de notre classement en 2024, mais il n&rsquo;y \u00e9tait pas, en revanche, cette ann\u00e9e, sa pr\u00e9sence est une \u00e9vidence. Le Fran\u00e7ais de l&rsquo;\u00e9quipe r\u00e9serve de Decathlon CMA CGM a r\u00e9alis\u00e9 une saison 2025 pleine de promesses. Sparfel a \u00e9t\u00e9 chercher sa premi\u00e8re victoire pro sur route \u00e0 l&rsquo;occasion du Tour du Finist\u00e8re, mais il a aussi d\u00e9croch\u00e9 des succ\u00e8s sur le Tour d&rsquo;Alsace et l&rsquo;Alpes Is\u00e8re Tour. Consid\u00e9r\u00e9 comme un pur puncheur, le sp\u00e9cialiste du cyclo-cross devrait faire les beaux jours de Decathlon CMA CGM dans les prochaines ann\u00e9es.<\/p>\n<p>&#13;<\/p>\n<p style=\"text-align: center;\">\n<p>&#13;<\/p>\n<p>\u00a0<\/p>\n<p>&#13;<br \/>\n4. Mateo Ramirez&#13;<\/p>\n<p><strong>UAE Team Emirates GenZ<\/strong><strong>\u00a0<\/strong><strong>&#8211; Equateur &#8211; 09\/03\/2006 &#8211; Pas dans notre classement en 2024 (new<\/strong><strong>)<\/strong><\/p>\n<p>&#13;<\/p>\n<p>Mateo Ramirez est sans doute l&rsquo;un des coureurs les moins connus de cette liste. Pas \u00e9tonnant, puisqu&rsquo;il est apparu sur les radars des suiveurs des jeunes talents que tr\u00e8s r\u00e9cemment. Mais tout laisse \u00e0 penser que l&rsquo;\u00c9quatorien poss\u00e8de un immense potentiel. En effet, pour beaucoup, UAE Team Emirates tient l\u00e0 son nouveau Isaac Del Toro. Quasiment inconnu aux yeux du public il y a quelques mois de \u00e7a, Ramirez a d\u00e9montr\u00e9 tout son potentiel en rejoignant\u00a0UAE Team Emirates GenZ\u00a0\u00e0 la mi-saison 2025 et en terminant 2e du Tour du Val D&rsquo;Aoste et 6e du Tour de l&rsquo;Avenir ! Il est LA nouvelle p\u00e9pite sud-am\u00e9ricaine.<\/p>\n<p>&#13;<\/p>\n<p>\u00a0<\/p>\n<p>&#13;<br \/>\n3. Lorenzo Finn&#13;<\/p>\n<p><strong>Red Bull-BORA-hansgrohe Rookies<\/strong><strong>\u00a0<\/strong><strong>&#8211; Italie &#8211; 19\/12\/2006 &#8211; 4e de\u00a0<\/strong><strong>notre classement en 2024 (+1<\/strong><strong>)<\/strong><\/p>\n<p>&#13;<\/p>\n<p>Apr\u00e8s son titre de champion du monde chez les Juniors en 2024, Lorenzo Finn a r\u00e9\u00e9dit\u00e9 l&rsquo;exploit en 2025 en \u00e9tant sacr\u00e9 champion du monde Espoirs. En devenant le deuxi\u00e8me coureur de l&rsquo;Histoire \u00e0 r\u00e9aliser cet exploit, Finn s&rsquo;affirme comme l&rsquo;un des cracks \u00e0 suivre. Excellent grimpeur, tr\u00e8s bon puncheur, solide rouleur&#8230; Finn repr\u00e9sente le futur du cyclisme italien sur les Grands Tours. S&rsquo;il \u00e9voluera encore au sein de l&rsquo;\u00e9quipe de d\u00e9veloppement de la\u00a0Red Bull-BORA-hansgrohe en 2026, il devrait bien passer en WorldTour en 2027.<\/p>\n<p>&#13;<\/p>\n<p>\u00a0<\/p>\n<p>&#13;<br \/>\n2. Albert Withen Philipsen&#13;<\/p>\n<p><strong>Lidl-Trek<\/strong><strong>\u00a0<\/strong><strong>&#8211; Danemark &#8211; 03\/09\/2006 &#8211; 1er de\u00a0<\/strong><strong>notre classement en 2024 (-1<\/strong><strong>)<\/strong><\/p>\n<p>&#13;<\/p>\n<p>Malgr\u00e9 sa place perdue \u00e0 notre classement, la saison 2025 d&rsquo;Albert Withen Philipsen a \u00e9t\u00e9 une belle r\u00e9ussite. 2e des Trois Vall\u00e9es Varesines, 3e de Paris-Tours, 6e d&rsquo;Eschborn Frankfort, vainqueur de Paris-Roubaix U23&#8230; le Danois a r\u00e9alis\u00e9 une tr\u00e8s belle saison \u00ab\u00a0rookie\u00a0\u00bb chez Lild-Trek. Ultra-complet, capable de briller sur tous les terrains (et sur tous les v\u00e9los, puisqu&rsquo;il brille \u00e9galement en VTT), Philipsen est sans doute le \u00ab\u00a0prospect\u00a0\u00bb le plus attendu sur les Classiques pour les prochaines ann\u00e9es&#8230; et beaucoup le comparent d\u00e9j\u00e0 \u00e0 un certain Mathieu van der Poel.<\/p>\n<p>&#13;<\/p>\n<p>\u00a0<\/p>\n<p>&#13;<br \/>\n1. Paul Seixas&#13;<\/p>\n<p><strong>Decathlon CMA CGM<\/strong><strong>\u00a0<\/strong><strong>&#8211; France &#8211; 24\/09\/2006 &#8211; 2e de\u00a0<\/strong><strong>notre classement en 2024 (+1<\/strong><strong>)<\/strong><\/p>\n<p>&#13;<\/p>\n<p>Que dire sur Paul Seixas qui n&rsquo;a pas d\u00e9j\u00e0 \u00e9t\u00e9 dit ? Le Fran\u00e7ais de Decathlon AG2R est annonc\u00e9 depuis ses ann\u00e9es Cadets et Juniors comme le futur crack \u00e0 suivre. Et tout semble aller dans cette direction pour le Lyonnais, qui a r\u00e9alis\u00e9 une premi\u00e8re saison chez les professionnels exceptionnelle. Si tous les Espoirs d&rsquo;une nation reposent sur lui, il faudra cependant prendre son temps&#8230; m\u00eame si tout laisse \u00e0 penser que la France tient l\u00e0 son fameux successeur \u00e0 Bernard Hinault, dernier vainqueur du Tour de France.<\/p>\n<p>&#13;<\/p>\n<p>\u00a0<\/p>\n<p>&#13;<br \/>\n<strong>Mentions Honorables<\/strong>&#13;<\/p>\n<p>Parmi les coureurs que nous aurions pu citer dans cette liste, mais    qui, par raison de concurrence, ne sont pas rentr\u00e9s dedans, nous  pouvons  nommer le puncheur italien <strong>Ludovico Maria Mellano<\/strong> (XDS Astana Development), le grimpeur br\u00e9silien <strong>Henrique Bravo<\/strong> (Soudal Quick-Step Devo) et bien s\u00fbr le solide norv\u00e9gien<strong> Felix Orn Kristoff <\/strong>(Lotto-Intermarch\u00e9), qui aurait bien m\u00e9rit\u00e9 sa place dans le top 10.<\/p>\n<p>&#13;<\/p>\n<p>En revanche, deux coureurs faisaient partie de cette liste l&rsquo;an pass\u00e9 et en sont sortie. Il s&rsquo;agit du grimpeur belge <strong>Jasper Schoofs<\/strong>\u00a0(Soudal Quick-Step Devo)\u00a0et du polyvalent allemand <strong>Paul Fietzke <\/strong>(Red Bull-BORA-hansgrohe Rookies). Les deux ayant v\u00e9cu une saison l\u00e9g\u00e8rement en de\u00e7\u00e0 des attentes.<\/p>\n<p><script async src=\"https:\/\/platform.twitter.com\/widgets.js\" charset=\"utf-8\"><\/script><\/p>\n","protected":false},"excerpt":{"rendered":"Lire la suite de l&rsquo;article&#13; \u00a0 &#13; 10. Pavel Sumpik&#13; Development Team Picnic PostNL\u00a0&#8211; R\u00e9publique Tch\u00e8que &#8211; 11\/09\/2006&hellip;\n","protected":false},"author":2,"featured_media":521236,"comment_status":"","ping_status":"","sticky":false,"template":"","format":"standard","meta":{"footnotes":""},"categories":[1411],"tags":[1020,1154,207,211,1011,27,209,60,210,212,208,213],"class_list":{"0":"post-521235","1":"post","2":"type-post","3":"status-publish","4":"format-standard","5":"has-post-thumbnail","7":"category-cyclisme","8":"tag-analyse","9":"tag-cycling","10":"tag-cyclisme","11":"tag-ffc","12":"tag-fr","13":"tag-france","14":"tag-route","15":"tag-sports","16":"tag-tour-de-france","17":"tag-uci","18":"tag-velo","19":"tag-world-tour"},"share_on_mastodon":{"url":"https:\/\/pubeurope.com\/@fr\/115515878622777138","error":""},"_links":{"self":[{"href":"https:\/\/www.europesays.com\/fr\/wp-json\/wp\/v2\/posts\/521235","targetHints":{"allow":["GET"]}}],"collection":[{"href":"https:\/\/www.europesays.com\/fr\/wp-json\/wp\/v2\/posts"}],"about":[{"href":"https:\/\/www.europesays.com\/fr\/wp-json\/wp\/v2\/types\/post"}],"author":[{"embeddable":true,"href":"https:\/\/www.europesays.com\/fr\/wp-json\/wp\/v2\/users\/2"}],"replies":[{"embeddable":true,"href":"https:\/\/www.europesays.com\/fr\/wp-json\/wp\/v2\/comments?post=521235"}],"version-history":[{"count":0,"href":"https:\/\/www.europesays.com\/fr\/wp-json\/wp\/v2\/posts\/521235\/revisions"}],"wp:featuredmedia":[{"embeddable":true,"href":"https:\/\/www.europesays.com\/fr\/wp-json\/wp\/v2\/media\/521236"}],"wp:attachment":[{"href":"https:\/\/www.europesays.com\/fr\/wp-json\/wp\/v2\/media?parent=521235"}],"wp:term":[{"taxonomy":"category","embeddable":true,"href":"https:\/\/www.europesays.com\/fr\/wp-json\/wp\/v2\/categories?post=521235"},{"taxonomy":"post_tag","embeddable":true,"href":"https:\/\/www.europesays.com\/fr\/wp-json\/wp\/v2\/tags?post=521235"}],"curies":[{"name":"wp","href":"https:\/\/api.w.org\/{rel}","templated":true}]}}