{"id":521241,"date":"2025-11-08T20:08:13","date_gmt":"2025-11-08T20:08:13","guid":{"rendered":"https:\/\/www.europesays.com\/fr\/521241\/"},"modified":"2025-11-08T20:08:13","modified_gmt":"2025-11-08T20:08:13","slug":"malgre-lannonce-de-mesures-durgence-pour-plus-de-securite-les-syndicats-font-grise-mine","status":"publish","type":"post","link":"https:\/\/www.europesays.com\/fr\/521241\/","title":{"rendered":"malgr\u00e9 l&rsquo;annonce de \u00ab\u00a0mesures d&rsquo;urgence\u00a0\u00bb pour plus de s\u00e9curit\u00e9, les syndicats font grise mine"},"content":{"rendered":"<p>            Par<br \/>\n        <strong><br \/>\n            <a href=\"https:\/\/actu.fr\/auteur\/redaction-paris\" title=\"Consulter tous les articles de R\u00e9daction Paris\" target=\"_blank\" rel=\"noopener\">R\u00e9daction Paris<\/a><br \/>\n        <\/strong><\/p>\n<p>        Publi\u00e9 le<\/p>\n<p>            8 nov. 2025 \u00e0 9h59        <\/p>\n<p>Pas de nouveaux recrutements au sein des \u00e9quipes de surveillance du <a href=\"https:\/\/actu.fr\/tag\/musee-du-louvre\" target=\"_blank\" rel=\"noopener\">Louvre<\/a>, mais des <strong>\u00ab\u2009mesures d\u2019urgence\u2009\u00bb<\/strong> sur la s\u00e9curit\u00e9. C\u2019est ce qu\u2019a annonc\u00e9 vendredi 7 novembre 2025 la direction du plus grand mus\u00e9e du monde lors d\u2019un conseil d\u2019administration extraordinaire, pr\u00e8s de trois semaines apr\u00e8s le <a href=\"https:\/\/actu.fr\/ile-de-france\/paris_75056\/cambriolage-au-louvre-deux-des-suspects-avaient-deja-condamnes-dans-la-meme-affaire-de-vol-en-2015_63383441.html\" target=\"_blank\" rel=\"noopener\">cambriolage spectaculaire<\/a> dans la galerie d\u2019Apollon pour lequel l\u2019enqu\u00eate se poursuit afin de retrouver les <a href=\"https:\/\/actu.fr\/ile-de-france\/paris_75056\/vol-au-louvre-on-connait-le-sort-immediat-des-cinq-personnes-recemment-interpellees_63382787.html\" target=\"_blank\" rel=\"noopener\">bijoux d\u00e9rob\u00e9s<\/a> ainsi que les responsables du vol. Une prise de parole qui <strong>ne ravit pas les syndicats<\/strong>.<\/p>\n<p>\u00ab\u2009Sous-estimation chronique\u2009\u00bb du risque d\u2019intrusion et de vols<\/p>\n<p class=\" wall-content\">C\u2019est Rachida Dati qui, en tant que ministre de la Culture, qui avait d\u00e9cid\u00e9 le 31\u00a0octobre de la tenue de cette <strong>r\u00e9union d\u2019urgence<\/strong>, suite au constat d\u2019une \u00ab\u2009sous-estimation chronique\u2009\u00bb des risques d\u2019intrusion et vols dans le mus\u00e9e du Louvre identifi\u00e9e dans le cadre d\u2019une enqu\u00eate administrative diligent\u00e9e dans la foul\u00e9e apr\u00e8s le vol des bijoux le 19\u00a0octobre.<\/p>\n<p class=\" wall-content\">D\u00e9taillant les orientations fix\u00e9es par la ministre, la direction du Louvre a annonc\u00e9 vendredi la cr\u00e9ation \u00ab\u2009imm\u00e9diate\u2009\u00bb d\u2019un poste de \u00ab\u2009coordonnateur s\u00fbret\u00e9\u2009\u00bb, rattach\u00e9 directement \u00e0 la pr\u00e9sidence et charg\u00e9 de faire le lien entre toutes les directions concern\u00e9es par les questions de s\u00e9curit\u00e9, selon un communiqu\u00e9 du mus\u00e9e. Autant d\u2019orientations fix\u00e9es par la ministre de la Culture.<\/p>\n<p class=\" wall-content\">Lors de ce conseil d\u2019administration, la direction a \u00e9galement annonc\u00e9 le d\u00e9ploiement \u00ab\u2009dans les prochaines semaines\u2009\u00bb d\u2019\u00e9quipements de mise \u00e0 distance aux abords imm\u00e9diats du Louvre et l\u2019installation \u00ab\u2009au cours des prochains mois\u2009\u00bb de <strong>cam\u00e9ras de surveillance suppl\u00e9mentaires<\/strong>. Le manque de cam\u00e9ras p\u00e9rim\u00e9triques aux abords du mus\u00e9e a \u00e9t\u00e9 point\u00e9 du doigt apr\u00e8s le casse du 19\u00a0octobre, au cours duquel des malfaiteurs ont pu s\u2019introduire en plein jour dans le Louvre et d\u00e9rober huit joyaux de la Couronne.<\/p>\n<p class=\" wall-content\">La r\u00e9union de vendredi, auquel ont notamment particip\u00e9 des repr\u00e9sentants de l\u2019\u00c9tat et du personnel, s\u2019est tenue dans un contexte de fortes turbulences pour le mus\u00e9e le plus visit\u00e9 au monde et au lendemain de la publication d\u2019un rapport tr\u00e8s critique de la Cour des comptes.<br \/>Jeudi, la juridiction financi\u00e8re a \u00e9trill\u00e9 la gestion du mus\u00e9e entre\u00a02018 et\u00a02024 en estimant notamment que la s\u00e9curit\u00e9 avait \u00e9t\u00e9 <strong>n\u00e9glig\u00e9e<\/strong> au profit d\u2019op\u00e9rations \u00ab\u2009visibles et attractives\u2009\u00bb, mettant encore davantage sous pression la pr\u00e9sidente du Louvre Laurence Des Cars.<\/p>\n<p class=\" wall-content\">Nomm\u00e9e fin 2021, la dirigeante a assur\u00e9 vendredi matin sur France Info avoir pris \u00ab\u2009toute la mesure (des) probl\u00e8mes de s\u00e9curit\u00e9\u2009\u00bb au Louvre et indiqu\u00e9 ne pas avoir \u00ab\u2009le sentiment d\u2019avoir \u00e9chou\u00e9\u2009\u00bb.<\/p>\n<p>\u00ab\u2009Pas une mauvaise chose\u2009\u00bb<\/p>\n<p class=\" wall-content\">Plusieurs mesures d\u2019urgence qu\u2019elle a pr\u00e9sent\u00e9es vendredi vont \u00ab\u2009dans le bon sens\u2009\u00bb mais se font \u00ab\u2009malheureusement\u2009\u00bb \u00e0 moyens humains constants, a estim\u00e9 aupr\u00e8s de l\u2019AFP Bibata Ouedraogo, qui repr\u00e9sentait le syndicat SUD lors de ce conseil d\u2019administration.<br \/>\u00ab\u2009On regrette qu\u2019il y n\u2019ait pas de moyens humains adoss\u00e9s\u2009\u00bb, a-t-elle d\u00e9clar\u00e9.<\/p>\n<p>Votre r\u00e9gion, votre actu !<\/p>\n<p>Recevez chaque jour les infos qui comptent pour vous.<\/p>\n<p>\t<a href=\"https:\/\/actu.fr\/newsletter\" class=\"ac-btn ac-btn--corner ac-btn--medium ac-btn--blue800\" target=\"_blank\" rel=\"noopener\">S&rsquo;incrire<\/a><\/p>\n<p class=\" wall-content\">\u00ab\u2009Il est plus que temps que les budgets soient <strong>fl\u00e9ch\u00e9s correctement<\/strong>, que les emplois de la surveillance soient rehauss\u00e9s \u00e0 hauteur du besoin et cessent d\u2019\u00eatre d\u00e9truits au profit d\u2019activit\u00e9s autres\u2009\u00bb, a indiqu\u00e9 son syndicat dans une d\u00e9claration lue devant le conseil d\u2019administration et consult\u00e9e par l\u2019AFP.<\/p>\n<p class=\" wall-content\">Gary Guillaud, secr\u00e9taire de la section CGT-Louvre, salue, lui, la cr\u00e9ation annonc\u00e9e du poste de coordonnateur mais regrette lui aussi l\u2019absence de renforts humains. \u00ab\u2009Ce poste de coordonnateur, ce n\u2019est pas une mauvaise chose parce qu\u2019il y a pu avoir des probl\u00e8mes de communication mais notre seul souci c\u2019est qu\u2019on fait \u00e7a avec les m\u00eames moyens humains\u2009\u00bb, a-t-il expliqu\u00e9 \u00e0 l\u2019AFP.<\/p>\n<p class=\" wall-content\">Depuis plusieurs mois, les organisations syndicales d\u00e9noncent des probl\u00e8mes de sous-effectifs qui compliquent les missions de surveillance du mus\u00e9e, qui s\u2019\u00e9tend sur 73,000\u00a0m2 et abrite quelque 35\u2009000 \u0153uvres. En pr\u00e9sentant le rapport de son institution jeudi, le premier pr\u00e9sident de la Cour des comptes Pierre Moscovici a estim\u00e9 que des<strong> progr\u00e8s<\/strong> \u00e9taient \u00ab\u2009possibles sur la s\u00fbret\u00e9 sans augmentation significative des effectifs\u2009\u00bb. Sans annoncer de recrutements, la direction du Louvre a promis vendredi une augmentation de 20\u2009% du budget de formation en direction des agents du mus\u00e9e pour adapter la formation obligatoire.<\/p>\n<p class=\" wall-content\">Parall\u00e8lement au d\u00e9bat sur le Louvre, l\u2019enqu\u00eate se poursuit pour retrouver les joyaux d\u00e9rob\u00e9s, d\u2019une valeur de 88\u00a0millions d\u2019euros. Quatre suspects ont \u00e9t\u00e9 mis en examen et \u00e9crou\u00e9s.<\/p>\n<p class=\" wall-content\">AFP.<\/p>\n<p class=\" wall-content\">Personnalisez votre actualit\u00e9 en ajoutant vos villes et m\u00e9dias en favori avec <a href=\"https:\/\/moncompte.actu.fr\" title=\"D\u00e9couvez Mon Actu\" rel=\"nofollow noopener\" data-trk=\"{&quot;cta&quot;:{&quot;action&quot;:&quot;https:\\\/\\\/moncompte.actu.fr&quot;,&quot;category&quot;:&quot;mon compte&quot;,&quot;from&quot;:&quot;article footer&quot;,&quot;name&quot;:&quot;Mon actu&quot;,&quot;type&quot;:&quot;cta&quot;}}\" target=\"_blank\">Mon Actu<\/a>.<\/p>\n","protected":false},"excerpt":{"rendered":"Par R\u00e9daction Paris Publi\u00e9 le 8 nov. 2025 \u00e0 9h59 Pas de nouveaux recrutements au sein des \u00e9quipes&hellip;\n","protected":false},"author":2,"featured_media":521242,"comment_status":"","ping_status":"","sticky":false,"template":"","format":"standard","meta":{"footnotes":""},"categories":[1358],"tags":[1348,1384,1385,1386,58,59,118,1011,27,3094,62201,417],"class_list":{"0":"post-521241","1":"post","2":"type-post","3":"status-publish","4":"format-standard","5":"has-post-thumbnail","7":"category-arts-et-design","8":"tag-arts","9":"tag-arts-and-design","10":"tag-arts-et-design","11":"tag-design","12":"tag-divertissement","13":"tag-entertainment","14":"tag-faits-divers","15":"tag-fr","16":"tag-france","17":"tag-musee-du-louvre","18":"tag-quartier-du-louvre-rivoli","19":"tag-rachida-dati"},"share_on_mastodon":{"url":"https:\/\/pubeurope.com\/@fr\/115515890307725767","error":""},"_links":{"self":[{"href":"https:\/\/www.europesays.com\/fr\/wp-json\/wp\/v2\/posts\/521241","targetHints":{"allow":["GET"]}}],"collection":[{"href":"https:\/\/www.europesays.com\/fr\/wp-json\/wp\/v2\/posts"}],"about":[{"href":"https:\/\/www.europesays.com\/fr\/wp-json\/wp\/v2\/types\/post"}],"author":[{"embeddable":true,"href":"https:\/\/www.europesays.com\/fr\/wp-json\/wp\/v2\/users\/2"}],"replies":[{"embeddable":true,"href":"https:\/\/www.europesays.com\/fr\/wp-json\/wp\/v2\/comments?post=521241"}],"version-history":[{"count":0,"href":"https:\/\/www.europesays.com\/fr\/wp-json\/wp\/v2\/posts\/521241\/revisions"}],"wp:featuredmedia":[{"embeddable":true,"href":"https:\/\/www.europesays.com\/fr\/wp-json\/wp\/v2\/media\/521242"}],"wp:attachment":[{"href":"https:\/\/www.europesays.com\/fr\/wp-json\/wp\/v2\/media?parent=521241"}],"wp:term":[{"taxonomy":"category","embeddable":true,"href":"https:\/\/www.europesays.com\/fr\/wp-json\/wp\/v2\/categories?post=521241"},{"taxonomy":"post_tag","embeddable":true,"href":"https:\/\/www.europesays.com\/fr\/wp-json\/wp\/v2\/tags?post=521241"}],"curies":[{"name":"wp","href":"https:\/\/api.w.org\/{rel}","templated":true}]}}