{"id":521243,"date":"2025-11-08T20:10:20","date_gmt":"2025-11-08T20:10:20","guid":{"rendered":"https:\/\/www.europesays.com\/fr\/521243\/"},"modified":"2025-11-08T20:10:20","modified_gmt":"2025-11-08T20:10:20","slug":"linvite-cest-le-grand-effondrement-a-tous-les-niveaux","status":"publish","type":"post","link":"https:\/\/www.europesays.com\/fr\/521243\/","title":{"rendered":"[L&rsquo;INVIT\u00c9] \u00ab C&rsquo;est le grand effondrement \u00e0 tous les niveaux \u00bb"},"content":{"rendered":"<p>St\u00e9phane Ravier vient de faire plier le maire de Marseille Beno\u00eet Payan qui avait cru bon d\u2019<a href=\"https:\/\/www.bvoltaire.fr\/le-maire-et-le-sacre-coeur-cest-lhistoire-dun-film-et-cest-une-parabole\/\" target=\"_blank\" rel=\"noopener\">interdire la diffusion du film Sacr\u00e9-C\u0153ur<\/a> au ch\u00e2teau de la Buzine, apr\u00e8s une victoire devant le tribunal administratif, le 25 octobre. L\u2019occasion, pour le s\u00e9nateur non inscrit des Bouches-du-Rh\u00f4ne et conseiller municipal de Marseille, d\u2019appeler \u00e0 la r\u00e9sistance. Et de revenir sur l\u2019actualit\u00e9 r\u00e9cente : cambriolage au Louvre, attentat \u00e0 Ol\u00e9ron, agressions de personnes \u00e2g\u00e9es. \u00ab C\u2019est le grand effondrement, constate St\u00e9phane Ravier, il n\u2019y a plus aucun boulon qui tient. \u00bb<\/p>\n<p>Partout, on retrouve peu ou prou l\u2019effet de l\u2019immigration. St\u00e9phane Ravier en profite pour lancer une \u00ab alerte disparition \u00bb : il manquait 500.000 clandestins, dans le <a href=\"https:\/\/www.bvoltaire.fr\/seulement-300-000-clandestins-en-france-laurent-nunez-en-plein-deni-les-preuves\/\" target=\"_blank\" rel=\"noopener\">chiffrage originel du ministre de l\u2019Int\u00e9rieur Laurent Nu\u00f1ez<\/a>\u2026 Mais, pour lui, l&rsquo;espoir est permis. St\u00e9phane Ravier voit dans le vote de l\u2019Assembl\u00e9e favorable \u00e0 la d\u00e9nonciation des <a href=\"https:\/\/www.bvoltaire.fr\/accords-de-1968-abroges-une-victoire-de-la-coalition-des-droites\/\" target=\"_blank\" rel=\"noopener\">accords de 1968 entre la France et l\u2019Alg\u00e9rie<\/a> un signe positif. \u00ab Il est temps de prendre des mesures si on ne veut pas \u00eatre submerg\u00e9s \u00bb, dit-il.<\/p>\n<p>Enfin, il analyse les enjeux de la prochaine <a href=\"https:\/\/www.bvoltaire.fr\/marseille-stephane-ravier-et-franck-allisio-unis-pour-la-grande-victoire-du-rn\/\" target=\"_blank\" rel=\"noopener\">\u00e9lection municipale \u00e0 Marseille<\/a> dans laquelle il voit une \u00ab grande opportunit\u00e9 pour le camp national \u00bb. Conversation in\u00e9dite.<\/p>\n<p>\u00a0<\/p>\n<\/p>\n<p>                    <a href=\"#\" rel=\"nofollow\" onclick=\"window.print(); pfTrackEvent('[L\u2019INVIT\u00c9] \u00ab C\u2019est le grand effondrement \u00e0 tous les niveaux \u00bb'); return false;\" title=\"Printer Friendly, PDF &amp; Email\"><br \/>\n                    <img decoding=\"async\" src=\"https:\/\/www.europesays.com\/fr\/wp-content\/uploads\/2025\/04\/printfriendly-icon-sm.png\" alt=\"Print Friendly, PDF &amp; Email\" class=\"pf-button-img\" style=\"width: 17px;height: 17px;\"\/>Imprimer, enregistrer en PDF cet article<br \/>\n                    <\/a><\/p>\n","protected":false},"excerpt":{"rendered":"St\u00e9phane Ravier vient de faire plier le maire de Marseille Beno\u00eet Payan qui avait cru bon d\u2019interdire la&hellip;\n","protected":false},"author":2,"featured_media":521244,"comment_status":"","ping_status":"","sticky":false,"template":"","format":"standard","meta":{"footnotes":""},"categories":[1356],"tags":[58,59,1011,27,25692,252,1364],"class_list":{"0":"post-521243","1":"post","2":"type-post","3":"status-publish","4":"format-standard","5":"has-post-thumbnail","7":"category-television","8":"tag-divertissement","9":"tag-entertainment","10":"tag-fr","11":"tag-france","12":"tag-stephane-ravier","13":"tag-television","14":"tag-tv"},"share_on_mastodon":{"url":"https:\/\/pubeurope.com\/@fr\/115515899093309632","error":""},"_links":{"self":[{"href":"https:\/\/www.europesays.com\/fr\/wp-json\/wp\/v2\/posts\/521243","targetHints":{"allow":["GET"]}}],"collection":[{"href":"https:\/\/www.europesays.com\/fr\/wp-json\/wp\/v2\/posts"}],"about":[{"href":"https:\/\/www.europesays.com\/fr\/wp-json\/wp\/v2\/types\/post"}],"author":[{"embeddable":true,"href":"https:\/\/www.europesays.com\/fr\/wp-json\/wp\/v2\/users\/2"}],"replies":[{"embeddable":true,"href":"https:\/\/www.europesays.com\/fr\/wp-json\/wp\/v2\/comments?post=521243"}],"version-history":[{"count":0,"href":"https:\/\/www.europesays.com\/fr\/wp-json\/wp\/v2\/posts\/521243\/revisions"}],"wp:featuredmedia":[{"embeddable":true,"href":"https:\/\/www.europesays.com\/fr\/wp-json\/wp\/v2\/media\/521244"}],"wp:attachment":[{"href":"https:\/\/www.europesays.com\/fr\/wp-json\/wp\/v2\/media?parent=521243"}],"wp:term":[{"taxonomy":"category","embeddable":true,"href":"https:\/\/www.europesays.com\/fr\/wp-json\/wp\/v2\/categories?post=521243"},{"taxonomy":"post_tag","embeddable":true,"href":"https:\/\/www.europesays.com\/fr\/wp-json\/wp\/v2\/tags?post=521243"}],"curies":[{"name":"wp","href":"https:\/\/api.w.org\/{rel}","templated":true}]}}