{"id":521247,"date":"2025-11-08T20:12:20","date_gmt":"2025-11-08T20:12:20","guid":{"rendered":"https:\/\/www.europesays.com\/fr\/521247\/"},"modified":"2025-11-08T20:12:20","modified_gmt":"2025-11-08T20:12:20","slug":"daniel-craig-reparle-de-son-role-complique-dans-le-reveil-de-la-force","status":"publish","type":"post","link":"https:\/\/www.europesays.com\/fr\/521247\/","title":{"rendered":"Daniel Craig reparle de son \u00ab\u00a0r\u00f4le\u00a0\u00bb compliqu\u00e9 dans Le R\u00e9veil de la Force"},"content":{"rendered":"<p><strong>Dix ans apr\u00e8s la sortie de <a href=\"https:\/\/www.ecranlarge.com\/films\/864903-star-wars-le-reveil-de-la-force\" data-type=\"films\" data-id=\"680108\" rel=\"nofollow noopener\" target=\"_blank\">Star Wars \u2013 Le R\u00e9veil de la Force<\/a>, <a href=\"https:\/\/www.ecranlarge.com\/personnalite\/651990-daniel-craig\" data-type=\"people\" data-id=\"20532\" rel=\"nofollow noopener\" target=\"_blank\">Daniel Craig<\/a> et <a href=\"https:\/\/www.ecranlarge.com\/personnalite\/665988-rian-johnson\" data-type=\"people\" data-id=\"316852\" rel=\"nofollow noopener\" target=\"_blank\">Rian Johnson<\/a> reviennent sur le cam\u00e9o du premier dans le film.<\/strong><\/p>\n<p>Est-ce m\u00eame la peine de le dire : \u00e7a ne nous rajeunit pas. <strong>Dans quelques semaines (\u00e0 date de cet article), cela fera 10 ans jour pour jour que le renouveau de la franchise Star Wars est sorti sur nos \u00e9crans avec <a href=\"https:\/\/www.ecranlarge.com\/films\/864903-star-wars-le-reveil-de-la-force\" data-type=\"films\" data-id=\"680108\" rel=\"nofollow noopener\" target=\"_blank\">Le R\u00e9veil de la Force<\/a><\/strong>. Certains interpr\u00e8tes de notre enfance revenaient avec quelques rides en plus (Mark Hamill, Carrie Fisher, Harrison Ford) et quelques petits nouveaux rejoignaient l\u2019aventure : Daisy Ridley, John Boyega, Oscar Isaac, Adam Driver, Daniel Craig\u2026<\/p>\n<p>                    <img decoding=\"async\" alt=\"\" class=\"wp-image-518375\" style=\"object-fit:cover;width:25px;height:25px\" src=\"https:\/\/www.ecranlarge.com\/content\/uploads\/2023\/09\/arrow-right-circle.svg\"\/><\/p>\n<p>Non, on ne s\u2019emm\u00eale pas les pinceaux, Daniel Craig, dernier James Bond en date, \u00e9tait bien dans <strong>Star Wars 7<\/strong>. Internet avait particuli\u00e8rement glos\u00e9 dessus \u00e0 l\u2019\u00e9poque \u00e0 l\u2019annonce que l\u2019agent blond du MI6 aurait droit \u00e0 son cam\u00e9o dans le long-m\u00e9trage et, tel Alfred Hitchcock \u00e0 la sortie de ses \u0153uvres, le jeu \u00e9tait de le rep\u00e9rer. On le sait aujourd\u2019hui, l\u2019acteur \u00e9tait cach\u00e9 sous un casque de Stormtrooper. \u00c0 l\u2019occasion de la sortie du troisi\u00e8me<strong> <a href=\"https:\/\/www.ecranlarge.com\/films\/1033697-knives-out\" data-type=\"films\" data-id=\"687283\" rel=\"nofollow noopener\" target=\"_blank\">\u00c0 couteaux tir\u00e9s<\/a>, Craig est (encore) revenu sur cette plong\u00e9e singuli\u00e8re dans la saga de George Lucas. <\/strong><\/p>\n<p><a href=\"https:\/\/www.ecranlarge.com\/content\/uploads\/2019\/11\/star-wars-le-reveil-de-la-force-photo-iko-uwais-yayan-ruhian-1151874.jpg\" rel=\"nofollow noopener\" target=\"_blank\"><img loading=\"lazy\" decoding=\"async\" alt=\"Star Wars\u00a0: Le R\u00e9veil de la Force : photo, Iko Uwais, Yayan Ruhian\" class=\"wp-image-122926\" src=\"https:\/\/www.europesays.com\/fr\/wp-content\/uploads\/2025\/11\/star-wars-le-reveil-de-la-force-photo-iko-uwais-yayan-ruhian-1151874-630x353.jpg\" width=\"630\" height=\"353\"  \/><\/a>Daniel Craig qui avait tr\u00e8s envie de faire son cosplay Star WarsMY NAME IS TROOPER, STORMTROOPER<\/p>\n<p>La question est sans doute venue naturellement au journaliste de Sirius XM. En effet, il avait en face de lui le com\u00e9dien britannique, donc, mais aussi son r\u00e9alisateur sur <strong><a href=\"https:\/\/www.ecranlarge.com\/films\/1373507-a-couteaux-tires-3\" data-type=\"films\" data-id=\"690578\" rel=\"nofollow noopener\" target=\"_blank\">Wake Up Dead Man<\/a><\/strong>, <strong>Rian Johnson, qui a lui-m\u00eame travaill\u00e9 sur la postlogie, en tant que metteur en sc\u00e8ne et sc\u00e9nariste de l\u2019\u00e9pisode 8.<\/strong> Quand on lui a demand\u00e9 de r\u00e9sumer son exp\u00e9rience sur le plateau de J. J. Abrams, Daniel Craig a r\u00e9pondu avec humour : <\/p>\n<blockquote class=\"wp-block-quote is-layout-flow wp-block-quote-is-layout-flow\">\n<p><strong>\u00ab Ce genre de veste [celle de Stormtrooper, son costume] est surtout port\u00e9 par les cascadeurs dans le d\u00e9sert, donc\u2026 l\u2019odeur n\u2019\u00e9tait pas terrible. En plus, les manches de la mienne \u00e9taient trop longues, et comme elles sont rigides, je n\u2019ai plus senti mon pouce pendant une semaine. Mais sinon, c\u2019\u00e9tait super ! \u00bb<\/strong><\/p>\n<\/blockquote>\n<p>\u00c0 noter que la s\u00e9quence est tout de m\u00eame loin d\u2019\u00eatre anodine, puisqu\u2019il s\u2019agit de la premi\u00e8re fois que Rey parvient avec succ\u00e8s \u00e0 envo\u00fbter un \u00ab esprit faible \u00bb gr\u00e2ce \u00e0 la Force, obligeant le soldat incarn\u00e9 par Craig \u00e0 la lib\u00e9rer de ses liens. <\/p>\n<p><a href=\"https:\/\/www.ecranlarge.com\/content\/uploads\/2021\/10\/spectre-photo-daniel-craig-1398243.webp\" rel=\"nofollow noopener\" target=\"_blank\"><img loading=\"lazy\" decoding=\"async\" alt=\"Spectre : photo, Daniel Craig\" class=\"wp-image-244106\" src=\"https:\/\/www.europesays.com\/fr\/wp-content\/uploads\/2025\/11\/spectre-photo-daniel-craig-1398243-630x465.webp.webp\" width=\"630\" height=\"465\"  \/><\/a>Euh non, Daniel, c\u2019est pas comme \u00e7a un Stormtrooper<\/p>\n<p>Si l\u2019anecdote est cocasse, le plus int\u00e9ressant reste ce que le cin\u00e9aste de <strong>Looper <\/strong>a \u00e0 en dire. En effet, \u00e0 l\u2019\u00e9poque, Johnson travaillait d\u00e9j\u00e0 sur le sc\u00e9nario de  <strong>Star Wars\u00a0: Les Derniers Jedi<\/strong> et recevait quotidiennement les rush tourn\u00e9s sur le plateau du septi\u00e8me opus. Il raconte sa r\u00e9action lorsqu\u2019il a visionn\u00e9 ceux de la sc\u00e8ne avec Craig sous son armure :<\/p>\n<blockquote class=\"wp-block-quote is-layout-flow wp-block-quote-is-layout-flow\">\n<p><strong>\u00ab Et j\u2019ai dit : \u00ab\u00a0Qui est cet acteur ?\u00a0\u00bb Et Pablo [Hidalgo] de Lucasfilm a dit : \u00ab\u00a0Je pense que c\u2019est juste un cascadeur dans un truc de stormtrooper\u00a0\u00bb, et j\u2019ai dit : \u00ab\u00a0Non, c\u2019est un vrai acteur, rien qu\u2019\u00e0 la fa\u00e7on dont il a travers\u00e9 la sc\u00e8ne.\u00a0\u00bb \u00bb<\/strong><\/p>\n<\/blockquote>\n<p>On ne le dira jamais assez, avant la technique, les larmes sur commande ou les transformations physiques, un com\u00e9dien c\u2019est avant tout un corps, une d\u00e9marche. Que Rian Johnson ait rep\u00e9r\u00e9 celle de Daniel Craig, m\u00eame engonc\u00e9 dans sa cuirasse blanche, montre un sacr\u00e9 \u0153il de cin\u00e9aste.<\/p>\n<p><a href=\"https:\/\/www.ecranlarge.com\/content\/uploads\/2025\/09\/wudm_ff_0002_r2.jpg\" rel=\"nofollow noopener\" target=\"_blank\"><\/p>\n<p><img loading=\"lazy\" decoding=\"async\" alt=\"Wake Up Dead Man \u00e0 couteaux tir\u00e9s 3\" src=\"https:\/\/www.europesays.com\/fr\/wp-content\/uploads\/2025\/11\/wudm_ff_0002_r2-1260x681.jpg\" width=\"1260\" height=\"681\"  \/><\/p>\n<p><\/a>Daniel, c\u2019est trop la classe\u2026 Bon, le costume \u00e7a aide quand m\u00eame un peu<\/p>\n<p>Surtout, trois films tourn\u00e9s ensemble plus tard, cette histoire donne r\u00e9trospectivement au partenariat des deux hommes une origine dr\u00f4le et presque \u00e9mouvante. Apr\u00e8s deux premiers whodunit r\u00e9ussis, <strong>on se r\u00e9jouit de retrouver l\u2019inspecteur Benoit Blanc dans Wake Up Dead Man : Une histoire \u00e0 couteaux tir\u00e9s \u00e0 partir du 12 d\u00e9cembre 2025 sur Netflix.<\/strong><\/p>\n","protected":false},"excerpt":{"rendered":"Dix ans apr\u00e8s la sortie de Star Wars \u2013 Le R\u00e9veil de la Force, Daniel Craig et Rian&hellip;\n","protected":false},"author":2,"featured_media":521248,"comment_status":"","ping_status":"","sticky":false,"template":"","format":"standard","meta":{"footnotes":""},"categories":[1354],"tags":[58,59,1346,1011,27,1360],"class_list":{"0":"post-521247","1":"post","2":"type-post","3":"status-publish","4":"format-standard","5":"has-post-thumbnail","7":"category-films","8":"tag-divertissement","9":"tag-entertainment","10":"tag-films","11":"tag-fr","12":"tag-france","13":"tag-movies"},"share_on_mastodon":{"url":"https:\/\/pubeurope.com\/@fr\/115515906317357087","error":""},"_links":{"self":[{"href":"https:\/\/www.europesays.com\/fr\/wp-json\/wp\/v2\/posts\/521247","targetHints":{"allow":["GET"]}}],"collection":[{"href":"https:\/\/www.europesays.com\/fr\/wp-json\/wp\/v2\/posts"}],"about":[{"href":"https:\/\/www.europesays.com\/fr\/wp-json\/wp\/v2\/types\/post"}],"author":[{"embeddable":true,"href":"https:\/\/www.europesays.com\/fr\/wp-json\/wp\/v2\/users\/2"}],"replies":[{"embeddable":true,"href":"https:\/\/www.europesays.com\/fr\/wp-json\/wp\/v2\/comments?post=521247"}],"version-history":[{"count":0,"href":"https:\/\/www.europesays.com\/fr\/wp-json\/wp\/v2\/posts\/521247\/revisions"}],"wp:featuredmedia":[{"embeddable":true,"href":"https:\/\/www.europesays.com\/fr\/wp-json\/wp\/v2\/media\/521248"}],"wp:attachment":[{"href":"https:\/\/www.europesays.com\/fr\/wp-json\/wp\/v2\/media?parent=521247"}],"wp:term":[{"taxonomy":"category","embeddable":true,"href":"https:\/\/www.europesays.com\/fr\/wp-json\/wp\/v2\/categories?post=521247"},{"taxonomy":"post_tag","embeddable":true,"href":"https:\/\/www.europesays.com\/fr\/wp-json\/wp\/v2\/tags?post=521247"}],"curies":[{"name":"wp","href":"https:\/\/api.w.org\/{rel}","templated":true}]}}