{"id":521263,"date":"2025-11-08T20:20:21","date_gmt":"2025-11-08T20:20:21","guid":{"rendered":"https:\/\/www.europesays.com\/fr\/521263\/"},"modified":"2025-11-08T20:20:21","modified_gmt":"2025-11-08T20:20:21","slug":"division-1-feminine-le-match-des-filles-du-racing-contre-saint-etienne-definitivement-arrete-a-molsheim-dna-les-dernieres-nouvelles-dalsace","status":"publish","type":"post","link":"https:\/\/www.europesays.com\/fr\/521263\/","title":{"rendered":"Division 1 f\u00e9minine. Le match des filles du Racing contre Saint-Etienne d\u00e9finitivement arr\u00eat\u00e9 \u00e0 Molsheim &#8211; DNA &#8211; Les Derni\u00e8res Nouvelles d&#039;Alsace"},"content":{"rendered":"<ol>\n<li><a href=\"https:\/\/news.google.com\/rss\/articles\/CBMiuwFBVV95cUxPQ1hRTDFmOFNEODdYS0Rld2NNYnhQbzJ6aWFrekhXaU5faEhCZ0tsMXdIOUxjZEZscHc5SzZwODh2aEpjU1c5eUZKdnRHNzRURHVTeFQzZVI2a2Qzc091Yjl4bWViU1NTLXdBUHFQNXRxN183WjNNaFUxcEw1dUM2dWVvNUpCVWkybV9QN1QwaFlsSmttT3BvTGRocjlQNWNlb194bXdPVFlqRTNZOG5mdkMtQjhDeTZ5aEFn?oc=5\" target=\"_blank\" rel=\"noopener\">Division 1 f\u00e9minine. Le match des filles du Racing contre Saint-Etienne d\u00e9finitivement arr\u00eat\u00e9 \u00e0 Molsheim<\/a>&nbsp;&nbsp;DNA &#8211; Les Derni\u00e8res Nouvelles d&rsquo;Alsace<\/li>\n<li><a href=\"https:\/\/news.google.com\/rss\/articles\/CBMi5gFBVV95cUxQT3lTUWYxalBqQlZ5blM4X0R5WnhwZ09zSU92TS14QktoZXNOcTg5ZW8zMWh4Y1J5MFo0ZDJPMTNoYm9RUnJ0Z3hQRXJ6SFdtUG9NSzNWLW03QWwtR1JuZElmUkFoNzI0aHVBMmkyYU9jLWpVWE9NT25oVFU2SzZWNUZDOFR3RGlHWGlKZWxiUmZORnFRNjlpOG5xb05MWWFkS24zdU5JTWQwNHc2eDFJVXhMRm45QVN0UDlYTFNsMG9Ba0JYdm05WlpJSXhGYm1BN19RMld4X3NLOU1kS0FXS0g0eVZQUQ?oc=5\" target=\"_blank\" rel=\"noopener\">La rencontre d&rsquo;Arkema Premi\u00e8re Ligue entre Strasbourg et Saint-\u00c9tienne arr\u00eat\u00e9e \u00e0 cause du brouillard<\/a>&nbsp;&nbsp;L&rsquo;\u00c9quipe<\/li>\n<li><a href=\"https:\/\/news.google.com\/rss\/articles\/CBMijAFBVV95cUxNa0JpOEdLTDNNSzlTY0dreHB2TVc4UVRRaDgzNndDVkMwWnhXSEdxZkx1QmNVUnpVa3hwMGdUMkpPalF3Z2ZCXzlic1hLa0NnNnVKVnd5VGh5a0xIa3NwajlkaWVIQnNpZmIxZmNqUm8yYzdaaXN4YjF4ZWdKSWV0RUZCMjBlcXlkQnB3Wg?oc=5\" target=\"_blank\" rel=\"noopener\">#RCSAASSE : Les 17 Vertes en d\u00e9placement \u00e0 Strasbourg !<\/a>&nbsp;&nbsp;ASSE<\/li>\n<li><a href=\"https:\/\/news.google.com\/rss\/articles\/CBMingFBVV95cUxPbkhtT1dCU3oyVUgzVTJkcnJIaGQ0WjJ2c3hSejN5QVdvZzB3eEpKVE45UUVsNlZ6RklVZnpBRVdiaGEzbFZRV1g0RU9KNHBjTG5UdjFzQXJpMDJwcmw3bjhTRXZSN2VWU3IyLTBTbGNmcDRvYU5WcGE1M2lFYXBPQ01FeUJ2NmNDclpaZC1qMDRaSmJiZ2ZTaFBUek0xZw?oc=5\" target=\"_blank\" rel=\"noopener\">Premi\u00e8re Ligue. Les Vertes \u00e0 Strasbourg pour confirmer leur nouvel \u00e9lan<\/a>&nbsp;&nbsp;Le Progr\u00e8s<\/li>\n<li><a href=\"https:\/\/news.google.com\/rss\/articles\/CBMifkFVX3lxTE1HX3Q1N2NnNkVhazlhZ2RHdElLY01xaF9pMENrd3czR3VBRl82RFhkU0N6WTJVSFlhYUMyc2xzTXhneGpNaXhBRmg1dmtBMmpfbUdZdWRlQ0kwYWUxblFvSl9fbWlsV1R0bXZ0ZWRsVWJsLWc3ZGYwZWhUSlBtZw?oc=5\" target=\"_blank\" rel=\"noopener\">L&rsquo;ASSE pr\u00eate \u00e0 confirmer en Alsace ?<\/a>&nbsp;&nbsp;Peuple-Vert.fr<\/li>\n<\/ol>\n","protected":false},"excerpt":{"rendered":"Division 1 f\u00e9minine. Le match des filles du Racing contre Saint-Etienne d\u00e9finitivement arr\u00eat\u00e9 \u00e0 Molsheim&nbsp;&nbsp;DNA &#8211; Les Derni\u00e8res&hellip;\n","protected":false},"author":2,"featured_media":521264,"comment_status":"","ping_status":"","sticky":false,"template":"","format":"standard","meta":{"footnotes":""},"categories":[2],"tags":[11,2649,63,1011,27,24623,12,43577,517,640],"class_list":{"0":"post-521263","1":"post","2":"type-post","3":"status-publish","4":"format-standard","5":"has-post-thumbnail","7":"category-actualites","8":"tag-actualites","9":"tag-bas-rhin","10":"tag-football","11":"tag-fr","12":"tag-france","13":"tag-molsheim","14":"tag-news","15":"tag-racing-club-strasbourg-feminin","16":"tag-sport","17":"tag-strasbourg"},"share_on_mastodon":{"url":"https:\/\/pubeurope.com\/@fr\/115515937509388775","error":""},"_links":{"self":[{"href":"https:\/\/www.europesays.com\/fr\/wp-json\/wp\/v2\/posts\/521263","targetHints":{"allow":["GET"]}}],"collection":[{"href":"https:\/\/www.europesays.com\/fr\/wp-json\/wp\/v2\/posts"}],"about":[{"href":"https:\/\/www.europesays.com\/fr\/wp-json\/wp\/v2\/types\/post"}],"author":[{"embeddable":true,"href":"https:\/\/www.europesays.com\/fr\/wp-json\/wp\/v2\/users\/2"}],"replies":[{"embeddable":true,"href":"https:\/\/www.europesays.com\/fr\/wp-json\/wp\/v2\/comments?post=521263"}],"version-history":[{"count":0,"href":"https:\/\/www.europesays.com\/fr\/wp-json\/wp\/v2\/posts\/521263\/revisions"}],"wp:featuredmedia":[{"embeddable":true,"href":"https:\/\/www.europesays.com\/fr\/wp-json\/wp\/v2\/media\/521264"}],"wp:attachment":[{"href":"https:\/\/www.europesays.com\/fr\/wp-json\/wp\/v2\/media?parent=521263"}],"wp:term":[{"taxonomy":"category","embeddable":true,"href":"https:\/\/www.europesays.com\/fr\/wp-json\/wp\/v2\/categories?post=521263"},{"taxonomy":"post_tag","embeddable":true,"href":"https:\/\/www.europesays.com\/fr\/wp-json\/wp\/v2\/tags?post=521263"}],"curies":[{"name":"wp","href":"https:\/\/api.w.org\/{rel}","templated":true}]}}