{"id":521267,"date":"2025-11-08T20:22:17","date_gmt":"2025-11-08T20:22:17","guid":{"rendered":"https:\/\/www.europesays.com\/fr\/521267\/"},"modified":"2025-11-08T20:22:17","modified_gmt":"2025-11-08T20:22:17","slug":"les-verts-menent-mais-perdent-duffus-sur-blessure","status":"publish","type":"post","link":"https:\/\/www.europesays.com\/fr\/521267\/","title":{"rendered":"les Verts m\u00e8nent, mais perdent Duffus sur blessure"},"content":{"rendered":"<p>&#13;<br \/>\n                                                    En direct&#13;<br \/>\n                        &#13;\n                                            <\/p>\n<p>L&rsquo;AS Saint-Etienne vogue en eaux troubles ces derni\u00e8res semaines. Il est urgent de redresser la barre et de retrouver un peu de stabilit\u00e9. Jouer le leader du championnat maintenant n&rsquo;est peut-\u00eatre pas le meilleur timing, mais c&rsquo;est ainsi. La victoire peut repr\u00e9senter un formidable boost de confiance. Les Verts doivent partir \u00e0 l&rsquo;assaut de l&rsquo;Aube pour effectuer un beau rapproch\u00e9 au classement. Ils n&rsquo;ont plus le choix.<\/p>\n<p>&#13;<br \/>\n              Gabriel Devynck &#8211; &#13;<br \/>\n        &#13;<br \/>\n          Aujourd&rsquo;hui \u00e0 19:15&#13;<br \/>\n    &#13;<br \/>\n                  | mis \u00e0 jour aujourd&rsquo;hui \u00e0 21:20&#13;<br \/>\n              &#8211; Temps de lecture : &#13;<br \/>\n  &#13;\n<\/p>\n<p>                        &#13;<br \/>\n    &#13;<br \/>\n    &#13;<br \/>\n    <a href=\"https:\/\/cdn-s-www.leprogres.fr\/images\/9A087EB8-1CF3-4259-9376-D0333BA4C406\/NW_raw\/malgre-leur-belle-victoire-contre-pau-les-verts-ont-craque-contre-le-red-star-le-week-end-dernier-photo-illustration-sonia-barcet-1762624141.jpg\" title=\"Malgr\u00e9 leur belle victoire contre Pau, les Verts ont craqu\u00e9 contre le Red Star le week-end dernier. Photo illustration Sonia Barcet\" class=\"chocolat-image GA-tracking\" data-ga_type=\"click\" data-ga_category=\"D\u00e9tail\" data-ga_action=\"zoomer\" data-ga_label=\"aggrandir image\" target=\"_blank\" rel=\"noopener\">&#13;<br \/>\n        <img src=\"https:\/\/www.europesays.com\/fr\/wp-content\/uploads\/2025\/11\/malgre-leur-belle-victoire-contre-pau-les-verts-ont-craque-contre-le-red-star-le-week-end-dernier-ph.jpeg\"   alt=\"Malgr\u00e9 leur belle victoire contre Pau, les Verts ont craqu\u00e9 contre le Red Star le week-end dernier. Photo illustration Sonia Barcet\" fetchpriority=\"high\" decoding=\"async\" data-mobile=\"NW_detail_M|1762624141\" data-base=\"NW_detail|1762624141\"\/>&#13;<br \/>\n    <\/a>&#13;<\/p>\n<p>Malgr\u00e9 leur belle victoire contre Pau, les Verts ont craqu\u00e9 contre le Red Star le week-end dernier. Photo illustration Sonia Barcet<\/p>\n","protected":false},"excerpt":{"rendered":"&#13; En direct&#13; &#13; L&rsquo;AS Saint-Etienne vogue en eaux troubles ces derni\u00e8res semaines. Il est urgent de redresser&hellip;\n","protected":false},"author":2,"featured_media":521268,"comment_status":"","ping_status":"","sticky":false,"template":"","format":"standard","meta":{"footnotes":""},"categories":[9653],"tags":[1111,11,4000,2430,7539,1777,674,107,63,1011,27,4002,3367,12,25,4001,517],"class_list":{"0":"post-521267","1":"post","2":"type-post","3":"status-publish","4":"format-standard","5":"has-post-thumbnail","7":"category-saint-etienne","8":"tag-actu","9":"tag-actualites","10":"tag-asse-as-saint-etienne-football","11":"tag-auvergne-rhone-alpes","12":"tag-edition-loire-sud","13":"tag-eu","14":"tag-europe","15":"tag-fil-info","16":"tag-football","17":"tag-fr","18":"tag-france","19":"tag-haute-loire","20":"tag-loire","21":"tag-news","22":"tag-republique-francaise","23":"tag-saint-etienne","24":"tag-sport"},"share_on_mastodon":{"url":"https:\/\/pubeurope.com\/@fr\/115515946194803581","error":""},"_links":{"self":[{"href":"https:\/\/www.europesays.com\/fr\/wp-json\/wp\/v2\/posts\/521267","targetHints":{"allow":["GET"]}}],"collection":[{"href":"https:\/\/www.europesays.com\/fr\/wp-json\/wp\/v2\/posts"}],"about":[{"href":"https:\/\/www.europesays.com\/fr\/wp-json\/wp\/v2\/types\/post"}],"author":[{"embeddable":true,"href":"https:\/\/www.europesays.com\/fr\/wp-json\/wp\/v2\/users\/2"}],"replies":[{"embeddable":true,"href":"https:\/\/www.europesays.com\/fr\/wp-json\/wp\/v2\/comments?post=521267"}],"version-history":[{"count":0,"href":"https:\/\/www.europesays.com\/fr\/wp-json\/wp\/v2\/posts\/521267\/revisions"}],"wp:featuredmedia":[{"embeddable":true,"href":"https:\/\/www.europesays.com\/fr\/wp-json\/wp\/v2\/media\/521268"}],"wp:attachment":[{"href":"https:\/\/www.europesays.com\/fr\/wp-json\/wp\/v2\/media?parent=521267"}],"wp:term":[{"taxonomy":"category","embeddable":true,"href":"https:\/\/www.europesays.com\/fr\/wp-json\/wp\/v2\/categories?post=521267"},{"taxonomy":"post_tag","embeddable":true,"href":"https:\/\/www.europesays.com\/fr\/wp-json\/wp\/v2\/tags?post=521267"}],"curies":[{"name":"wp","href":"https:\/\/api.w.org\/{rel}","templated":true}]}}