{"id":521269,"date":"2025-11-08T20:23:32","date_gmt":"2025-11-08T20:23:32","guid":{"rendered":"https:\/\/www.europesays.com\/fr\/521269\/"},"modified":"2025-11-08T20:23:32","modified_gmt":"2025-11-08T20:23:32","slug":"velaine-sous-amance-des-naissances-exceptionnelles-a-la-ferme-de-bouge","status":"publish","type":"post","link":"https:\/\/www.europesays.com\/fr\/521269\/","title":{"rendered":"Velaine-sous-Amance. Des naissances exceptionnelles \u00e0 la ferme de Bouge"},"content":{"rendered":"<p>Un \u00e9v\u00e9nement peu commun s\u2019est produit le 29\u00a0octobre \u00e0 l\u2019exploitation EARL De Bouge, dirig\u00e9e par Florian Doyen\u00a0: une vache allaitante de race charolaise a mis bas des tripl\u00e9s femelles. Cette naissance exceptionnelle est la deuxi\u00e8me du genre dans la commune en douze ans, la premi\u00e8re ayant eu lieu \u00e0 la ferme de Jacques Midon.<\/p>\n<p>L\u2019\u00e9leveur \u00e9tait pr\u00e9sent durant la mise bas, qui s\u2019est d\u00e9roul\u00e9e en une heure environ. Il est seulement intervenu lors de la seconde naissance pour d\u00e9gager une patte mal positionn\u00e9e. Les trois veaux sont en bonne sant\u00e9 et leur m\u00e8re a rapidement r\u00e9cup\u00e9r\u00e9.<\/p>\n<p>  Une gestion adapt\u00e9e \u00e0 une situation rare<\/p>\n<p>Le seul souci est qu\u2019elle ne peut allaiter seule les trois petits veaux. Florian Doyen a donc d\u00fb faire appel \u00e0 une seconde vache allaitante pour nourrir les petits gloutons dans de bonnes conditions.<\/p>\n<p>\u00ab\u00a0C\u2019est la premi\u00e8re fois que cela arrive \u00e0 la ferme. Sur les 70 m\u00e8res de l\u2019exploitation, il y a des naissances de jumeaux tous les ans, sept cette ann\u00e9e. Mais des tripl\u00e9s, c\u2019est extr\u00eamement rare. C\u00f4t\u00e9 administratif, c\u2019est la gal\u00e8re pour d\u00e9clarer les naissances car rien n\u2019est pr\u00e9vu dans ce cas-l\u00e0\u00a0\u00bb pr\u00e9cise Florian Doyen qui ressent \u00ab une r\u00e9elle fiert\u00e9 et beaucoup de satisfaction face \u00e0 ce m\u00e9morable \u00e9v\u00e9nement \u00bb.<\/p>\n<p>Les veaux seront \u00e9lev\u00e9s \u00e0 la ferme pendant six ou sept mois avant d\u2019\u00eatre vendus \u00e0 d\u2019autres exploitations.<\/p>\n","protected":false},"excerpt":{"rendered":"Un \u00e9v\u00e9nement peu commun s\u2019est produit le 29\u00a0octobre \u00e0 l\u2019exploitation EARL De Bouge, dirig\u00e9e par Florian Doyen\u00a0: une&hellip;\n","protected":false},"author":2,"featured_media":521270,"comment_status":"","ping_status":"","sticky":false,"template":"","format":"standard","meta":{"footnotes":""},"categories":[9635],"tags":[1111,11,12080,1704,1777,674,274,1011,27,775,1702,12,25,39660],"class_list":{"0":"post-521269","1":"post","2":"type-post","3":"status-publish","4":"format-standard","5":"has-post-thumbnail","7":"category-nancy","8":"tag-actu","9":"tag-actualites","10":"tag-cc-de-seille-et-grand-couronne-54b","11":"tag-edition-nancy-et-agglomeration","12":"tag-eu","13":"tag-europe","14":"tag-faits-divers-justice","15":"tag-fr","16":"tag-france","17":"tag-grand-est","18":"tag-nancy","19":"tag-news","20":"tag-republique-francaise","21":"tag-velaine-sous-amance"},"share_on_mastodon":{"url":"https:\/\/pubeurope.com\/@fr\/115515949242039961","error":""},"_links":{"self":[{"href":"https:\/\/www.europesays.com\/fr\/wp-json\/wp\/v2\/posts\/521269","targetHints":{"allow":["GET"]}}],"collection":[{"href":"https:\/\/www.europesays.com\/fr\/wp-json\/wp\/v2\/posts"}],"about":[{"href":"https:\/\/www.europesays.com\/fr\/wp-json\/wp\/v2\/types\/post"}],"author":[{"embeddable":true,"href":"https:\/\/www.europesays.com\/fr\/wp-json\/wp\/v2\/users\/2"}],"replies":[{"embeddable":true,"href":"https:\/\/www.europesays.com\/fr\/wp-json\/wp\/v2\/comments?post=521269"}],"version-history":[{"count":0,"href":"https:\/\/www.europesays.com\/fr\/wp-json\/wp\/v2\/posts\/521269\/revisions"}],"wp:featuredmedia":[{"embeddable":true,"href":"https:\/\/www.europesays.com\/fr\/wp-json\/wp\/v2\/media\/521270"}],"wp:attachment":[{"href":"https:\/\/www.europesays.com\/fr\/wp-json\/wp\/v2\/media?parent=521269"}],"wp:term":[{"taxonomy":"category","embeddable":true,"href":"https:\/\/www.europesays.com\/fr\/wp-json\/wp\/v2\/categories?post=521269"},{"taxonomy":"post_tag","embeddable":true,"href":"https:\/\/www.europesays.com\/fr\/wp-json\/wp\/v2\/tags?post=521269"}],"curies":[{"name":"wp","href":"https:\/\/api.w.org\/{rel}","templated":true}]}}