{"id":521275,"date":"2025-11-08T20:27:11","date_gmt":"2025-11-08T20:27:11","guid":{"rendered":"https:\/\/www.europesays.com\/fr\/521275\/"},"modified":"2025-11-08T20:27:11","modified_gmt":"2025-11-08T20:27:11","slug":"top-14-toulon-monte-en-puissance","status":"publish","type":"post","link":"https:\/\/www.europesays.com\/fr\/521275\/","title":{"rendered":"Top 14 : Toulon monte en puissance"},"content":{"rendered":"<p>Il semble loin le premier match face au Castres Olympique. Le 13\u00a0septembre dernier, l&rsquo;\u00e9quipe de <a href=\"https:\/\/www.laprovence.com\/article\/sports\/41865120332027\/rugby-pierre-mignoni-prolonge-a-toulon-jusquen-2029\" target=\"_blank\" rel=\"noopener\">Pierre Mignoni<\/a> s&rsquo;imposait timidement au stade Mayol face au club tarnais pour sa deuxi\u00e8me rencontre de la saison (16-12). Depuis, les Varois sont mont\u00e9s en puissance au fil des semaines en d\u00e9crochant des succ\u00e8s bonifi\u00e9s contre <a href=\"https:\/\/www.laprovence.com\/article\/sports\/9664242453530814\/top-14-toulon-decroche-son-premier-succes-bonifie-contre-pau\" target=\"_blank\" rel=\"noopener\">Pau<\/a>, le Racing 92 et enfin <a href=\"https:\/\/www.laprovence.com\/article\/sports\/66079860835285\/rugby-top-14-toulon-simpose-avec-la-maniere-contre-lyon\" target=\"_blank\" rel=\"noopener\">Lyon<\/a>.<\/p>\n<p>Hier contre<a href=\"https:\/\/www.laprovence.com\/article\/sports\/1166400830695215\/rugby-top-14-la-rochelle-ne-boycottera-finalement-pas-la-rencontre-contre-toulon\" target=\"_blank\" rel=\"noopener\"> La\u00a0Rochelle<\/a>, l&rsquo;occasion \u00e9tait parfaite pour les Toulonnais de confirmer cette forme ascendante en se confrontant \u00e0 l&rsquo;une des \u00e9quipes en forme de ce d\u00e9but de championnat. Malgr\u00e9 les al\u00e9as d&rsquo;un match report\u00e9 et de nombreux joueurs absents, Melvyn Jaminet et ses partenaires n&rsquo;ont pas d\u00e9\u00e7u, bien au contraire, ils ont encore hauss\u00e9 leur niveau de jeu.<\/p>\n<p>Appliqu\u00e9s en d\u00e9fense, d\u00e9cisifs en attaque<\/p>\n<p>Incertain jusqu&rsquo;\u00e0 la veille du match, l&rsquo;arri\u00e8re international a fait plus que simplement tenir sa place en marquant le premier essai du match avant de doubler la mise et inscrire au total 19 points. \u00ab\u00a0C&rsquo;est un tr\u00e8s bon joueur, on conna\u00eet ses qualit\u00e9s donc on n&rsquo;\u00e9tait pas perturb\u00e9 par sa pr\u00e9sence au dernier moment. On savait qu&rsquo;il allait faire un gros match, comme depuis le d\u00e9but de la saison\u00a0\u00bb, a confi\u00e9 Mathis Fert\u00e9 \u00e0 l&rsquo;issue de la partie \u00e0 propos du num\u00e9ro\u00a015.<\/p>\n<p>\u00c0 l&rsquo;image de leur buteur, tous les Toulonnais ont montr\u00e9 une certaine s\u00e9r\u00e9nit\u00e9 hier pendant leurs quelques temps faibles. Appliqu\u00e9s en d\u00e9fense, ils sont \u00e9galement parvenus \u00e0 se montrer d\u00e9cisifs sur le plan offensif pour \u00e9craser La\u00a0Rochelle (39-14) et d\u00e9crocher un pr\u00e9cieux point de bonus offensif, le quatri\u00e8me d&rsquo;affil\u00e9e \u00e0 domicile. Avec 24 points pris sur 25 possibles devant son public cette saison, le RCT est la meilleure \u00e9quipe \u00e0 domicile \u00e0 \u00e9galit\u00e9 avec le Stade Toulousain.<\/p>\n<p>Une position de leader partag\u00e9e \u00e9galement au niveau du classement g\u00e9n\u00e9ral apr\u00e8s ces neuf premi\u00e8res journ\u00e9es de championnat. Les plus tatillons diront que les hommes de Pierre Mignoni sont deuxi\u00e8mes \u00e0 cause de leur lourde d\u00e9faite en Haute-Garonne alors que le manager, lui, ne perd rien de son exigence\u00a0: \u00ab\u00a0C&rsquo;est positif car \u00e0 un point pr\u00e8s, on fait un sans-faute. Mais attention. Ce championnat va se gagner \u00e0 la maison mais aussi \u00e0 l&rsquo;ext\u00e9rieur, il faudra bien voyager avec d&rsquo;autres matches \u00e0 venir de tr\u00e8s haut niveau.\u00a0\u00bb<\/p>\n<p>Le prochain, justement, ce sera le 23\u00a0novembre sur la pelouse du Stade Fran\u00e7ais, sixi\u00e8me du classement. Apr\u00e8s avoir montr\u00e9 une belle domination sur ses terres, le Rugby Club Toulonnais va devoir faire mieux \u00e0 l&rsquo;ext\u00e9rieur. Les joueurs de la Rade auront le temps de se pr\u00e9parer correctement pour ce d\u00e9fi pendant les deux semaines de tr\u00eave mais d&rsquo;ici l\u00e0, le talonneur Teddy Baubigny a annonc\u00e9 la couleur pour les prochains jours\u00a0: \u00ab\u00a0Partir en vacances l&rsquo;esprit tranquille.\u00a0\u00bb<\/p>\n<p>Toulon 39 &#8211; La Rochelle 14<\/p>\n<p>Stade Mayol. <br \/>Mi-temps\u00a0: 17-7. <br \/>Arbitre\u00a0: Adrien Marbot. <br \/>Spectateurs\u00a0: 16\u00a0749. <br \/>Les points &#8211; RCT\u00a0: 6 essais Jaminet (8, 46), Fert\u00e9 (20), Ribbans (40 +\u00a01), Priso (58), Dr\u00e9an (79), 3 transformations Jaminet (20, 46, 58), 1 p\u00e9nalit\u00e9 Jaminet (44).<br \/>La\u00a0Rochelle\u00a0: 2 essais Cancoriet (29), Leyds (67), 2 transformations Hastoy (29, 67). <br \/>Cartons jaunes &#8211; RCT\u00a0: Nonu (75). La\u00a0Rochelle\u00a0: Favre (9). <br \/>RC Toulon : Jaminet (Nonu, 64) &#8211; Dr\u00e9an, Smaili (Cowie, 61), Sinzelle, Fert\u00e9 &#8211; (o) Garcia, (m) Serin (Le Bail, 72) &#8211; Abadie, Ollivon (Ludlam, 76), Ludlam (Mercer, 56) &#8211; Alainu&rsquo;uese (Javakhia, 62), Ribbans &#8211; Sinckler (Ametlla, 68), Baubigny (Damond, 56), Brennan (Priso, mt). <br \/>La\u00a0Rochelle\u00a0: Leyds &#8211; Nowell (Jurd, 62), Favre, Daunivucu, Lagivala (Bosmorin, 50) &#8211; (o) Hastoy, (m) Berjon &#8211; Andjisseramatchi (Botia, 47), Haddad (Dillane, mt), Cancoriet (Haddad, 61) &#8211; Skelton (Kante Samba, 61), Lavault &#8211; Sorin (Kuntelia, 45), Lespiaucq (Sutidze, 57), Kaddouri (Luaki, 68).<\/p>\n","protected":false},"excerpt":{"rendered":"Il semble loin le premier match face au Castres Olympique. Le 13\u00a0septembre dernier, l&rsquo;\u00e9quipe de Pierre Mignoni s&rsquo;imposait&hellip;\n","protected":false},"author":2,"featured_media":521276,"comment_status":"","ping_status":"","sticky":false,"template":"","format":"standard","meta":{"footnotes":""},"categories":[9619],"tags":[17,1111,11,1777,674,1011,27,7636,12,882,37591,25,479,60,3030,2310],"class_list":{"0":"post-521275","1":"post","2":"type-post","3":"status-publish","4":"format-standard","5":"has-post-thumbnail","7":"category-toulon","8":"tag-17","9":"tag-actu","10":"tag-actualites","11":"tag-eu","12":"tag-europe","13":"tag-fr","14":"tag-france","15":"tag-monte","16":"tag-news","17":"tag-provence-alpes-cote-dazur","18":"tag-puissance","19":"tag-republique-francaise","20":"tag-rugby","21":"tag-sports","22":"tag-top","23":"tag-toulon"},"share_on_mastodon":{"url":"https:\/\/pubeurope.com\/@fr\/115515965098095400","error":""},"_links":{"self":[{"href":"https:\/\/www.europesays.com\/fr\/wp-json\/wp\/v2\/posts\/521275","targetHints":{"allow":["GET"]}}],"collection":[{"href":"https:\/\/www.europesays.com\/fr\/wp-json\/wp\/v2\/posts"}],"about":[{"href":"https:\/\/www.europesays.com\/fr\/wp-json\/wp\/v2\/types\/post"}],"author":[{"embeddable":true,"href":"https:\/\/www.europesays.com\/fr\/wp-json\/wp\/v2\/users\/2"}],"replies":[{"embeddable":true,"href":"https:\/\/www.europesays.com\/fr\/wp-json\/wp\/v2\/comments?post=521275"}],"version-history":[{"count":0,"href":"https:\/\/www.europesays.com\/fr\/wp-json\/wp\/v2\/posts\/521275\/revisions"}],"wp:featuredmedia":[{"embeddable":true,"href":"https:\/\/www.europesays.com\/fr\/wp-json\/wp\/v2\/media\/521276"}],"wp:attachment":[{"href":"https:\/\/www.europesays.com\/fr\/wp-json\/wp\/v2\/media?parent=521275"}],"wp:term":[{"taxonomy":"category","embeddable":true,"href":"https:\/\/www.europesays.com\/fr\/wp-json\/wp\/v2\/categories?post=521275"},{"taxonomy":"post_tag","embeddable":true,"href":"https:\/\/www.europesays.com\/fr\/wp-json\/wp\/v2\/tags?post=521275"}],"curies":[{"name":"wp","href":"https:\/\/api.w.org\/{rel}","templated":true}]}}