{"id":52128,"date":"2025-04-25T16:05:13","date_gmt":"2025-04-25T16:05:13","guid":{"rendered":"https:\/\/www.europesays.com\/fr\/52128\/"},"modified":"2025-04-25T16:05:13","modified_gmt":"2025-04-25T16:05:13","slug":"saint-symphorien-sur-coise-un-nouveau-projet-immobilier-va-selever-route-de-saint-etienne","status":"publish","type":"post","link":"https:\/\/www.europesays.com\/fr\/52128\/","title":{"rendered":"Saint-Symphorien-sur-Coise. Un nouveau projet immobilier va s\u2019\u00e9lever route de Saint-Etienne"},"content":{"rendered":"<p>La maison du syndicat des eaux, route de Saint-Etienne, va dispara\u00eetre. Une pelle de 50 tonnes est \u00e0 l\u2019\u0153uvre pour la d\u00e9molition du b\u00e2timent, pour laisser la place au projet immobilier Les Sources, qui proposera 22 logements, dans un cadre ressour\u00e7ant, avec une belle vue, allant du logement interm\u00e9diaire au collectif.<\/p>\n<p>Ce projet qui va s\u2019\u00e9lever, on le doit au promoteur AT\u00a0Synergies.<\/p>\n<p>Un acteur&#8230;                <\/p>\n","protected":false},"excerpt":{"rendered":"La maison du syndicat des eaux, route de Saint-Etienne, va dispara\u00eetre. Une pelle de 50 tonnes est \u00e0&hellip;\n","protected":false},"author":2,"featured_media":52129,"comment_status":"","ping_status":"","sticky":false,"template":"","format":"standard","meta":{"footnotes":""},"categories":[9653],"tags":[1111,11,2430,4749,33,3154,1777,674,1011,27,1908,12,25,4001,14527,14528,104],"class_list":{"0":"post-52128","1":"post","2":"type-post","3":"status-publish","4":"format-standard","5":"has-post-thumbnail","7":"category-saint-etienne","8":"tag-actu","9":"tag-actualites","10":"tag-auvergne-rhone-alpes","11":"tag-btp-et-chantiers","12":"tag-economie","13":"tag-edition-sud-lyonnais","14":"tag-eu","15":"tag-europe","16":"tag-fr","17":"tag-france","18":"tag-logement","19":"tag-news","20":"tag-republique-francaise","21":"tag-saint-etienne","22":"tag-saint-symphorien-sur-coise","23":"tag-saint-symphorien-sur-coise-bassin","24":"tag-societe"},"share_on_mastodon":{"url":"https:\/\/pubeurope.com\/@fr\/114399459675811421","error":""},"_links":{"self":[{"href":"https:\/\/www.europesays.com\/fr\/wp-json\/wp\/v2\/posts\/52128","targetHints":{"allow":["GET"]}}],"collection":[{"href":"https:\/\/www.europesays.com\/fr\/wp-json\/wp\/v2\/posts"}],"about":[{"href":"https:\/\/www.europesays.com\/fr\/wp-json\/wp\/v2\/types\/post"}],"author":[{"embeddable":true,"href":"https:\/\/www.europesays.com\/fr\/wp-json\/wp\/v2\/users\/2"}],"replies":[{"embeddable":true,"href":"https:\/\/www.europesays.com\/fr\/wp-json\/wp\/v2\/comments?post=52128"}],"version-history":[{"count":0,"href":"https:\/\/www.europesays.com\/fr\/wp-json\/wp\/v2\/posts\/52128\/revisions"}],"wp:featuredmedia":[{"embeddable":true,"href":"https:\/\/www.europesays.com\/fr\/wp-json\/wp\/v2\/media\/52129"}],"wp:attachment":[{"href":"https:\/\/www.europesays.com\/fr\/wp-json\/wp\/v2\/media?parent=52128"}],"wp:term":[{"taxonomy":"category","embeddable":true,"href":"https:\/\/www.europesays.com\/fr\/wp-json\/wp\/v2\/categories?post=52128"},{"taxonomy":"post_tag","embeddable":true,"href":"https:\/\/www.europesays.com\/fr\/wp-json\/wp\/v2\/tags?post=52128"}],"curies":[{"name":"wp","href":"https:\/\/api.w.org\/{rel}","templated":true}]}}