{"id":521307,"date":"2025-11-08T20:45:11","date_gmt":"2025-11-08T20:45:11","guid":{"rendered":"https:\/\/www.europesays.com\/fr\/521307\/"},"modified":"2025-11-08T20:45:11","modified_gmt":"2025-11-08T20:45:11","slug":"ce-musee-se-transforme-en-salle-de-concert","status":"publish","type":"post","link":"https:\/\/www.europesays.com\/fr\/521307\/","title":{"rendered":"ce mus\u00e9e se transforme en salle de concert"},"content":{"rendered":"<p>            Par<br \/>\n        <strong><br \/>\n            <a href=\"https:\/\/actu.fr\/auteur\/hugo-hancewicz\" title=\"Consulter tous les articles de Hugo Hancewicz\" target=\"_blank\" rel=\"noopener\">Hugo Hancewicz<\/a><br \/>\n        <\/strong><\/p>\n<p>        Publi\u00e9 le<\/p>\n<p>            8 nov. 2025 \u00e0 19h06        <\/p>\n<p>Le mus\u00e9e <a href=\"https:\/\/actu.fr\/tag\/aeroscopia\" target=\"_blank\" rel=\"noopener\">Aeroscopia<\/a> de <a href=\"https:\/\/actu.fr\/occitanie\/blagnac_31069\" target=\"_blank\" rel=\"noopener\">Blagnac<\/a>, au nord de <a href=\"https:\/\/actu.fr\/toulouse\/\" target=\"_blank\" rel=\"noopener\">Toulouse<\/a>, s\u2019appr\u00eate \u00e0 vibrer \u00e0 un tout autre rythme que celui des r\u00e9acteurs. Le 22\u00a0novembre 2025, le collectif Plein Phare rallume les moteurs pour une nuit \u00e9lectrisante, la 3e \u00e9dition de l\u2019<strong>Aeronautic Rave Museum<\/strong>, o\u00f9 musique \u00e9lectronique et patrimoine a\u00e9ronautique ne feront plus qu\u2019un. Sous les ailes du Concorde et la vo\u00fbte imposante du hangar, les g\u00e9ants du ciel s\u2019appr\u00eatent \u00e0 danser au son des basses, <strong>de 20\u00a0heures jusqu\u2019\u00e0 l\u2019aube<\/strong>. Mais attention, il ne reste plus beaucoup de place\u2009!<\/p>\n<p>Une immersion totale dans l\u2019univers a\u00e9ronautique<\/p>\n<p class=\" wall-content\">Pour cette \u00e9dition 2025, Plein Phare promet une exp\u00e9rience sensorielle totale. Entre les silhouettes mythiques du <strong>Concorde<\/strong>, de l\u2019A380 et de l\u2019A400M, les visiteurs seront plong\u00e9s dans une sc\u00e9nographie futuriste, habill\u00e9e de lumi\u00e8res monumentales et d\u2019un <strong>syst\u00e8me son<\/strong>\u00a0\u00e0 la pr\u00e9cision chirurgicale. Le mus\u00e9e, habituellement temple de l\u2019a\u00e9ronautique, deviendra le temps d\u2019une nuit un v\u00e9ritable vaisseau sonore.<\/p>\n<p class=\" wall-content\">D\u00e8s la tomb\u00e9e de la nuit, les festivaliers pourront fl\u00e2ner entre les avions de <strong>l\u00e9gende<\/strong> jusqu\u2019\u00e0 minuit, avant de se laisser happer par le dancefloor de 8\u2009000 m\u00b2. Pour ceux qui pr\u00e9f\u00e8rent prendre un peu de hauteur, une mezzanine VIP offrira un <strong>panorama<\/strong> unique sur la sc\u00e8ne et les appareils.<\/p>\n<p>Une programmation XXL<\/p>\n<p class=\" wall-content\">C\u00f4t\u00e9 sc\u00e8ne, Plein Phare ne fait pas les choses \u00e0 moiti\u00e9. Le collectif signe une line-up audacieuse m\u00ealant techno, rave et sonorit\u00e9s plus bouncy\u2009:<\/p>\n<p>Vid\u00e9os : en ce moment sur Actu<\/p>\n<p class=\" wall-content\">Les t\u00eates d\u2019affiche VCL, FLKN, RABTEU, JAAX, MORELIA, sans oublier le B2B explosif de BET\u00cfSES &amp; MIZA, feront <strong>trembler<\/strong> le hangar. La sc\u00e8ne locale sera elle aussi mise \u00e0 l\u2019honneur, avec CHIPIE, DRIZER AC et JURIA, fers de lance d\u2019une nouvelle g\u00e9n\u00e9ration toulousaine.<\/p>\n<p class=\" wall-content\"><a href=\"https:\/\/www.instagram.com\/p\/DQWaIJXjVVW\/embed\" title=\"Ouvrir le lien sur Instagram\" target=\"_blank\" rel=\"noopener\">Visualiser le contenu sur Instagram<\/a><\/p>\n<p>Dix ans de passion \u00e9lectronique<\/p>\n<p class=\" wall-content\">N\u00e9 \u00e0 Toulouse en 2013, le collectif Plein Phare a organis\u00e9 plus de <strong>200 \u00e9v\u00e9nements<\/strong> et r\u00e9uni des centaines d\u2019artistes locaux et internationaux, s\u2019imposant comme un acteur incontournable de la sc\u00e8ne \u00e9lectronique toulousaine.<\/p>\n<p>Votre r\u00e9gion, votre actu !<\/p>\n<p>Recevez chaque jour les infos qui comptent pour vous.<\/p>\n<p>\t<a href=\"https:\/\/actu.fr\/newsletter\" class=\"ac-btn ac-btn--corner ac-btn--medium ac-btn--blue800\" target=\"_blank\" rel=\"noopener\">S&rsquo;incrire<\/a><\/p>\n<p class=\" wall-content\">Pour cette 3e \u00e9dition de l\u2019Aeronautic Rave Museum, les organisateurs esp\u00e8rent r\u00e9unir 1\u2009700 festivaliers.<\/p>\n<p><strong>Infos pratiques<\/strong><br \/>Mus\u00e9e Aeroscopia \u2013 1 all\u00e9e Andr\u00e9 Turcat, Blagnac<br \/>\nSamedi 22\u00a0novembre 2025 de 20\u00a0heures \u00e0 5\u00a0heures du matin<br \/>\nTram T1 \u2013 arr\u00eat Beauzelle-Aeroscopia (10\u00a0minutes \u00e0 pied)<br \/>\nBilletterie en ligne sur <a href=\"https:\/\/shotgun.live\/fr\/festivals\/aeroscopia-x-plein-phare\" target=\"_blank\" rel=\"noopener\">Shotgun<\/a><\/p>\n<p class=\" wall-content\">Personnalisez votre actualit\u00e9 en ajoutant vos villes et m\u00e9dias en favori avec <a href=\"https:\/\/moncompte.actu.fr\" title=\"D\u00e9couvez Mon Actu\" rel=\"nofollow noopener\" data-trk=\"{&quot;cta&quot;:{&quot;action&quot;:&quot;https:\\\/\\\/moncompte.actu.fr&quot;,&quot;category&quot;:&quot;mon compte&quot;,&quot;from&quot;:&quot;article footer&quot;,&quot;name&quot;:&quot;Mon actu&quot;,&quot;type&quot;:&quot;cta&quot;}}\" target=\"_blank\">Mon Actu<\/a>.<\/p>\n<p>                    <script async src=\"\/\/www.instagram.com\/embed.js\"><\/script><\/p>\n","protected":false},"excerpt":{"rendered":"Par Hugo Hancewicz Publi\u00e9 le 8 nov. 2025 \u00e0 19h06 Le mus\u00e9e Aeroscopia de Blagnac, au nord de&hellip;\n","protected":false},"author":2,"featured_media":521308,"comment_status":"","ping_status":"","sticky":false,"template":"","format":"standard","meta":{"footnotes":""},"categories":[2816],"tags":[1111,11,18585,1777,674,1011,27,1652,873,12,2680,25,2312],"class_list":{"0":"post-521307","1":"post","2":"type-post","3":"status-publish","4":"format-standard","5":"has-post-thumbnail","7":"category-toulouse","8":"tag-actu","9":"tag-actualites","10":"tag-aeroscopia","11":"tag-eu","12":"tag-europe","13":"tag-fr","14":"tag-france","15":"tag-loisirs-culture","16":"tag-musique","17":"tag-news","18":"tag-occitanie","19":"tag-republique-francaise","20":"tag-toulouse"},"share_on_mastodon":{"url":"https:\/\/pubeurope.com\/@fr\/115516035910154818","error":""},"_links":{"self":[{"href":"https:\/\/www.europesays.com\/fr\/wp-json\/wp\/v2\/posts\/521307","targetHints":{"allow":["GET"]}}],"collection":[{"href":"https:\/\/www.europesays.com\/fr\/wp-json\/wp\/v2\/posts"}],"about":[{"href":"https:\/\/www.europesays.com\/fr\/wp-json\/wp\/v2\/types\/post"}],"author":[{"embeddable":true,"href":"https:\/\/www.europesays.com\/fr\/wp-json\/wp\/v2\/users\/2"}],"replies":[{"embeddable":true,"href":"https:\/\/www.europesays.com\/fr\/wp-json\/wp\/v2\/comments?post=521307"}],"version-history":[{"count":0,"href":"https:\/\/www.europesays.com\/fr\/wp-json\/wp\/v2\/posts\/521307\/revisions"}],"wp:featuredmedia":[{"embeddable":true,"href":"https:\/\/www.europesays.com\/fr\/wp-json\/wp\/v2\/media\/521308"}],"wp:attachment":[{"href":"https:\/\/www.europesays.com\/fr\/wp-json\/wp\/v2\/media?parent=521307"}],"wp:term":[{"taxonomy":"category","embeddable":true,"href":"https:\/\/www.europesays.com\/fr\/wp-json\/wp\/v2\/categories?post=521307"},{"taxonomy":"post_tag","embeddable":true,"href":"https:\/\/www.europesays.com\/fr\/wp-json\/wp\/v2\/tags?post=521307"}],"curies":[{"name":"wp","href":"https:\/\/api.w.org\/{rel}","templated":true}]}}