{"id":521309,"date":"2025-11-08T20:46:13","date_gmt":"2025-11-08T20:46:13","guid":{"rendered":"https:\/\/www.europesays.com\/fr\/521309\/"},"modified":"2025-11-08T20:46:13","modified_gmt":"2025-11-08T20:46:13","slug":"lorient-toulouse-avec-ou-sans-bamba-en-pointe-les-compos-probables","status":"publish","type":"post","link":"https:\/\/www.europesays.com\/fr\/521309\/","title":{"rendered":"Lorient &#8211; Toulouse\u00a0: avec ou sans Bamba en pointe\u00a0? Les compos probables"},"content":{"rendered":"<p>Mais Bamba traverse une v\u00e9ritable crise de confiance\u2026 qui a pu entamer momentan\u00e9ment au moins celle de son entra\u00eeneur, Olivier Pantaloni qui n\u2019a pas voulu confirmer (ou infirmer) la pr\u00e9sence de son avant-centre num\u00e9ro un dans le onze de d\u00e9part ce dimanche. Bamba, aura-t-il r\u00e9cup\u00e9rer mentalement\u00a0? Suffisamment pour d\u00e9buter en tout cas\u00a0? Une absence signifierait certainement le passage en n\u00b09 de Tosin, voire de Soumano. Ce qui pourrait profiter, en soutien, \u00e0 Pagis, voire \u00e0 Makengo.<\/p>\n<p>Le milieu D\u00f6nnum suspendu, le central McKenzie de retour<\/p>\n<p>Du c\u00f4t\u00e9 du T\u00e9f\u00e9c\u00e9, outre l\u2019absence de D\u00f6nnum, suspendu pour accumulation d\u2019avertissement, il n\u2019y a pas d\u2019autres forfaits (sauf Schmidt absent de longue date). En revanche, le d\u00e9fenseur central droit McKenzie est de retour. Ce qui devrait permettre \u00e0 Sidib\u00e9 de se r\u00e9installer un cran plus haut.<\/p>\n<p>Les compos probables<\/p>\n<p>FC LORIENT\u00a0: Mvogo &#8211; Silva, Talbi, Yongwa &#8211; Le Bris, Avom, Abergel (cap.), Kouassi &#8211; Karim, Pagis &#8211; Tosin.<\/p>\n<p>Rempla\u00e7ants\u00a0: Kamara, Leroy (g.) &#8211; Adjei, Me\u00eft\u00e9, Cadiou, Makengo, Mvuka, Soumano, Bamba. Entra\u00eeneur\u00a0: Olivier Pantaloni.<\/p>\n<p>Absents\u00a0: Faye (cheville), Fadiga (cheville), Katseris (ischio-jambiers), Sanusi (reprise), Dieng (\u00e9longation), Tour\u00e9 (choix).<\/p>\n<blockquote class=\"twitter-tweet\">\n<p lang=\"fr\" dir=\"ltr\">\\ud83d\\udeeb \ud835\udc08\ud835\udc25\ud835\udc2c \ud835\udc2c\ud835\udc28\ud835\udc27\ud835\udc2d \ud835\udfd0\ud835\udfcf \ud835\udc15\ud835\udc22\ud835\udc28\ud835\udc25\ud835\udc1e\ud835\udc2d\ud835\udc2c \ud835\udc1a\u0300 \ud835\udc2c&rsquo;\ud835\udc1e\ud835\udc27\ud835\udc2f\ud835\udc28\ud835\udc25\ud835\udc1e\ud835\udc2b \ud835\udc29\ud835\udc28\ud835\udc2e\ud835\udc2b \ud835\udc0b\ud835\udc28\ud835\udc2b\ud835\udc22\ud835\udc1e\ud835\udc27\ud835\udc2d !<\/p>\n<p>Le groupe toulousain pour cette 12e journ\u00e9e de <a href=\"https:\/\/twitter.com\/Ligue1?ref_src=twsrc%5Etfw\" target=\"_blank\" rel=\"noopener\">@Ligue1<\/a> \\ud83d\\udc47 <a href=\"https:\/\/t.co\/f5q4Mn3jbM\">pic.twitter.com\/f5q4Mn3jbM<\/a><\/p>\n<p>\u2014 Toulouse FC (@ToulouseFC) <a href=\"https:\/\/twitter.com\/ToulouseFC\/status\/1987179217419645085?ref_src=twsrc%5Etfw\" target=\"_blank\" rel=\"noopener\">November 8, 2025<\/a><\/p><\/blockquote>\n<p>TOULOUSE FC\u00a0: Restes &#8211; McKenzie, Cresswell, Nicolaisen &#8211; Sidib\u00e9, Casseres Jr., Sauer, M\u00e9thalie &#8211; Gboho, Magri &#8211; Emersonn.<\/p>\n<p>Rempla\u00e7ants\u00a0: Haug, Dominguez &#8211; Koumbassa, Messali, Francis, Hidalgo, Vignolo, Edjouma, Kamanzi, Vossah.<\/p>\n<p>Entra\u00eeneur\u00a0: Carles Martinez<\/p>\n<p>Absents\u00a0: D\u00f6nnum (suspendu), Schmidt (ligaments crois\u00e9s).<\/p>\n<p><script async src=\"https:\/\/platform.twitter.com\/widgets.js\" charset=\"utf-8\"><\/script><\/p>\n","protected":false},"excerpt":{"rendered":"Mais Bamba traverse une v\u00e9ritable crise de confiance\u2026 qui a pu entamer momentan\u00e9ment au moins celle de son&hellip;\n","protected":false},"author":2,"featured_media":521310,"comment_status":"","ping_status":"","sticky":false,"template":"","format":"standard","meta":{"footnotes":""},"categories":[2816],"tags":[1111,11,3166,1777,674,3317,63,1011,27,66,1781,12,2680,25,60,2312],"class_list":{"0":"post-521309","1":"post","2":"type-post","3":"status-publish","4":"format-standard","5":"has-post-thumbnail","7":"category-toulouse","8":"tag-actu","9":"tag-actualites","10":"tag-en-continu-sports","11":"tag-eu","12":"tag-europe","13":"tag-fc-lorient","14":"tag-football","15":"tag-fr","16":"tag-france","17":"tag-ligue-1","18":"tag-lorient","19":"tag-news","20":"tag-occitanie","21":"tag-republique-francaise","22":"tag-sports","23":"tag-toulouse"},"share_on_mastodon":{"url":"https:\/\/pubeurope.com\/@fr\/115516039705092103","error":""},"_links":{"self":[{"href":"https:\/\/www.europesays.com\/fr\/wp-json\/wp\/v2\/posts\/521309","targetHints":{"allow":["GET"]}}],"collection":[{"href":"https:\/\/www.europesays.com\/fr\/wp-json\/wp\/v2\/posts"}],"about":[{"href":"https:\/\/www.europesays.com\/fr\/wp-json\/wp\/v2\/types\/post"}],"author":[{"embeddable":true,"href":"https:\/\/www.europesays.com\/fr\/wp-json\/wp\/v2\/users\/2"}],"replies":[{"embeddable":true,"href":"https:\/\/www.europesays.com\/fr\/wp-json\/wp\/v2\/comments?post=521309"}],"version-history":[{"count":0,"href":"https:\/\/www.europesays.com\/fr\/wp-json\/wp\/v2\/posts\/521309\/revisions"}],"wp:featuredmedia":[{"embeddable":true,"href":"https:\/\/www.europesays.com\/fr\/wp-json\/wp\/v2\/media\/521310"}],"wp:attachment":[{"href":"https:\/\/www.europesays.com\/fr\/wp-json\/wp\/v2\/media?parent=521309"}],"wp:term":[{"taxonomy":"category","embeddable":true,"href":"https:\/\/www.europesays.com\/fr\/wp-json\/wp\/v2\/categories?post=521309"},{"taxonomy":"post_tag","embeddable":true,"href":"https:\/\/www.europesays.com\/fr\/wp-json\/wp\/v2\/tags?post=521309"}],"curies":[{"name":"wp","href":"https:\/\/api.w.org\/{rel}","templated":true}]}}