{"id":521320,"date":"2025-11-08T20:54:15","date_gmt":"2025-11-08T20:54:15","guid":{"rendered":"https:\/\/www.europesays.com\/fr\/521320\/"},"modified":"2025-11-08T20:54:15","modified_gmt":"2025-11-08T20:54:15","slug":"une-grande-marche-verte-et-rouge-se-prepare-des-milliers-de-marocains-vont-debarquer","status":"publish","type":"post","link":"https:\/\/www.europesays.com\/fr\/521320\/","title":{"rendered":"une grande \u00ab marche verte \u00bb et rouge se pr\u00e9pare, des milliers de Marocains vont d\u00e9barquer"},"content":{"rendered":"<p>            Par<br \/>\n        <strong><br \/>\n            <a href=\"https:\/\/actu.fr\/auteur\/david-goudey\" title=\"Consulter tous les articles de David Goudey\" rel=\"nofollow noopener\" target=\"_blank\">David Goudey<\/a><br \/>\n        <\/strong><\/p>\n<p>        Publi\u00e9 le<\/p>\n<p>            7 nov. 2025 \u00e0 16h29        <\/p>\n<p>Quelques jours seulement apr\u00e8s l\u2019adoption par le Conseil de s\u00e9curit\u00e9 des <b>Nations unies<\/b> (ONU) d\u2019une <a href=\"https:\/\/www.lefigaro.fr\/international\/sahara-occidental-le-conseil-de-securite-de-l-onu-apporte-son-soutien-au-plan-marocain-20251031\" rel=\"nofollow noopener\" target=\"_blank\">r\u00e9solution soutenant le plan du Maroc<\/a> comme la solution \u00ab\u2009la plus r\u00e9alisable\u2009\u00bb afin de r\u00e9gler (enfin\u2009?) la question du <a href=\"https:\/\/www.lemonde.fr\/recherche\/?search_keywords=Sahara+occidental&amp;start_at=&amp;end_at=&amp;page=1\" rel=\"nofollow noopener\" target=\"_blank\">Sahara occidental<\/a>, ce rendez-vous prend encore plus de sens.<\/p>\n<p class=\" wall-content\">Ce samedi 8\u00a0novembre 2025, des milliers de Franco-Marocains d\u2019\u00cele-de-France, mais aussi de Normandie, du Nord et du Loiret, ont rendez-vous \u00e0 <a href=\"https:\/\/actu.fr\/ile-de-france\/mantes-la-jolie_78361\/avis-de-recherche-dans-les-yvelines-les-400-lettres-de-ces-deux-freres-soldats-ont-ete-retrouvees_60857132.html\" rel=\"nofollow noopener\" target=\"_blank\">Mantes-la-Jolie<\/a> (Yvelines) pour c\u00e9l\u00e9brer le <b>50e anniversaire<\/b> de la <a href=\"https:\/\/www.jeuneafrique.com\/1737098\/politique\/la-marche-verte-lhistoire-dun-coup-de-poker\/\" rel=\"nofollow noopener\" target=\"_blank\">Marche verte<\/a> du 6 novembre 1975. \u00ab\u2009Au moins 3\u2009000 personnes sont attendues\u2009\u00bb, a annonc\u00e9 \u00e0 78 actu, ce vendredi 7 novembre 2025, une membre de l\u2019organisation.<\/p>\n<p>    <a href=\"https:\/\/www.google.com\/maps\/embed?pb=!1m18!1m12!1m3!1d3730700.646429935!2d-15.702718822088729!3d24.05706418780322!2m3!1f0!2f0!3f0!3m2!1i1024!2i768!4f13.1!3m3!1m2!1s0xc22482523302153%3A0xb7a6f81873dfd75a!2sSahara%20occidental!5e0!3m2!1sfr!2sfr!4v1762518495951!5m2!1sfr!2sfr\" title=\"Ouvrie le lien\" rel=\"nofollow noopener\" target=\"_blank\">Cliquez ici pour visualiser le contenu<\/a><\/p>\n<p>D\u00e9fil\u00e9, concert, exposition\u2026<\/p>\n<p class=\" wall-content\">Une <b>grande parade comm\u00e9morative<\/b> sera d\u2019abord organis\u00e9e, \u00e0 partir de 13\u2009h, au d\u00e9part de la place Sainte-Anne. \u00ab\u2009Elle rassemblera 100 motards, trois camions d\u00e9cor\u00e9s, un bus et de nombreux marcheurs arborant fi\u00e8rement les drapeaux marocains et fran\u00e7ais\u2009\u00bb, annonce l\u2019association des Franco-Marocains d\u2019\u00cele-de-France.<\/p>\n<p class=\" wall-content\">Le d\u00e9fil\u00e9 convergera vers le <b>parc des expositions<\/b> Michel-Sevin, o\u00f9 la f\u00eate se prolongera. Au programme\u2009: \u00ab\u2009un grand concert r\u00e9unissant [\u2026] <a href=\"https:\/\/www.youtube.com\/watch?v=pdsLfj1NNhA\" rel=\"nofollow noopener\" target=\"_blank\">A\u00efcha Maya<\/a>, <a href=\"https:\/\/www.youtube.com\/@abdelhakazrou8135\" rel=\"nofollow noopener\" target=\"_blank\">Abdelhak Azrou<\/a>, <a href=\"https:\/\/www.youtube.com\/watch?v=JI6bm2u9Beo\" rel=\"nofollow noopener\" target=\"_blank\">Mustapha El Berkani<\/a>, l\u2019Orchestre Araz, <a href=\"https:\/\/www.youtube.com\/watch?v=8bXBrKdQ_MY\" rel=\"nofollow noopener\" target=\"_blank\">Khalid Alaoui<\/a>, ainsi que les troupes folkloriques Dakka Koutoubia, Aarfa et Ahidous\u2009\u00bb, mais aussi des ateliers et une exposition consacr\u00e9e \u00e0 la Marche verte du 6\u00a0novembre 1975.<\/p>\n<p>    <a href=\"https:\/\/www.facebook.com\/plugins\/post.php?href=https%3A%2F%2Fwww.facebook.com%2Fpermalink.php%3Fstory_fbid%3Dpfbid02MCiktQ8SBdFprqU9z4QJr4KodUwtSwpweTPrXPYDdBHPc7QEhv9HjrniQHiC7dAJl%26id%3D100092247573885&amp;show_text=true&amp;width=350\" title=\"Ouvrie le lien\" rel=\"nofollow noopener\" target=\"_blank\">Cliquez ici pour visualiser le contenu<\/a><\/p>\n<p>Mantes, un \u00ab\u2009petit royaume\u2009\u00bb du Maroc<\/p>\n<p class=\" wall-content\">Le choix de Mantes-la-Jolie n\u2019est pas un hasard. La commune yvelinoise et ses environs abritent l\u2019une des <b>communaut\u00e9s marocaine<\/b> (ressortissants ou binationaux) les plus importantes d\u2019\u00cele-de-France.<\/p>\n<p>Votre r\u00e9gion, votre actu !<\/p>\n<p>Recevez chaque jour les infos qui comptent pour vous.<\/p>\n<p>\t<a href=\"https:\/\/actu.fr\/newsletter\" class=\"ac-btn ac-btn--corner ac-btn--medium ac-btn--blue800\" rel=\"nofollow noopener\" target=\"_blank\">S&rsquo;incrire<\/a><\/p>\n<p class=\" wall-content\">En juin\u00a02025, apr\u00e8s dix ans d\u2019attente, <a href=\"https:\/\/actu.fr\/ile-de-france\/mantes-la-jolie_78361\/yvelines-louverture-du-petit-royaume-du-maroc-nest-plus-quune-question-de-jours-cest-imminent_62799105.html\" rel=\"nofollow noopener\" target=\"_blank\">un consulat g\u00e9n\u00e9ral y a ouvert ses portes<\/a>, au n\u00b0\u00a049 de la rue du Clos-Scellier. La circonscription consulaire de Mantes-la-Jolie rayonne sur trois d\u00e9partements\u2009: les Yvelines, l\u2019Eure et la Seine-Maritime. \u00ab\u2009<b>Pr\u00e8s de 156\u2009000 Marocains<\/b>\u2009\u00bb, soulignait \u00e0 l\u2019\u00e9poque le consul Mustapha El Bouazzaoui.<\/p>\n<p>350\u2009000 Marocains marchent sur le Sahara occidental<\/p>\n<p class=\" wall-content\">\u00ab\u2009Le grand rassemblement [\u2026] de la diaspora marocaine\u2009\u00bb \u00e0 Mantes-la-Jolie intervient quarante-huit heures apr\u00e8s la date anniversaire des 50\u00a0ans de la Marche verte, devenu <b>jour de f\u00eate nationale<\/b>.<\/p>\n<p class=\" wall-content\">Le 6\u00a0novembre 1975, \u00e0 l\u2019appel du roi Hassan II, confort\u00e9 par un avis consultatif de la Cour internationale de justice, quelque 350\u2009000 Marocains, soutenus par 20\u2009000 soldats des forces royales, \u00e9taient entr\u00e9s dans le Sahara occidental, alors colonie espagnole, pour en r\u00e9clamer la <b>souverainet\u00e9<\/b>.<\/p>\n<p class=\" wall-content\">Le 14\u00a0novembre 1975, les accords de Madrid scelleront le retrait de l\u2019Espagne et la <b>partition<\/b> du Sahara espagnol entre le Maroc (deux tiers au Nord) et la Mauritanie (un tiers au Sud).<\/p>\n<p>    <img   decoding=\"async\" loading=\"lazy\" class=\"size-large\" src=\"https:\/\/www.europesays.com\/fr\/wp-content\/uploads\/2025\/11\/79770e9a0e096fd770e9a0e09f1870v-960x640.jpg\" alt=\"Ce vendredi 7 novembre 2025, le parc des expositions Mochel-Sevin, \u00e0 Mantes-la-Jolie (Yvelines), a commenc\u00e9 \u00e0 se transformer en \" petit=\"\" royaume=\"\" du=\"\" maroc.=\"\" width=\"960\" height=\"640\"\/><br \/>\n    Ce vendredi 7 novembre 2025, le parc des expositions Mochel-Sevin, \u00e0 Mantes-la-Jolie (Yvelines), a commenc\u00e9 \u00e0 se transformer en \u00ab\u00a0petit royaume\u00a0\u00bb du Maroc. \u00a9David GoudeyLe Front Polisario r\u00e9clame l\u2019ind\u00e9pendance<\/p>\n<p class=\" wall-content\">Las. Depuis, une guerre (jusqu\u2019en 1991, puis \u00e0 partir de novembre\u00a02020 \u2013 N.D.L.R.) et une <b>lutte d\u2019influence<\/b> n\u2019ont eu de cesse d\u2019agiter ce territoire de 272\u2009000\u00a0m2, o\u00f9 vivent environ 670\u2009000\u00a0personnes. Le <a href=\"https:\/\/www.lemonde.fr\/recherche\/?search_keywords=Front+Polisario&amp;start_at=&amp;end_at=&amp;page=1\" rel=\"nofollow noopener\" target=\"_blank\">Front Polisario<\/a>, mouvement politique et arm\u00e9 soutenu par l\u2019Alg\u00e9rie, revendique la souverainet\u00e9 du Sahara occidental et son ind\u00e9pendance.<\/p>\n<p class=\" wall-content\">L\u2019organisation y a m\u00eame proclam\u00e9, en f\u00e9vrier\u00a01976, l\u2019\u00c9tat de <b>R\u00e9publique arabe sahraouie d\u00e9mocratique<\/b> (RASD), non reconnu par la majeure partie de la communaut\u00e9 internationale. Le Front Polisario a rapidement fait plier la Mauritanie et a obtenu, d\u00e8s ao\u00fbt\u00a01979, qu\u2019elle renonce \u00e0 ses pr\u00e9tentions sur le territoire.<\/p>\n<p>Le conflit s\u2019exporte dans le Mantois<\/p>\n<p class=\" wall-content\">Depuis, le Maroc revendique sa souverainet\u00e9 sur l\u2019ensemble du Sahara occidental, qui n\u2019a toujours pas de statut officiel. Le royaume ch\u00e9rifien contr\u00f4le aujourd\u2019hui 80\u2009% du territoire. La fronti\u00e8re avec la partie aux mains du Front Polisario est mat\u00e9rialis\u00e9e par un <b>mur de sable<\/b>.<\/p>\n<p class=\" wall-content\">Ce conflit a largement travers\u00e9 les fronti\u00e8res. Et le Mantois est bien plac\u00e9 pour en parler. En septembre\u00a02022, la communaut\u00e9 marocaine avait organis\u00e9 une <b>manifestation<\/b> devant la mairie Mantes-la-Ville pour protester contre la venue dans la commune, deux semaines plus t\u00f4t, de <a href=\"https:\/\/actu.fr\/ile-de-france\/mantes-la-ville_78362\/les-marocains-en-colere-apres-la-venue-a-mantes-la-ville-d-une-independantiste-sahraouie_54046260.html\" rel=\"nofollow noopener\" target=\"_blank\">Sultana Khaya, figure du Front Polisario<\/a>.<\/p>\n<p>    <a href=\"https:\/\/www.facebook.com\/plugins\/video.php?height=476&amp;href=https%3A%2F%2Fwww.facebook.com%2Freel%2F1515425026181896%2F&amp;show_text=false&amp;width=350&amp;t=0\" title=\"Ouvrie le lien\" rel=\"nofollow noopener\" target=\"_blank\">Cliquez ici pour visualiser le contenu<\/a><\/p>\n<p>Les Sahraouis ne sont pas invisibles \u00e0 Mantes<\/p>\n<p class=\" wall-content\">\u00c0 l\u2019\u00e9poque, Laaouissid Boujema, pr\u00e9sident de l\u2019Association de la communaut\u00e9 sahraouie de France et originaire de Mantes-la-Jolie, <a href=\"https:\/\/actu.fr\/ile-de-france\/mantes-la-jolie_78361\/un-pro-polisario-reagit-ce-n-est-pas-a-mantes-la-jolie-qu-on-reglera-le-probleme-des-sahraouis_54255864.html\" rel=\"nofollow noopener\" target=\"_blank\">avait critiqu\u00e9 la contre-manifestation<\/a>. \u00ab\u2009Une poign\u00e9e de personnes cherche \u00e0 <b>instrumentaliser<\/b> les Marocains du Mantois, sans l\u00e9gitimit\u00e9 particuli\u00e8re, avait-il soulign\u00e9 aupr\u00e8s de 78 actu. Ce n\u2019est pas \u00e0 Mantes-la-Jolie qu\u2019on r\u00e9glera le probl\u00e8me des Sahraouis.\u2009\u00bb<\/p>\n<p class=\" wall-content\">Cette communaut\u00e9, selon le responsable associatif, compterait environ <b>8\u2009000\u00a0membres<\/b> \u00e0 Mantes-la-Jolie et aux alentours. <a href=\"https:\/\/actu.fr\/?s=maire+int%C3%A9rim+mantes\" rel=\"nofollow noopener\" target=\"_blank\">Sidi El Haimer<\/a>, maire par int\u00e9rim de la ville-pr\u00e9fecture (janvier \u00e0 mai\u00a02022) aujourd\u2019hui retir\u00e9 de la vie politique, est r\u00e9put\u00e9 comme un pro-Polisario. Il est d\u2019ailleurs le fils d\u2019un ancien tr\u00e9sorier du mouvement ind\u00e9pendantiste.<\/p>\n<p>Enfin la paix et un statut pour le Sahara occidental\u2009?<\/p>\n<p class=\" wall-content\">Le 31\u00a0octobre 2025, le Conseil de s\u00e9curit\u00e9 de l\u2019ONU a approuv\u00e9 (11\u00a0voix pour, 3\u00a0abstentions) le plan pr\u00e9sent\u00e9 par Rabat en 2007, \u00e0 savoir celui d\u2019une <b>autonomie<\/b> du Sahara occidental sous souverainet\u00e9 marocaine.<\/p>\n<p class=\" wall-content\">Une semaine plus t\u00f4t, <a href=\"https:\/\/www.lemonde.fr\/afrique\/article\/2025\/10\/24\/au-sahara-occidental-le-front-polisario-pret-a-accepter-le-plan-d-autonomie-marocain-s-il-est-valide-par-referendum_6649148_3212.html\" rel=\"nofollow noopener\" target=\"_blank\">le ministre des affaires \u00e9trang\u00e8res de la RASD avait fait savoir que le Front Polisario \u00e9tait pr\u00eat \u00e0 accepter le plan marocain<\/a> s\u2019il est valid\u00e9 par <b>r\u00e9f\u00e9rendum<\/b> par la population sahraouie.<\/p>\n<p class=\" wall-content\">Personnalisez votre actualit\u00e9 en ajoutant vos villes et m\u00e9dias en favori avec <a href=\"https:\/\/moncompte.actu.fr\" title=\"D\u00e9couvez Mon Actu\" rel=\"nofollow noopener\" data-trk=\"{&quot;cta&quot;:{&quot;action&quot;:&quot;https:\\\/\\\/moncompte.actu.fr&quot;,&quot;category&quot;:&quot;mon compte&quot;,&quot;from&quot;:&quot;article footer&quot;,&quot;name&quot;:&quot;Mon actu&quot;,&quot;type&quot;:&quot;cta&quot;}}\" target=\"_blank\">Mon Actu<\/a>.<\/p>\n","protected":false},"excerpt":{"rendered":"Par David Goudey Publi\u00e9 le 7 nov. 2025 \u00e0 16h29 Quelques jours seulement apr\u00e8s l\u2019adoption par le Conseil&hellip;\n","protected":false},"author":2,"featured_media":521321,"comment_status":"","ping_status":"","sticky":false,"template":"","format":"standard","meta":{"footnotes":""},"categories":[1592],"tags":[1111,11,1777,674,1011,27,937,662,2223,12,626,25,104],"class_list":{"0":"post-521320","1":"post","2":"type-post","3":"status-publish","4":"format-standard","5":"has-post-thumbnail","7":"category-ile-de-france","8":"tag-actu","9":"tag-actualites","10":"tag-eu","11":"tag-europe","12":"tag-fr","13":"tag-france","14":"tag-histoire","15":"tag-ile-de-france","16":"tag-maroc","17":"tag-news","18":"tag-paris","19":"tag-republique-francaise","20":"tag-societe"},"share_on_mastodon":{"url":"","error":""},"_links":{"self":[{"href":"https:\/\/www.europesays.com\/fr\/wp-json\/wp\/v2\/posts\/521320","targetHints":{"allow":["GET"]}}],"collection":[{"href":"https:\/\/www.europesays.com\/fr\/wp-json\/wp\/v2\/posts"}],"about":[{"href":"https:\/\/www.europesays.com\/fr\/wp-json\/wp\/v2\/types\/post"}],"author":[{"embeddable":true,"href":"https:\/\/www.europesays.com\/fr\/wp-json\/wp\/v2\/users\/2"}],"replies":[{"embeddable":true,"href":"https:\/\/www.europesays.com\/fr\/wp-json\/wp\/v2\/comments?post=521320"}],"version-history":[{"count":0,"href":"https:\/\/www.europesays.com\/fr\/wp-json\/wp\/v2\/posts\/521320\/revisions"}],"wp:featuredmedia":[{"embeddable":true,"href":"https:\/\/www.europesays.com\/fr\/wp-json\/wp\/v2\/media\/521321"}],"wp:attachment":[{"href":"https:\/\/www.europesays.com\/fr\/wp-json\/wp\/v2\/media?parent=521320"}],"wp:term":[{"taxonomy":"category","embeddable":true,"href":"https:\/\/www.europesays.com\/fr\/wp-json\/wp\/v2\/categories?post=521320"},{"taxonomy":"post_tag","embeddable":true,"href":"https:\/\/www.europesays.com\/fr\/wp-json\/wp\/v2\/tags?post=521320"}],"curies":[{"name":"wp","href":"https:\/\/api.w.org\/{rel}","templated":true}]}}