{"id":521324,"date":"2025-11-08T20:56:11","date_gmt":"2025-11-08T20:56:11","guid":{"rendered":"https:\/\/www.europesays.com\/fr\/521324\/"},"modified":"2025-11-08T20:56:11","modified_gmt":"2025-11-08T20:56:11","slug":"les-catholiques-affichent-leur-foi-au-congres-mission-a-paris","status":"publish","type":"post","link":"https:\/\/www.europesays.com\/fr\/521324\/","title":{"rendered":"Les catholiques affichent leur foi au \u00ab\u00a0Congr\u00e8s Mission\u00a0\u00bb \u00e0 Paris"},"content":{"rendered":"<p class=\"mb-4 text-lg md:leading-8 break-words\">Des synth\u00e9s sur sc\u00e8ne, des religieuses en habit, une multitude d&rsquo;associations et des catholiques \u00e0 la foi d\u00e9complex\u00e9e: samedi \u00e0 l&rsquo;Accor Arena \u00e0 Paris, plusieurs milliers de personnes ont particip\u00e9 au deuxi\u00e8me jour du \u00ab\u00a0Congr\u00e8s mission\u00a0\u00bb pour mettre l&rsquo;annonce de l&rsquo;Evangile \u00e0 l&rsquo;honneur.<\/p>\n<p class=\"mb-4 text-lg md:leading-8 break-words\">Messes, tables rondes et ateliers se sont succ\u00e9d\u00e9, entrecoup\u00e9s de groupes musicaux aux accents gospel,\u00a0en amont d&rsquo;une soir\u00e9e mettant le groupe de \u00ab\u00a0pop louange\u00a0\u00bb Glorious \u00e0 l&rsquo;honneur &#8212; l&rsquo;\u00e9v\u00e9nement, issu de la mouvance du renouveau charismatique, emprunte des m\u00e9thodes faisant immanquablement penser aux \u00e9vang\u00e9liques.<\/p>\n<p class=\"mb-4 text-lg md:leading-8 break-words\">\u00ab\u00a0Voir \u00e7a, \u00eatre aussi nombreux, \u00e7a redonne le feu!\u00a0\u00bb assure apr\u00e8s la messe du matin St\u00e9phanie Michel, 47 ans, venue d&rsquo;Ard\u00e8che pour \u00ab\u00a0se nourrir, voir ce qui se fait, se ressourcer\u00a0\u00bb.<\/p>\n<p class=\"mb-4 text-lg md:leading-8 break-words\">\u00ab\u00a0Ca fait un peu show \u00e0 l&rsquo;am\u00e9ricaine, \u00e7a peut d\u00e9coiffer, mais c&rsquo;est le but\u00a0\u00bb, explique en souriant Lucile, 55 ans, engag\u00e9e dans la pr\u00e9paration au bapt\u00eame des coll\u00e9giens dans sa paroisse des Yvelines, et qui en est persuad\u00e9e: \u00ab\u00a0il y a de moins en moins de chr\u00e9tiens mais de plus en plus de recherche\u00a0\u00bb spirituelle.<\/p>\n<p class=\"mb-4 text-lg md:leading-8 break-words\">En marge de la grande sc\u00e8ne, plus de cent exposants sont pr\u00e9sents, depuis une application pour mariages chr\u00e9tiens au caf\u00e9 citoyen Dorothy, en passant par la communaut\u00e9 de l&rsquo;Emmanuel, sous le coup d&rsquo;une enqu\u00eate du Vatican depuis fin octobre. Un d\u00e9but de pol\u00e9mique a m\u00eame \u00e9clat\u00e9, avant le d\u00e9but du Congr\u00e8s, autour de la participation de l&rsquo;association identitaire Academia Christiana &#8212; finalement d\u00e9programm\u00e9e.<\/p>\n<p class=\"mb-4 text-lg md:leading-8 break-words\">\u00ab\u00a0Notre but est de repr\u00e9senter le monde catholique dans toute sa diversit\u00e9\u00a0\u00bb, affirme \u00e0 l&rsquo;AFP Rapha\u00ebl Cornu-Thenard, l&rsquo;un des organisateurs. \u00ab\u00a0On s&rsquo;appuie beaucoup sur la Conf\u00e9rence des \u00e9v\u00eaques de France qui nous accompagne de pr\u00e8s\u00a0\u00bb.<\/p>\n<p class=\"mb-4 text-lg md:leading-8 break-words\">Dans le public No\u00e9mie Tencheni, 37 ans, a pr\u00eat\u00e9 la main aux premi\u00e8res \u00e9ditions il y a dix ans: \u00ab\u00a0C&rsquo;\u00e9tait assez parisien, on n&rsquo;\u00e9tait que quelques centaines, il y avait surtout des jeunes\u00a0\u00bb. Avec la participation aujourd&rsquo;hui d&rsquo;un public plus \u00e2g\u00e9, \u00ab\u00a0on voit que l&rsquo;ensemble de l&rsquo;Eglise se sent concern\u00e9e\u00a0\u00bb.<\/p>\n<p class=\"mb-4 text-lg md:leading-8 break-words\">Et \u00ab\u00a0on assume plus facilement d&rsquo;\u00eatre chr\u00e9tiens aujourd&rsquo;hui, on a plus envie d&rsquo;en parler\u00a0\u00bb, ajoute son mari S\u00e9bastien, 41 ans.<\/p>\n<p class=\"mb-4 text-lg md:leading-8 break-words\">Sarah Hem, 30 ans, explique ainsi avoir \u00ab\u00a0toujours \u00e0 coeur de parler du Christ aux jeunes\u00a0\u00bb. \u00ab\u00a0Je ne dis pas +je suis catho+ mais +j\u00a0\u00bbai la foi+\u00a0\u00bb et \u00ab\u00a0je n&rsquo;ai jamais senti que \u00e7a causait de la frustration, plut\u00f4t de la curiosit\u00e9\u00a0\u00bb.<\/p>\n<p class=\"mb-4 text-lg md:leading-8 break-words\">Cette musicienne, qui a fait un d\u00e9tour par l&rsquo;\u00e9vang\u00e9lisme, estime que \u00ab\u00a0les \u00e9vang\u00e9liques ont beaucoup \u00e0 nous apprendre sur la fa\u00e7on de parler du Christ\u00a0\u00bb. \u00ab\u00a0Leur langage est plus appropri\u00e9 aux g\u00e9n\u00e9rations d&rsquo;aujourd&rsquo;hui\u00a0\u00bb, malgr\u00e9 des m\u00e9thodes parfois \u00ab\u00a0plus intrusives, directives\u00a0\u00bb, ajoute-t-elle.<\/p>\n<p class=\"mb-4 text-lg md:leading-8 break-words\">&#8211; \u00ab\u00a0Ecole de pr\u00e9dication\u00a0\u00bb &#8211;<\/p>\n<p class=\"mb-4 text-lg md:leading-8 break-words\">A c\u00f4t\u00e9 des nombreuses tables rondes, une \u00ab\u00a0\u00e9cole de pr\u00e9dication\u00a0\u00bb tenait dans l&rsquo;apr\u00e8s-midi un atelier \u00ab\u00a0l\u00e8ve-toi et pr\u00eache\u00a0\u00bb pour une cinquantaine de participants.<\/p>\n<p class=\"mb-4 text-lg md:leading-8 break-words\">\u00ab\u00a0On pourrait penser (que) la pr\u00e9dication de rue ce sont des fous, des gens qui veulent monter une nouvelle secte. Pas du tout! On fait ce qu&rsquo;a fait J\u00e9sus: aller dans la rue pour pr\u00eacher\u00a0\u00bb, explique un formateur, Gr\u00e9goire Marotte, du mouvement Anuncio.<\/p>\n<p class=\"mb-4 text-lg md:leading-8 break-words\">Au programme: bases rh\u00e9toriques et exercices pratiques, debout sur un petit escabeau o\u00f9 des participants s&rsquo;exercent \u00e0 parler une minute sur le th\u00e8me \u00ab\u00a0la naissance de J\u00e9sus\u00a0\u00bb ou \u00ab\u00a0la Pentec\u00f4te\u00a0\u00bb, pendant que les autres jouent les perturbateurs ou les indiff\u00e9rents.<\/p>\n<p class=\"mb-4 text-lg md:leading-8 break-words\">Dans la soir\u00e9e, une sortie est pr\u00e9vue dans les rues de Paris pour mettre en pratique ces enseignements.<\/p>\n<p class=\"mb-4 text-lg md:leading-8 break-words\">\u00ab\u00a0L&rsquo;id\u00e9e ce soir est d&rsquo;entrer en interaction, en distribuant des images, un chapelet&#8230;\u00a0\u00bb, explique l&rsquo;un des formateurs Samuel Pruvot, de l&rsquo;association Ain Karem.<\/p>\n<p class=\"mb-4 text-lg md:leading-8 break-words\">\u00ab\u00a0L&rsquo;ultime \u00e9change, si on est face \u00e0 un ath\u00e9e ou un bouddhiste ou un musulman, c&rsquo;est de lui dire: on peut prier ensemble? Il y a 25 ans c&rsquo;\u00e9tait tr\u00e8s rare qu&rsquo;ils acceptent; aujourd&rsquo;hui avec les nouvelles g\u00e9n\u00e9rations c&rsquo;est tr\u00e8s rare qu&rsquo;ils refusent\u00a0\u00bb, ajoute-t-il.<\/p>\n<p class=\"mb-4 text-lg md:leading-8 break-words\">cg\/rap\/jpa<\/p>\n","protected":false},"excerpt":{"rendered":"Des synth\u00e9s sur sc\u00e8ne, des religieuses en habit, une multitude d&rsquo;associations et des catholiques \u00e0 la foi d\u00e9complex\u00e9e:&hellip;\n","protected":false},"author":2,"featured_media":521325,"comment_status":"","ping_status":"","sticky":false,"template":"","format":"standard","meta":{"footnotes":""},"categories":[1888],"tags":[1111,1928,11,1927,64208,64206,1777,674,1011,27,36655,12,1926,626,1925,64207,25],"class_list":{"0":"post-521324","1":"post","2":"type-post","3":"status-publish","4":"format-standard","5":"has-post-thumbnail","7":"category-paris","8":"tag-actu","9":"tag-actu-paris","10":"tag-actualites","11":"tag-actualites-paris","12":"tag-communaute-de-lemmanuel","13":"tag-congres-mission","14":"tag-eu","15":"tag-europe","16":"tag-fr","17":"tag-france","18":"tag-la-foi","19":"tag-news","20":"tag-news-paris","21":"tag-paris","22":"tag-paris-news","23":"tag-preparation-au-bapteme","24":"tag-republique-francaise"},"share_on_mastodon":{"url":"https:\/\/pubeurope.com\/@fr\/115516079301874378","error":""},"_links":{"self":[{"href":"https:\/\/www.europesays.com\/fr\/wp-json\/wp\/v2\/posts\/521324","targetHints":{"allow":["GET"]}}],"collection":[{"href":"https:\/\/www.europesays.com\/fr\/wp-json\/wp\/v2\/posts"}],"about":[{"href":"https:\/\/www.europesays.com\/fr\/wp-json\/wp\/v2\/types\/post"}],"author":[{"embeddable":true,"href":"https:\/\/www.europesays.com\/fr\/wp-json\/wp\/v2\/users\/2"}],"replies":[{"embeddable":true,"href":"https:\/\/www.europesays.com\/fr\/wp-json\/wp\/v2\/comments?post=521324"}],"version-history":[{"count":0,"href":"https:\/\/www.europesays.com\/fr\/wp-json\/wp\/v2\/posts\/521324\/revisions"}],"wp:featuredmedia":[{"embeddable":true,"href":"https:\/\/www.europesays.com\/fr\/wp-json\/wp\/v2\/media\/521325"}],"wp:attachment":[{"href":"https:\/\/www.europesays.com\/fr\/wp-json\/wp\/v2\/media?parent=521324"}],"wp:term":[{"taxonomy":"category","embeddable":true,"href":"https:\/\/www.europesays.com\/fr\/wp-json\/wp\/v2\/categories?post=521324"},{"taxonomy":"post_tag","embeddable":true,"href":"https:\/\/www.europesays.com\/fr\/wp-json\/wp\/v2\/tags?post=521324"}],"curies":[{"name":"wp","href":"https:\/\/api.w.org\/{rel}","templated":true}]}}