{"id":521338,"date":"2025-11-08T21:03:12","date_gmt":"2025-11-08T21:03:12","guid":{"rendered":"https:\/\/www.europesays.com\/fr\/521338\/"},"modified":"2025-11-08T21:03:12","modified_gmt":"2025-11-08T21:03:12","slug":"quel-double-de-maza-contre-heidenheim-video","status":"publish","type":"post","link":"https:\/\/www.europesays.com\/fr\/521338\/","title":{"rendered":"Quel doubl\u00e9 de Maza contre Heidenheim ! (vid\u00e9o)"},"content":{"rendered":"<p><strong\/><\/p>\n<p><strong>C&rsquo;est sa semaine ! Apr\u00e8s sa performance XXL en Champions<br \/>\nLeague, Ibrahim Maza s&rsquo;est offert un doubl\u00e9 en<br \/>\nBundesliga.<\/strong><\/p>\n<p>Le jeune meneur de jeu Alg\u00e9rien plut\u00f4t discret durant la<br \/>\npremi\u00e8re p\u00e9riode o\u00f9 Leverkusen avait d\u00e9j\u00e0 marqu\u00e9 quatre buts contre<br \/>\nHedenheim, <strong>il a ajout\u00e9 le cinqui\u00e8me, juste avant la<br \/>\nmi-temps. Sur un centre d&rsquo;Aleix Garcia, il se jette au point de<br \/>\npenalty pour tromper le gardien (45e+1&prime;).<\/strong><\/p>\n<blockquote class=\"twitter-tweet\"><p><a class=\"twitter-link\" rel=\"noindex, nofollow noopener\" href=\"https:\/\/twitter.com\/IshaqChebli\/status\/1987177974357967035\" target=\"_blank\"><\/p><\/blockquote>\n<p>D\u00e9s le retour des vestiaires, il marquera le <strong>sixi\u00e8me<br \/>\nbut<\/strong>. Servi par Tapsoba <strong>\u00e0 l\u00a0\u00bbentr\u00e9e de la surface,<br \/>\nau milieu de quatre adversaires, il pour son ballon et pend de<br \/>\nvitesse son vis \u00e0 vis, avant de marquer de l&rsquo;ext\u00e9rieur du pied<br \/>\n(53e).<\/strong><\/p>\n<blockquote class=\"twitter-tweet\"><p><a class=\"twitter-link\" rel=\"noindex, nofollow noopener\" href=\"https:\/\/twitter.com\/IshaqChebli\/status\/1987184403089392121\" target=\"_blank\"><\/p><\/blockquote>\n<p>Deux minutes plus tard il est \u00e0 deux doigts de s&rsquo;offrir le<br \/>\ntripl\u00e9. <strong>Il arrive en trombe dans la surface et chipe le<br \/>\nballon de mani\u00e8re a\u00e9rienne avant de placer une frappe crois\u00e9e,<br \/>\nl\u00e9g\u00e8rement d\u00e9tourn\u00e9e par un d\u00e9fenseur<\/strong> alors qu&rsquo;elle<br \/>\npartait au fond !<\/p>\n<blockquote class=\"twitter-tweet\"><p><a class=\"twitter-link\" rel=\"noindex, nofollow noopener\" href=\"https:\/\/twitter.com\/IshaqChebli\/status\/1987187978285031705\" target=\"_blank\"><\/p><\/blockquote>\n<p style=\"text-align: right;\">DZfoot<\/p>\n<p><script async src=\"https:\/\/platform.twitter.com\/widgets.js\" charset=\"utf-8\"><\/script><\/p>\n","protected":false},"excerpt":{"rendered":"C&rsquo;est sa semaine ! Apr\u00e8s sa performance XXL en Champions League, Ibrahim Maza s&rsquo;est offert un doubl\u00e9 en&hellip;\n","protected":false},"author":2,"featured_media":521339,"comment_status":"","ping_status":"","sticky":false,"template":"","format":"standard","meta":{"footnotes":""},"categories":[1587],"tags":[11,672,1804,1805,1803,1777,674,1801,12,1802],"class_list":{"0":"post-521338","1":"post","2":"type-post","3":"status-publish","4":"format-standard","5":"has-post-thumbnail","7":"category-allemagne","8":"tag-actualites","9":"tag-allemagne","10":"tag-bundesrepublik-deutschland","11":"tag-de","12":"tag-deutschland","13":"tag-eu","14":"tag-europe","15":"tag-germany","16":"tag-news","17":"tag-republique-federale-dallemagne"},"share_on_mastodon":{"url":"https:\/\/pubeurope.com\/@fr\/115516106614943109","error":""},"_links":{"self":[{"href":"https:\/\/www.europesays.com\/fr\/wp-json\/wp\/v2\/posts\/521338","targetHints":{"allow":["GET"]}}],"collection":[{"href":"https:\/\/www.europesays.com\/fr\/wp-json\/wp\/v2\/posts"}],"about":[{"href":"https:\/\/www.europesays.com\/fr\/wp-json\/wp\/v2\/types\/post"}],"author":[{"embeddable":true,"href":"https:\/\/www.europesays.com\/fr\/wp-json\/wp\/v2\/users\/2"}],"replies":[{"embeddable":true,"href":"https:\/\/www.europesays.com\/fr\/wp-json\/wp\/v2\/comments?post=521338"}],"version-history":[{"count":0,"href":"https:\/\/www.europesays.com\/fr\/wp-json\/wp\/v2\/posts\/521338\/revisions"}],"wp:featuredmedia":[{"embeddable":true,"href":"https:\/\/www.europesays.com\/fr\/wp-json\/wp\/v2\/media\/521339"}],"wp:attachment":[{"href":"https:\/\/www.europesays.com\/fr\/wp-json\/wp\/v2\/media?parent=521338"}],"wp:term":[{"taxonomy":"category","embeddable":true,"href":"https:\/\/www.europesays.com\/fr\/wp-json\/wp\/v2\/categories?post=521338"},{"taxonomy":"post_tag","embeddable":true,"href":"https:\/\/www.europesays.com\/fr\/wp-json\/wp\/v2\/tags?post=521338"}],"curies":[{"name":"wp","href":"https:\/\/api.w.org\/{rel}","templated":true}]}}