{"id":521350,"date":"2025-11-08T21:11:13","date_gmt":"2025-11-08T21:11:13","guid":{"rendered":"https:\/\/www.europesays.com\/fr\/521350\/"},"modified":"2025-11-08T21:11:13","modified_gmt":"2025-11-08T21:11:13","slug":"accrochage-entre-ronan-ogara-et-pierre-mignoni","status":"publish","type":"post","link":"https:\/\/www.europesays.com\/fr\/521350\/","title":{"rendered":"Accrochage entre Ronan O\u2019Gara et Pierre Mignoni ?"},"content":{"rendered":"<p>Ce samedi apr\u00e8s-midi, le Rugby Club Toulonnais s\u2019est largement impos\u00e9 contre le Stade Rochelais, \u00e0 l\u2019occasion de la 3\u00e8me journ\u00e9e du Top 14.<\/p>\n<p>Interrog\u00e9 en conf\u00e9rence de presse \u00e0 l\u2019issue de la rencontre, le manager Rochelais Ronan O\u2019Gara a confirm\u00e9 avoir eu un l\u00e9ger accrochage avec son vis-\u00e0-vis Toulonnais Pierre Mignoni durant le match.<\/p>\n<p>Cependant, il pr\u00e9cise que ce n\u2019\u00e9tait rien de grave.<\/p>\n<p><strong>A lire ci-dessous :<\/strong><\/p>\n<p>\u00ab\u00a0Rien de grave avec Pierre Mignoni. Juste deux secondes de questionnement. Je lui ai demand\u00e9 ce qu\u2019il avait car il m\u2019a demand\u00e9 ce que j\u2019avais. C\u2019est comme \u00e7a.\u00a0\u00bb<\/p>\n","protected":false},"excerpt":{"rendered":"Ce samedi apr\u00e8s-midi, le Rugby Club Toulonnais s\u2019est largement impos\u00e9 contre le Stade Rochelais, \u00e0 l\u2019occasion de la&hellip;\n","protected":false},"author":2,"featured_media":290004,"comment_status":"","ping_status":"","sticky":false,"template":"","format":"standard","meta":{"footnotes":""},"categories":[1416],"tags":[1011,27,479,1468,60],"class_list":{"0":"post-521350","1":"post","2":"type-post","3":"status-publish","4":"format-standard","5":"has-post-thumbnail","7":"category-rugby","8":"tag-fr","9":"tag-france","10":"tag-rugby","11":"tag-rugby-football","12":"tag-sports"},"share_on_mastodon":{"url":"https:\/\/pubeurope.com\/@fr\/115516138121670163","error":""},"_links":{"self":[{"href":"https:\/\/www.europesays.com\/fr\/wp-json\/wp\/v2\/posts\/521350","targetHints":{"allow":["GET"]}}],"collection":[{"href":"https:\/\/www.europesays.com\/fr\/wp-json\/wp\/v2\/posts"}],"about":[{"href":"https:\/\/www.europesays.com\/fr\/wp-json\/wp\/v2\/types\/post"}],"author":[{"embeddable":true,"href":"https:\/\/www.europesays.com\/fr\/wp-json\/wp\/v2\/users\/2"}],"replies":[{"embeddable":true,"href":"https:\/\/www.europesays.com\/fr\/wp-json\/wp\/v2\/comments?post=521350"}],"version-history":[{"count":0,"href":"https:\/\/www.europesays.com\/fr\/wp-json\/wp\/v2\/posts\/521350\/revisions"}],"wp:featuredmedia":[{"embeddable":true,"href":"https:\/\/www.europesays.com\/fr\/wp-json\/wp\/v2\/media\/290004"}],"wp:attachment":[{"href":"https:\/\/www.europesays.com\/fr\/wp-json\/wp\/v2\/media?parent=521350"}],"wp:term":[{"taxonomy":"category","embeddable":true,"href":"https:\/\/www.europesays.com\/fr\/wp-json\/wp\/v2\/categories?post=521350"},{"taxonomy":"post_tag","embeddable":true,"href":"https:\/\/www.europesays.com\/fr\/wp-json\/wp\/v2\/tags?post=521350"}],"curies":[{"name":"wp","href":"https:\/\/api.w.org\/{rel}","templated":true}]}}