{"id":521351,"date":"2025-11-08T21:12:22","date_gmt":"2025-11-08T21:12:22","guid":{"rendered":"https:\/\/www.europesays.com\/fr\/521351\/"},"modified":"2025-11-08T21:12:22","modified_gmt":"2025-11-08T21:12:22","slug":"vainqueur-a-athenes-novak-djokovic-gagne-un-101%e1%b5%89-titre-a-38-ans","status":"publish","type":"post","link":"https:\/\/www.europesays.com\/fr\/521351\/","title":{"rendered":"vainqueur \u00e0 Ath\u00e8nes, Novak Djokovic gagne un 101\u1d49\u00a0titre \u00e0 38\u00a0ans"},"content":{"rendered":"<p>                      <img loading=\"lazy\" decoding=\"async\" src=\"https:\/\/www.europesays.com\/fr\/wp-content\/uploads\/2025\/11\/d814ee3_ftp-import-images-1-40hp7e76zqr2-2025-11-08t183815z-755851686-up1elb81et0xu-rtrmadp-3-tennis.jpeg\" alt=\"Novak Djokovic c\u00e9l\u00e8bre sa victoire en finale de l\u2019ATP 250\u00a0d\u2019Ath\u00e8nes, samedi 8\u00a0novembre 2025, apr\u00e8s sa victoire en finale face \u00e0 l\u2019Italien Lorenzo Musetti.\"   width=\"664\" height=\"443\"\/>    Novak Djokovic c\u00e9l\u00e8bre sa victoire en finale de l\u2019ATP 250\u00a0d\u2019Ath\u00e8nes, samedi 8\u00a0novembre 2025, apr\u00e8s sa victoire en finale face \u00e0 l\u2019Italien Lorenzo Musetti.  LOUIZA VRADI \/ REUTERS                          <\/p>\n<p class=\"article__paragraph  \">Le Serbe Novak Djokovic (5e mondial) a battu l\u2019Italien Lorenzo Musetti (9e), samedi 8\u00a0novembre, en finale de l\u2019ATP 250 d\u2019Ath\u00e8nes. Vainqueur 4-6, 6-3, 7-5 au terme d\u2019un combat haletant de pr\u00e8s de trois heures, il s\u2019offre son 101e titre sur le circuit masculin. A 38\u00a0ans et cinq mois, \u00ab\u00a0Djoko\u00a0\u00bb est le vainqueur de tournoi le plus \u00e2g\u00e9 depuis l\u2019Australien Ken Rosewall, \u00e2g\u00e9 de 43\u00a0ans lorsqu\u2019il a gagn\u00e9 \u00e0 Hong Kong en\u00a01977.<\/p>\n<p class=\"article__paragraph  \">L\u2019homme aux 24 titres du Grand Chelem n\u2019avait plus remport\u00e9 de tournoi depuis sa victoire en mai \u00e0 l\u2019ATP 250 de Gen\u00e8ve, sur terre battue. Avec ce nouveau succ\u00e8s, l\u2019ex-num\u00e9ro un mondial n\u2019est plus qu\u2019\u00e0 deux longueurs des 103 titres de son ancien rival suisse Roger Federer, et \u00e0 huit titres des 109 troph\u00e9es record de l\u2019Am\u00e9ricain Jimmy Connors.<\/p>\n<p class=\"article__paragraph  \">Dirig\u00e9 par Djordje Djokovic, le fr\u00e8re cadet de Novak, le tournoi remport\u00e9 samedi par le Serbe devait initialement \u00eatre organis\u00e9 \u00e0 Belgrade, comme en\u00a02024. Mais l\u2019ATP a annonc\u00e9 en ao\u00fbt que le tournoi se d\u00e9roulerait finalement \u00e0 Ath\u00e8nes, sans sp\u00e9cifier les raisons de cette relocalisation. \u00ab\u00a0Malgr\u00e9 des efforts sans rel\u00e2che, les conditions requises pour organiser le tournoi dans le format et \u00e0 la date pr\u00e9vus n\u2019ont pu \u00eatre assur\u00e9es\u00a0\u00bb, peut-on lire sur le site officiel du tournoi de Belgrade.<\/p>\n<p>                    Tomb\u00e9 en disgr\u00e2ce en Serbie                    <\/p>\n<p class=\"article__paragraph  \">Sur les r\u00e9seaux sociaux, les photos de Novak Djokovic en Gr\u00e8ce se sont multipli\u00e9es ces derniers mois, le Serbe apparaissant notamment durant l\u2019\u00e9t\u00e9 aux c\u00f4t\u00e9s du premier ministre hell\u00e8ne Kyriakos Mitsotakis.<\/p>\n<p>                                       Lire aussi |  Article r\u00e9serv\u00e9 \u00e0 nos abonn\u00e9s  <a href=\"https:\/\/www.lemonde.fr\/sport\/article\/2025\/07\/09\/novak-djokovic-finalement-apprecie-du-public-de-wimbledon-avant-il-avait-l-air-arrogant_6620169_3242.html\" class=\"js-article-read-also catcher--favoris__link\" data-premium=\"1\" id=\"article-title-3430770\" rel=\"nofollow noopener\" target=\"_blank\">Novak Djokovic, appr\u00e9ci\u00e9 du public de Wimbledon au cr\u00e9puscule de sa carri\u00e8re\u00a0: \u00ab\u00a0Il a r\u00e9ussi \u00e0 trouver un \u00e9quilibre entre ses \u00e9motions et son c\u00f4t\u00e9 \u00e9gocentrique\u00a0\u00bb<\/a>    <\/p>\n<p>   Lire plus tard  <\/p>\n<p class=\"article__paragraph  \">En Serbie, le natif de Belgrade s\u2019est longtemps gard\u00e9 de tout commentaire \u00e0 caract\u00e8re politique, mais a plusieurs fois apport\u00e9 son soutien ces derniers mois aux \u00e9tudiants qui manifestent depuis un an contre le gouvernement et le pr\u00e9sident Aleksandar Vucic. Des prises de position qui l\u2019ont fait tomber en disgr\u00e2ce aupr\u00e8s des autorit\u00e9s serbes et lui valent d\u2019\u00eatre cibl\u00e9 par des tablo\u00efds r\u00e9put\u00e9s proches du pouvoir.<\/p>\n<p class=\"article__paragraph  \">En dominant Musetti pour la neuvi\u00e8me fois en dix duels, le Serbe a priv\u00e9 l\u2019Italien d\u2019une premi\u00e8re participation au Masters de Turin, qui r\u00e9unira \u00e0 partir de dimanche les huit joueurs ayant amass\u00e9 le plus de points ATP de la saison. Musetti devait gagner le titre \u00e0 Ath\u00e8nes pour arracher au Canadien Felix Auger-Aliassime la huiti\u00e8me et derni\u00e8re place qualificative pour le Masters.<\/p>\n<p class=\"article__paragraph  \">Djokovic est lui qualifi\u00e9 de longue date pour Turin, mais a entretenu le doute jusqu\u2019\u00e0 la derni\u00e8re minute quant \u00e0 sa participation au prestigieux tournoi de fin de saison.<\/p>\n<p class=\"author__detail\">  Le Monde avec AFP  <\/p>\n<p>                <a href=\"https:\/\/www.lemonde.fr\/syndication\/\" class=\"reuse__content\" title=\"R\u00e9utiliser ce contenu\" target=\"_blank\" rel=\"nofollow noopener\">R\u00e9utiliser ce contenu<\/a>      <\/p>\n","protected":false},"excerpt":{"rendered":"Novak Djokovic c\u00e9l\u00e8bre sa victoire en finale de l\u2019ATP 250\u00a0d\u2019Ath\u00e8nes, samedi 8\u00a0novembre 2025, apr\u00e8s sa victoire en finale&hellip;\n","protected":false},"author":2,"featured_media":521352,"comment_status":"","ping_status":"","sticky":false,"template":"","format":"standard","meta":{"footnotes":""},"categories":[1415],"tags":[1011,27,60,1467],"class_list":{"0":"post-521351","1":"post","2":"type-post","3":"status-publish","4":"format-standard","5":"has-post-thumbnail","7":"category-tennis","8":"tag-fr","9":"tag-france","10":"tag-sports","11":"tag-tennis"},"share_on_mastodon":{"url":"https:\/\/pubeurope.com\/@fr\/115516142629547009","error":""},"_links":{"self":[{"href":"https:\/\/www.europesays.com\/fr\/wp-json\/wp\/v2\/posts\/521351","targetHints":{"allow":["GET"]}}],"collection":[{"href":"https:\/\/www.europesays.com\/fr\/wp-json\/wp\/v2\/posts"}],"about":[{"href":"https:\/\/www.europesays.com\/fr\/wp-json\/wp\/v2\/types\/post"}],"author":[{"embeddable":true,"href":"https:\/\/www.europesays.com\/fr\/wp-json\/wp\/v2\/users\/2"}],"replies":[{"embeddable":true,"href":"https:\/\/www.europesays.com\/fr\/wp-json\/wp\/v2\/comments?post=521351"}],"version-history":[{"count":0,"href":"https:\/\/www.europesays.com\/fr\/wp-json\/wp\/v2\/posts\/521351\/revisions"}],"wp:featuredmedia":[{"embeddable":true,"href":"https:\/\/www.europesays.com\/fr\/wp-json\/wp\/v2\/media\/521352"}],"wp:attachment":[{"href":"https:\/\/www.europesays.com\/fr\/wp-json\/wp\/v2\/media?parent=521351"}],"wp:term":[{"taxonomy":"category","embeddable":true,"href":"https:\/\/www.europesays.com\/fr\/wp-json\/wp\/v2\/categories?post=521351"},{"taxonomy":"post_tag","embeddable":true,"href":"https:\/\/www.europesays.com\/fr\/wp-json\/wp\/v2\/tags?post=521351"}],"curies":[{"name":"wp","href":"https:\/\/api.w.org\/{rel}","templated":true}]}}