{"id":521353,"date":"2025-11-08T21:16:11","date_gmt":"2025-11-08T21:16:11","guid":{"rendered":"https:\/\/www.europesays.com\/fr\/521353\/"},"modified":"2025-11-08T21:16:11","modified_gmt":"2025-11-08T21:16:11","slug":"souffrant-du-dos-jules-simon-veut-garder-la-tete-haute-actualite","status":"publish","type":"post","link":"https:\/\/www.europesays.com\/fr\/521353\/","title":{"rendered":"Souffrant du dos, Jules Simon veut \u00ab garder la t\u00eate haute \u00bb &#8211; Actualit\u00e9"},"content":{"rendered":"<p style=\"text-align: justify;\">Jules Simon n\u2019\u00e9volue pas \u00e0 son meilleur niveau depuis le d\u00e9but de la saison de cyclo-cross, et \u00e7a a encore \u00e9t\u00e9 le cas ce samedi lors du Championnat d\u2019Europe Espoirs. Le Francilien est g\u00ean\u00e9 par des douleurs au dos. \u201c\u00c7a a \u00e9t\u00e9 dur. Il y a un probl\u00e8me que je n\u2019arrive pas \u00e0 r\u00e9soudre. \u00c0 chaque fois, je commence \u00e0 t\u00e9taniser au moment de la mi-course. L\u00e0, c\u2019est m\u00eame arriv\u00e9 au bout de 20 minutes\u201d, rapporte-t-il \u00e0 DirectVelo.<\/p>\n<p>La situation est d\u2019autant plus frustrante que le coureur d\u2019AS Bike Racing-France Literie avait pris un bon d\u00e9part du c\u00f4t\u00e9 de Middelkerke (Flandre-Occidentale). \u201cJe pense que je me suis retrouv\u00e9 dans le groupe avec lequel je dois \u00eatre quand je suis en forme\u201d. La course \u00e0 pied a \u00e9t\u00e9 compliqu\u00e9e pour lui sur le sable de la mer du Nord. \u201cLe dos me t\u00e9tanise. Je ne pouvais plus courir et quand il fallait relancer et \u00eatre dynamique, je n&rsquo;y arrivais pas. Sur un Championnat d&rsquo;Europe, on le paye directement. Je sors de ma course, et je fais des erreurs\u201d. Il va \u00eatre temps pour lui de r\u00e9gler ce souci de sant\u00e9. \u201cIl faut que je me pose avec mon \u00e9quipe pour voir ce que je peux faire\u201d, confie-t-il <strong><a href=\"https:\/\/www.directvelo.com\/actualite\/125176\/cc-championnat-deurope-u23-hommes-classement\" target=\"_blank\" rel=\"noopener\">apr\u00e8s en avoir termin\u00e9 hors du Top 15 de ce Championnat d&rsquo;Europ<\/a>e.<\/strong><\/p>\n<p>Au-del\u00e0 de son dos, il y a selon lui \u201cdes am\u00e9liorations pour pouvoir \u00eatre avec les meilleurs\u201d. Le stage avec l\u2019\u00e9quipe de France, sur les bords de la M\u00e9diterran\u00e9e, apr\u00e8s la Coupe de France d\u2019Albi, lui avait \u00e9t\u00e9 b\u00e9n\u00e9fique. \u201cJ\u2019avais senti qu&rsquo;on avait pass\u00e9 un cap, avec tous les autres. J&rsquo;\u00e9tais vraiment content, donc c&rsquo;est dommage\u201d. Jules Simon\u00a0est loin de se laisser abattre par la situation. \u201cLa saison est encore longue. On va essayer de voir ce qu&rsquo;on peut faire pour s&rsquo;am\u00e9liorer. On va garder la t\u00eate haute\u201d.<\/p>\n","protected":false},"excerpt":{"rendered":"Jules Simon n\u2019\u00e9volue pas \u00e0 son meilleur niveau depuis le d\u00e9but de la saison de cyclo-cross, et \u00e7a&hellip;\n","protected":false},"author":2,"featured_media":521354,"comment_status":"","ping_status":"","sticky":false,"template":"","format":"standard","meta":{"footnotes":""},"categories":[1411],"tags":[834,828,836,829,837,827,83,826,824,823,1154,207,814,817,815,816,822,821,832,211,839,1011,27,820,818,819,835,831,830,833,838,60,212,208,825],"class_list":{"0":"post-521353","1":"post","2":"type-post","3":"status-publish","4":"format-standard","5":"has-post-thumbnail","7":"category-cyclisme","8":"tag-attaque","9":"tag-belgique","10":"tag-braquet","11":"tag-bretagne","12":"tag-chute","13":"tag-competition","14":"tag-coupe-de-france","15":"tag-coureur","16":"tag-course-cyclisme","17":"tag-course-cycliste","18":"tag-cycling","19":"tag-cyclisme","20":"tag-direct","21":"tag-direct-velo","22":"tag-directvelo","23":"tag-directvelo-com","24":"tag-epreuve","25":"tag-epreuve-cycliste","26":"tag-federation-francaise-de-cyclisme","27":"tag-ffc","28":"tag-flandres","29":"tag-fr","30":"tag-france","31":"tag-live","32":"tag-live-course","33":"tag-live-epreuve","34":"tag-peloton","35":"tag-radio-peloton","36":"tag-radio-tour","37":"tag-ravitaillement","38":"tag-relance","39":"tag-sports","40":"tag-uci","41":"tag-velo","42":"tag-velos"},"share_on_mastodon":{"url":"https:\/\/pubeurope.com\/@fr\/115516157814638310","error":""},"_links":{"self":[{"href":"https:\/\/www.europesays.com\/fr\/wp-json\/wp\/v2\/posts\/521353","targetHints":{"allow":["GET"]}}],"collection":[{"href":"https:\/\/www.europesays.com\/fr\/wp-json\/wp\/v2\/posts"}],"about":[{"href":"https:\/\/www.europesays.com\/fr\/wp-json\/wp\/v2\/types\/post"}],"author":[{"embeddable":true,"href":"https:\/\/www.europesays.com\/fr\/wp-json\/wp\/v2\/users\/2"}],"replies":[{"embeddable":true,"href":"https:\/\/www.europesays.com\/fr\/wp-json\/wp\/v2\/comments?post=521353"}],"version-history":[{"count":0,"href":"https:\/\/www.europesays.com\/fr\/wp-json\/wp\/v2\/posts\/521353\/revisions"}],"wp:featuredmedia":[{"embeddable":true,"href":"https:\/\/www.europesays.com\/fr\/wp-json\/wp\/v2\/media\/521354"}],"wp:attachment":[{"href":"https:\/\/www.europesays.com\/fr\/wp-json\/wp\/v2\/media?parent=521353"}],"wp:term":[{"taxonomy":"category","embeddable":true,"href":"https:\/\/www.europesays.com\/fr\/wp-json\/wp\/v2\/categories?post=521353"},{"taxonomy":"post_tag","embeddable":true,"href":"https:\/\/www.europesays.com\/fr\/wp-json\/wp\/v2\/tags?post=521353"}],"curies":[{"name":"wp","href":"https:\/\/api.w.org\/{rel}","templated":true}]}}