{"id":521363,"date":"2025-11-08T21:22:14","date_gmt":"2025-11-08T21:22:14","guid":{"rendered":"https:\/\/www.europesays.com\/fr\/521363\/"},"modified":"2025-11-08T21:22:14","modified_gmt":"2025-11-08T21:22:14","slug":"michel-sardou-revient-sur-sa-folle-demande-en-mariage-a-sa-femme-anne-marie-perier","status":"publish","type":"post","link":"https:\/\/www.europesays.com\/fr\/521363\/","title":{"rendered":"Michel Sardou revient sur sa folle demande en mariage \u00e0 sa femme Anne-Marie P\u00e9rier"},"content":{"rendered":"<p>Invit\u00e9 de l&rsquo;\u00e9mission Vari\u00e9t\u00e9s sur RTL, Michel Sardou a fait des confidences sur les moments marquants de sa vie. Il est revenu sur sa demande en mariage hors du commun \u00e0 celle qui est aujourd&rsquo;hui sa troisi\u00e8me \u00e9pouse, Anne-Marie P\u00e9rier.<\/p>\n<p>Une demande en mariage assez originale. Ce samedi 8 novembre, <a href=\"https:\/\/www.programme-tv.net\/biographie\/242339-trapenard-augustin\/\" data-link-people=\"afa18416-dbd0-46c7-b1a6-7265f236dee1\" target=\"_blank\" rel=\"noopener\">Augustin Trapenard<\/a> recevait Michel Sardou dans son \u00e9mission Vari\u00e9t\u00e9s sur RTL. L&rsquo;occasion pour le chanteur de se confier sur ses d\u00e9buts dans la musique, <a href=\"https:\/\/www.programme-tv.net\/news\/musique\/349006-je-ne-suis-pas-pres-daller-la-voir-michel-sardou-revient-sur-la-grosse-polemique-avec-juliette-armanet-qui-avait-critique-les-lacs-du-connemara\/\" data-api-deeplink=\"teleloisirs:\/\/news\/349006\" target=\"_blank\" rel=\"noopener\">le succ\u00e8s de ses titres comme Les Lacs du Connemara<\/a>, mais aussi sur sa vie priv\u00e9e. Mari\u00e9 une premi\u00e8re fois \u00e0 Fran\u00e7oise Pettr\u00e9 \u00e0 l&rsquo;\u00e2ge de 18 ans, il divorce en 1977. Michel Sardou se remarie ensuite avec Elizabeth Haas dite \u00ab\u00a0Babeth\u00a0\u00bb, avant de divorcer en 1998. Une ann\u00e9e plus tard,<a href=\"https:\/\/www.programme-tv.net\/news\/musique\/338900-jetais-encore-marie-elle-aussi-les-dessous-de-la-rencontre-et-de-lunion-entre-michel-sardou-et-sa-troisieme-femme-anne-marie-perier\/\" data-api-deeplink=\"teleloisirs:\/\/news\/338900\" target=\"_blank\" rel=\"noopener\"> c&rsquo;est \u00e0 Anne-Marie P\u00e9rier qu&rsquo;il dit oui pour la vie<\/a>. Depuis 26 ans, le couple file le parfait amour.<\/p>\n<p>Michel Sardou raconte comment il a demand\u00e9 en mariage Anne-Marie P\u00e9rier<\/p>\n<p>L&rsquo;interpr\u00e8te de La Maladie d&rsquo;Amour a mis du temps \u00e0 demander sa main \u00e0 <a href=\"https:\/\/www.programme-tv.net\/news\/musique\/243478-michel-sardou-qui-est-sa-femme-anne-marie-perier\/\" data-api-deeplink=\"teleloisirs:\/\/news\/243478\" target=\"_blank\" rel=\"noopener\">celle qui partage son quotidien<\/a>. Il s&rsquo;est finalement d\u00e9cid\u00e9 un soir, seul chez lui, alors que cela faisait deux ans qu&rsquo;il n&rsquo;avait pas parl\u00e9 avec cette derni\u00e8re. \u00ab\u00a0J&rsquo;ai pris mon t\u00e9l\u00e9phone en pleine nuit. J&rsquo;ai pens\u00e9 \u00e0 Anne-Marie, qui est maintenant mon \u00e9pouse. J&rsquo;appelle sa secr\u00e9taire, elle me dit qu&rsquo;elle est \u00e0 New York, je dis : &lsquo;Je m&rsquo;en fous, r\u00e9veille-la \u00e0 New York'\u00a0\u00bb, commence Michel Sardou. Il arrive finalement \u00e0 avoir sa bien-aim\u00e9e au t\u00e9l\u00e9phone. \u00ab\u00a0Alors, elle me branche sur la ligne d&rsquo;Anne-Marie qui \u00e9tait endormie. <b>Et pour elle, il \u00e9tait, je ne sais pas, quelle heure il \u00e9tait chez elle&#8230; Cinq heures du matin. Je lui dis, je vais te poser une question, tu r\u00e9ponds par oui ou par non. Est-ce que tu veux m&rsquo;\u00e9pouser ?<\/b>\u00ab\u00a0, raconte le chanteur. \u00c9videmment surprise, l&rsquo;int\u00e9ress\u00e9e a r\u00e9pondu : \u00ab\u00a0Attends, je peux pas te r\u00e9pondre comme \u00e7a, laisse-moi r\u00e9fl\u00e9chir, tu dis des conneries, quelle est la derni\u00e8re lettre que tu as sur ton agenda, t&rsquo;es tomb\u00e9 sur P, P\u00e9rier, c&rsquo;est pour \u00e7a que tu m&rsquo;appelles\u00a0\u00bb.<\/p>\n<p>                        L&rsquo;\u00e9trange demande de Michel Sardou \u00e0 Anne-Marie P\u00e9rier<\/p>\n<p>S\u00fbr de lui, Michel Sardou \u00e0 fait une dr\u00f4le de proposition \u00e0 Anne-Marie P\u00e9rier. \u00ab\u00a0Je lui dis, \u00e9coute, va faire un tour dans Central Park, compte les \u00e9cureuils, reviens et r\u00e9ponds-moi. Et elle m&rsquo;a r\u00e9pondu oui\u00a0\u00bb, a-t-il expliqu\u00e9. La femme du chanteur a d&rsquo;ailleurs ajout\u00e9 sur le ton de l&rsquo;humour qu&rsquo;il y avait 853 \u00e9cureuils ce soir-l\u00e0.<\/p>\n","protected":false},"excerpt":{"rendered":"Invit\u00e9 de l&rsquo;\u00e9mission Vari\u00e9t\u00e9s sur RTL, Michel Sardou a fait des confidences sur les moments marquants de sa&hellip;\n","protected":false},"author":2,"featured_media":521364,"comment_status":"","ping_status":"","sticky":false,"template":"","format":"standard","meta":{"footnotes":""},"categories":[1355],"tags":[64214,244,58,59,1011,27,1930,30040,1361,873,1630],"class_list":{"0":"post-521363","1":"post","2":"type-post","3":"status-publish","4":"format-standard","5":"has-post-thumbnail","7":"category-musique","8":"tag-anne-marie-pu00e9rier","9":"tag-commentaire","10":"tag-divertissement","11":"tag-entertainment","12":"tag-fr","13":"tag-france","14":"tag-mariage","15":"tag-michel-sardou","16":"tag-music","17":"tag-musique","18":"tag-zapping"},"share_on_mastodon":{"url":"https:\/\/pubeurope.com\/@fr\/115516181407930376","error":""},"_links":{"self":[{"href":"https:\/\/www.europesays.com\/fr\/wp-json\/wp\/v2\/posts\/521363","targetHints":{"allow":["GET"]}}],"collection":[{"href":"https:\/\/www.europesays.com\/fr\/wp-json\/wp\/v2\/posts"}],"about":[{"href":"https:\/\/www.europesays.com\/fr\/wp-json\/wp\/v2\/types\/post"}],"author":[{"embeddable":true,"href":"https:\/\/www.europesays.com\/fr\/wp-json\/wp\/v2\/users\/2"}],"replies":[{"embeddable":true,"href":"https:\/\/www.europesays.com\/fr\/wp-json\/wp\/v2\/comments?post=521363"}],"version-history":[{"count":0,"href":"https:\/\/www.europesays.com\/fr\/wp-json\/wp\/v2\/posts\/521363\/revisions"}],"wp:featuredmedia":[{"embeddable":true,"href":"https:\/\/www.europesays.com\/fr\/wp-json\/wp\/v2\/media\/521364"}],"wp:attachment":[{"href":"https:\/\/www.europesays.com\/fr\/wp-json\/wp\/v2\/media?parent=521363"}],"wp:term":[{"taxonomy":"category","embeddable":true,"href":"https:\/\/www.europesays.com\/fr\/wp-json\/wp\/v2\/categories?post=521363"},{"taxonomy":"post_tag","embeddable":true,"href":"https:\/\/www.europesays.com\/fr\/wp-json\/wp\/v2\/tags?post=521363"}],"curies":[{"name":"wp","href":"https:\/\/api.w.org\/{rel}","templated":true}]}}