{"id":521369,"date":"2025-11-08T21:25:16","date_gmt":"2025-11-08T21:25:16","guid":{"rendered":"https:\/\/www.europesays.com\/fr\/521369\/"},"modified":"2025-11-08T21:25:16","modified_gmt":"2025-11-08T21:25:16","slug":"atp-finals-forfait-pour-le-masters-de-turin-djokovic-fait-un-magnifique-cadeau-a-musetti-apres-lavoir-battu-en-finale-je-suis-triste-de-vous-annoncer-que-je-dois-me-retirer-en-raison-dune-bl","status":"publish","type":"post","link":"https:\/\/www.europesays.com\/fr\/521369\/","title":{"rendered":"ATP &#8211; Finals > Forfait pour le Masters de Turin, Djokovic fait un magnifique cadeau \u00e0 Musetti apr\u00e8s l&rsquo;avoir battu en finale : \u00ab\u00a0Je suis triste de vous annoncer que je dois me retirer en raison d&rsquo;une blessure persistante\u00a0\u00bb"},"content":{"rendered":"<p>Sa d\u00e9ci\u00adsion \u00e9tait parti\u00adcu\u00adli\u00e8\u00adre\u00adment attendue.\u00a0<\/p>\n<p>Novak Djokovic, <a href=\"https:\/\/www.welovetennis.fr\/atp\/atp-athenes-atp\/djokovic-assomme-musetti-et-decroche-le-101e-titre-de-sa-carriere-apres-une-finale-exceptionnelle\" data-wpel-link=\"internal\" target=\"_blank\" rel=\"noopener\">laur\u00e9at d\u2019un 101e titre en carri\u00e8re apr\u00e8s sa victoire ce samedi soir contre Lorenzo Musetti en finale de l\u2019ATP 250 d\u2019Ath\u00e8nes<\/a>, a annonc\u00e9 son forfait pour le Masters de Turin qui d\u00e9bute ce dimanche 9 novembre.<\/p>\n<p>Victime d\u2019une bles\u00adsure \u00ab\u202fpersis\u00adtante\u202f\u00bb, le Serbe a annonc\u00e9 la nouvelle via son compte Instagram\u00a0: <strong>\u00ab\u202fJ\u2019avais vrai\u00adment h\u00e2te de parti\u00adciper \u00e0 la comp\u00e9\u00adti\u00adtion \u00e0 Turin et de donner le meilleur de moi\u2010m\u00eame, mais apr\u00e8s la finale d\u2019au\u00adjourd\u2019hui \u00e0 Ath\u00e8nes, je suis triste de vous annoncer que je dois me retirer en raison d\u2019une bles\u00adsure persis\u00adtante. Je suis vrai\u00adment d\u00e9sol\u00e9 pour les fans qui esp\u00e9\u00adraient me voir jouer \u2013 votre soutien compte beau\u00adcoup pour moi. Je souhaite \u00e0 tous les joueurs un tournoi excep\u00adtionnel, et j\u2019ai h\u00e2te de revenir bient\u00f4t sur le terrain avec vous\u00a0tous\u202f!\u202f\u00bb<\/strong><\/p>\n<p><img fetchpriority=\"high\" decoding=\"async\" width=\"616\" height=\"1024\" src=\"https:\/\/www.europesays.com\/fr\/wp-content\/uploads\/2025\/11\/Capture-decran-2025-11-08-a-20.57.42.png\" alt=\"\" class=\"wp-image-572358\" style=\"width:435px;height:auto\"  \/><\/p>\n<p>Un retrait en forme de cadeau \u00e0 sa victime du jour, Musetti, qui se retrouve direc\u00adte\u00adment qualifi\u00e9 pour le tournoi des ma\u00eetres aux c\u00f4t\u00e9s de F\u00e9lix Auger\u2010Aliassime, autre grand gagnant du\u00a0jour.\u00a0<\/p>\n<p class=\"post-published-date\" style=\"color: silver; font-size: 75%; text-align: left;\">Publi\u00e9 le samedi 8 novembre 2025 \u00e0 20:50<\/p>\n","protected":false},"excerpt":{"rendered":"Sa d\u00e9ci\u00adsion \u00e9tait parti\u00adcu\u00adli\u00e8\u00adre\u00adment attendue.\u00a0 Novak Djokovic, laur\u00e9at d\u2019un 101e titre en carri\u00e8re apr\u00e8s sa victoire ce samedi&hellip;\n","protected":false},"author":2,"featured_media":373440,"comment_status":"","ping_status":"","sticky":false,"template":"","format":"standard","meta":{"footnotes":""},"categories":[9],"tags":[14496,105,1011,27,60],"class_list":{"0":"post-521369","1":"post","2":"type-post","3":"status-publish","4":"format-standard","5":"has-post-thumbnail","7":"category-sports","8":"tag-auger-aliassime","9":"tag-djokovic","10":"tag-fr","11":"tag-france","12":"tag-sports"},"share_on_mastodon":{"url":"https:\/\/pubeurope.com\/@fr\/115516193568235621","error":""},"_links":{"self":[{"href":"https:\/\/www.europesays.com\/fr\/wp-json\/wp\/v2\/posts\/521369","targetHints":{"allow":["GET"]}}],"collection":[{"href":"https:\/\/www.europesays.com\/fr\/wp-json\/wp\/v2\/posts"}],"about":[{"href":"https:\/\/www.europesays.com\/fr\/wp-json\/wp\/v2\/types\/post"}],"author":[{"embeddable":true,"href":"https:\/\/www.europesays.com\/fr\/wp-json\/wp\/v2\/users\/2"}],"replies":[{"embeddable":true,"href":"https:\/\/www.europesays.com\/fr\/wp-json\/wp\/v2\/comments?post=521369"}],"version-history":[{"count":0,"href":"https:\/\/www.europesays.com\/fr\/wp-json\/wp\/v2\/posts\/521369\/revisions"}],"wp:featuredmedia":[{"embeddable":true,"href":"https:\/\/www.europesays.com\/fr\/wp-json\/wp\/v2\/media\/373440"}],"wp:attachment":[{"href":"https:\/\/www.europesays.com\/fr\/wp-json\/wp\/v2\/media?parent=521369"}],"wp:term":[{"taxonomy":"category","embeddable":true,"href":"https:\/\/www.europesays.com\/fr\/wp-json\/wp\/v2\/categories?post=521369"},{"taxonomy":"post_tag","embeddable":true,"href":"https:\/\/www.europesays.com\/fr\/wp-json\/wp\/v2\/tags?post=521369"}],"curies":[{"name":"wp","href":"https:\/\/api.w.org\/{rel}","templated":true}]}}