{"id":521370,"date":"2025-11-08T21:26:11","date_gmt":"2025-11-08T21:26:11","guid":{"rendered":"https:\/\/www.europesays.com\/fr\/521370\/"},"modified":"2025-11-08T21:26:11","modified_gmt":"2025-11-08T21:26:11","slug":"festival-de-bd-dangouleme-le-scenario-dune-gestion-partagee-neteint-pas-lincendie-actualites","status":"publish","type":"post","link":"https:\/\/www.europesays.com\/fr\/521370\/","title":{"rendered":"Festival de BD d&rsquo;Angoul\u00eame: le sc\u00e9nario d&rsquo;une gestion partag\u00e9e n&rsquo;\u00e9teint pas l&rsquo;incendie : Actualit\u00e9s"},"content":{"rendered":"<p class=\"lead \">L&rsquo;association propri\u00e9taire du festival de BD d&rsquo;Angoul\u00eame (FIBD) a propos\u00e9 samedi de confier son organisation future \u00e0 un bin\u00f4me associant son actuel d\u00e9l\u00e9gataire, tr\u00e8s critiqu\u00e9, sans mettre fin \u00e0 l&rsquo;appel au boycott de la prochaine \u00e9dition en cas de reconduction.<\/p>\n<p class=\"lead \">Ce dernier, la soci\u00e9t\u00e9 priv\u00e9e 9eArt+, et la Cit\u00e9 Internationale de la Bande dessin\u00e9e et de l&rsquo;Image (CIBDI), un \u00e9tablissement public qui abrite le mus\u00e9e de la BD, doivent soumettre \u00ab\u00a0un projet commun\u00a0\u00bb d&rsquo;ici au 20 novembre, a annonc\u00e9 l&rsquo;association \u00e0 l&rsquo;issue d&rsquo;un appel \u00e0 projets pour l&rsquo;organisation de l&rsquo;\u00e9v\u00e9nement apr\u00e8s 2028.<\/p>\n<p class=\"lead \">Depuis 2007 et jusqu&rsquo;en 2027, celle-ci est confi\u00e9e \u00e0 9eArt+.<\/p>\n<p class=\"lead \">Ce \u00ab\u00a0rapprochement\u00a0\u00bb entre les deux offres candidates vise \u00e0 produire une \u00ab\u00a0plus grande transparence dans la gestion de l&rsquo;\u00e9v\u00e9nement\u00a0\u00bb et offre aux financeurs publics du festival &#8211; \u00c9tat et collectivit\u00e9s locales, qui subventionnent aussi la CIBDI &#8211; \u00ab\u00a0l&rsquo;opportunit\u00e9 de prendre une place appropri\u00e9e\u00a0\u00bb dans sa gouvernance, a fait valoir l&rsquo;association dans un communiqu\u00e9.<\/p>\n<p class=\"lead \">Et d&rsquo;esp\u00e9rer \u00ab\u00a0que les auteurs et leurs \u00e9diteurs consid\u00e8reront que leur voix a \u00e9t\u00e9 entendue dans une telle r\u00e9organisation\u00a0\u00bb, a-t-elle ajout\u00e9, pr\u00e9cisant que l&rsquo;actuel organisateur avait \u00ab\u00a0apport\u00e9 des garanties\u00a0\u00bb quant au d\u00e9part de son d\u00e9l\u00e9gu\u00e9 g\u00e9n\u00e9ral d\u00e9cri\u00e9, Franck Bondoux.<\/p>\n<p class=\"lead \">&#8211; \u00ab\u00a0Man\u0153uvre\u00a0\u00bb &#8211;<\/p>\n<p class=\"lead \">Rat\u00e9: le syndicat national des auteurs et des compositeurs (Snac) et le Syndicat des travailleurs.euses Artistes-Auteur.ices (STAA) CNT-SO, d\u00e9non\u00e7ant une reconduction d\u00e9guis\u00e9e de 9e Art+, ont confirm\u00e9 leur appel \u00e0 boycotter la prochaine \u00e9dition, du 29 janvier au 1er f\u00e9vrier 2026.<\/p>\n<p class=\"lead \">Samedi, la p\u00e9tition en ligne totalisait pr\u00e8s de 2.300 signatures, dont celles de la dessinatrice et autrice fran\u00e7aise Anouk Ricard, qui avait re\u00e7u le Grand Prix d&rsquo;Angoul\u00eame en 2025, et de plusieurs pr\u00e9c\u00e9dents laur\u00e9ats comme la Britannique Posy Simmonds, l&rsquo;Am\u00e9ricain Art Spiegelman ou les Fran\u00e7ais Blutch et Lewis Trondheim.<\/p>\n<p class=\"lead \">\u00ab\u00a0Puisque l&rsquo;association refuse de tourner la page, nous n&rsquo;avons d&rsquo;autre choix que de refermer le livre\u00a0\u00bb, a cingl\u00e9 le premier, tandis que le second fustigeait \u00ab\u00a0une man\u0153uvre qui ne trompe personne\u00a0\u00bb, par laquelle Delphine Groux, pr\u00e9sidente de l&rsquo;association du FIBD, ne chercherait qu&rsquo;\u00e0 \u00ab\u00a0gagner du temps\u00a0\u00bb.<\/p>\n<p class=\"lead \">De son c\u00f4t\u00e9, le syndicat national de l&rsquo;\u00e9dition (SNE), a d\u00e9nonc\u00e9 la \u00ab\u00a0totale opacit\u00e9\u00a0\u00bb du processus de s\u00e9lection du FIBD, et r\u00e9clam\u00e9 \u00ab\u00a0une clarification\u00a0\u00bb et \u00ab\u00a0des r\u00e9ponses satisfaisantes sur cette nouvelle structure organisatrice\u00a0\u00bb.<\/p>\n<p class=\"lead \">\u00ab\u00a0Sans cette n\u00e9cessaire transparence, le groupe BD du SNE ne participera pas \u00e0 l\u2019\u00e9dition 2027 et suivantes\u00a0\u00bb, a menac\u00e9 le syndicat, qui sera n\u00e9anmoins pr\u00e9sent \u00e0 l&rsquo;\u00e9v\u00e9nement en janvier.<\/p>\n<p class=\"lead \">En d\u00e9but d&rsquo;ann\u00e9e, le festival 2025 avait \u00e9t\u00e9 marqu\u00e9 par une virulente mise en cause de 9eArt+, accus\u00e9 dans l&rsquo;Humanit\u00e9 magazine d&rsquo;opacit\u00e9 financi\u00e8re, de \u00ab\u00a0d\u00e9rives\u00a0\u00bb mercantiles et d&rsquo;avoir licenci\u00e9 une salari\u00e9e, en 2024, qui venait de porter plainte pour un viol survenu en marge du festival.<\/p>\n<p class=\"lead \">Une information judiciaire est ouverte sur ces faits et la jeune femme conteste son licenciement pour \u00ab\u00a0faute grave\u00a0\u00bb &#8211; l&rsquo;entreprise lui reproche un \u00ab\u00a0comportement incompatible\u00a0\u00bb avec son image &#8211; devant les prud&rsquo;hommes.<\/p>\n<p class=\"lead \">L&rsquo;affaire \u00e9tait remont\u00e9e jusqu&rsquo;au minist\u00e8re de la Culture, qui s&rsquo;inqui\u00e9tait des \u00ab\u00a0dysfonctionnements\u00a0\u00bb \u00e9voqu\u00e9s dans la presse.<\/p>\n<p class=\"lead \">&#8211; Page blanche ? &#8211;<\/p>\n<p class=\"lead \">\u00ab\u00a09eArt+ a d\u00e9fini en 20 ans les canons de ce qu&rsquo;est le festival aujourd&rsquo;hui. Je vois dans la d\u00e9cision de l&rsquo;association une forme de reconnaissance et de confiance\u00a0\u00bb, a salu\u00e9 Franck Bondoux.<\/p>\n<p class=\"lead \">\u00ab\u00a0On va se rapprocher de la Cit\u00e9 et se mettre au travail\u00a0\u00bb, a-t-il indiqu\u00e9 \u00e0 l&rsquo;AFP.<\/p>\n<p class=\"lead \">Patrick Mardikian, pr\u00e9sident de la CIBDI, n&rsquo;est pas oppos\u00e9 \u00e0 un rapprochement des projets mais il souhaite que la Cit\u00e9 soit charg\u00e9e par les financeurs publics de \u00ab\u00a0piloter un travail de pr\u00e9figuration, en lien avec l&rsquo;interprofession\u00a0\u00bb de la bande dessin\u00e9e.<\/p>\n<p class=\"lead \">\u00ab\u00a0Nous avons l&rsquo;opportunit\u00e9 d&rsquo;\u00e9crire une page blanche mais cela doit \u00eatre organis\u00e9\u00a0\u00bb, a-t-il d\u00e9clar\u00e9, jugeant le d\u00e9lai fix\u00e9 au 20 novembre \u00ab\u00a0pas tenable\u00a0\u00bb.<\/p>\n<p class=\"lead \">Les collectivit\u00e9s (R\u00e9gion Nouvelle-Aquitaine, Conseil d\u00e9partemental de Charente, intercommunalit\u00e9 du Grand Angoul\u00eame et ville d&rsquo;Angoul\u00eame), qui cofinancent le festival avec l\u2019\u00c9tat \u00e0 hauteur de 40%, ont pris acte, \u00ab\u00a0compte tenu du retrait\u00a0\u00bb annonc\u00e9 de Franck Bondoux, de la proposition de l&rsquo;association.<\/p>\n<p class=\"lead \">Elles \u00ab\u00a0souhaitent qu&rsquo;une nouvelle page s&rsquo;\u00e9crive\u00a0\u00bb pour assurer \u00ab\u00a0le d\u00e9veloppement et la p\u00e9rennit\u00e9\u00a0\u00bb du festival.<\/p>\n<p class=\"lead \">\u00ab\u00a0J&rsquo;ai eu du mal \u00e0 \u00eatre entendu mais je ne peux que le r\u00e9p\u00e9ter: je n&rsquo;ai pas vocation \u00e0 rester au-del\u00e0 de 2028 en tant que DG et ma fille n&rsquo;a pas vocation \u00e0 me succ\u00e9der\u00a0\u00bb, a martel\u00e9 M. Bondoux, souhaitant renouer le dialogue avec ses d\u00e9tracteurs.<\/p>\n<p class=\"small font-weight-bold text-gray3 \"> publi\u00e9 le 8 novembre \u00e0 18h59, AFP<\/p>\n<p>                             Partager<\/p>\n","protected":false},"excerpt":{"rendered":"L&rsquo;association propri\u00e9taire du festival de BD d&rsquo;Angoul\u00eame (FIBD) a propos\u00e9 samedi de confier son organisation future \u00e0 un&hellip;\n","protected":false},"author":2,"featured_media":521371,"comment_status":"","ping_status":"","sticky":false,"template":"","format":"standard","meta":{"footnotes":""},"categories":[8],"tags":[6818,9993,4725,58,59,849,1011,27],"class_list":{"0":"post-521370","1":"post","2":"type-post","3":"status-publish","4":"format-standard","5":"has-post-thumbnail","7":"category-divertissement","8":"tag-dition","9":"tag-bd","10":"tag-collectivits","11":"tag-divertissement","12":"tag-entertainment","13":"tag-festival","14":"tag-fr","15":"tag-france"},"share_on_mastodon":{"url":"https:\/\/pubeurope.com\/@fr\/115516197094654199","error":""},"_links":{"self":[{"href":"https:\/\/www.europesays.com\/fr\/wp-json\/wp\/v2\/posts\/521370","targetHints":{"allow":["GET"]}}],"collection":[{"href":"https:\/\/www.europesays.com\/fr\/wp-json\/wp\/v2\/posts"}],"about":[{"href":"https:\/\/www.europesays.com\/fr\/wp-json\/wp\/v2\/types\/post"}],"author":[{"embeddable":true,"href":"https:\/\/www.europesays.com\/fr\/wp-json\/wp\/v2\/users\/2"}],"replies":[{"embeddable":true,"href":"https:\/\/www.europesays.com\/fr\/wp-json\/wp\/v2\/comments?post=521370"}],"version-history":[{"count":0,"href":"https:\/\/www.europesays.com\/fr\/wp-json\/wp\/v2\/posts\/521370\/revisions"}],"wp:featuredmedia":[{"embeddable":true,"href":"https:\/\/www.europesays.com\/fr\/wp-json\/wp\/v2\/media\/521371"}],"wp:attachment":[{"href":"https:\/\/www.europesays.com\/fr\/wp-json\/wp\/v2\/media?parent=521370"}],"wp:term":[{"taxonomy":"category","embeddable":true,"href":"https:\/\/www.europesays.com\/fr\/wp-json\/wp\/v2\/categories?post=521370"},{"taxonomy":"post_tag","embeddable":true,"href":"https:\/\/www.europesays.com\/fr\/wp-json\/wp\/v2\/tags?post=521370"}],"curies":[{"name":"wp","href":"https:\/\/api.w.org\/{rel}","templated":true}]}}