{"id":521378,"date":"2025-11-08T21:30:13","date_gmt":"2025-11-08T21:30:13","guid":{"rendered":"https:\/\/www.europesays.com\/fr\/521378\/"},"modified":"2025-11-08T21:30:13","modified_gmt":"2025-11-08T21:30:13","slug":"que-reste-t-il-dans-la-partie-recettes-adoptee-par-lassemblee","status":"publish","type":"post","link":"https:\/\/www.europesays.com\/fr\/521378\/","title":{"rendered":"Que reste-t-il dans la partie \u00ab\u00a0recettes\u00a0\u00bb adopt\u00e9e par l\u2019Assembl\u00e9e\u00a0?"},"content":{"rendered":"<p>Sur les mutuelles, les tickets-restaurants ou encore les apprentis, un grand nombre de mesures pr\u00e9vues par le <a href=\"https:\/\/www.20minutes.fr\/dossier\/gouvernement\" class=\"c-link c-link--is-underlined\" target=\"_blank\" rel=\"noopener\">gouvernement<\/a> ont \u00e9t\u00e9 supprim\u00e9es par les d\u00e9put\u00e9s de la partie \u00ab\u00a0recettes\u00a0\u00bb du budget de la <a href=\"https:\/\/www.20minutes.fr\/dossier\/securite_sociale\" class=\"c-link c-link--is-underlined\" target=\"_blank\" rel=\"noopener\">S\u00e9curit\u00e9 sociale<\/a>, adopt\u00e9e samedi \u00e0 l\u2019<a href=\"https:\/\/www.20minutes.fr\/dossier\/assemblee_nationale\" class=\"c-link c-link--is-underlined\" target=\"_blank\" rel=\"noopener\">Assembl\u00e9e<\/a> \u00e0 une courte majorit\u00e9. On vous fait la liste\u00a0!<\/p>\n<p>Les mesures supprim\u00e9esSurtaxe sur les mutuelles<\/p>\n<p>Le projet du gouvernement pr\u00e9voyait de taxer les compl\u00e9mentaires sant\u00e9 sur leurs cotisations 2026, pour environ un milliard d\u2019euros. Pour financer la suspension de la <a href=\"https:\/\/www.20minutes.fr\/dossier\/reforme_des_retraites\" class=\"c-link c-link--is-underlined\" target=\"_blank\" rel=\"noopener\">r\u00e9forme des retraites<\/a>, le gouvernement proposait \u00e9galement d\u2019alourdir cette taxe de 100\u00a0millions d\u2019euros.<\/p>\n<p>La mesure a suscit\u00e9 une lev\u00e9e de boucliers et a \u00e9t\u00e9 supprim\u00e9e.<\/p>\n<p>Gel du bar\u00e8me de la CSG<\/p>\n<p>L\u2019Assembl\u00e9e s\u2019est oppos\u00e9e au gel du bar\u00e8me de la contribution sociale g\u00e9n\u00e9ralis\u00e9e (CSG), propos\u00e9 par le gouvernement en\u00a02026 pour faire des \u00e9conomies.<\/p>\n<p>Son bar\u00e8me, utilis\u00e9 par exemple pour d\u00e9terminer qui a droit \u00e0 un taux de CSG r\u00e9duit, est normalement index\u00e9 sur l\u2019inflation. Ce gel rapporterait environ 300\u00a0millions d\u2019euros.<\/p>\n<p>Tickets-restaurants<\/p>\n<p>Les d\u00e9put\u00e9s ont retoqu\u00e9 la cr\u00e9ation d\u2019une cotisation patronale pr\u00e9lev\u00e9e sur les <a href=\"https:\/\/www.20minutes.fr\/production\/ticket-dematerialise\/\" class=\"c-link c-link--is-underlined\" target=\"_blank\" rel=\"noopener\">tickets-restaurants<\/a> et les ch\u00e8ques-vacances, mesure vivement contest\u00e9e par la gauche, le Rassemblement national, mais aussi une bonne partie du camp gouvernemental.<\/p>\n<p>La mesure rapporterait 950\u00a0millions d\u2019euros en\u00a02026.<\/p>\n<p>Apprentis<\/p>\n<p>Le gouvernement proposait de supprimer l\u2019exon\u00e9ration de cotisations salariales en faveur des <a href=\"https:\/\/www.20minutes.fr\/production\/formaposte-apprentissage\/\" class=\"c-link c-link--is-underlined\" target=\"_blank\" rel=\"noopener\">apprentis<\/a> pour les nouveaux contrats \u00e0 partir de\u00a02026. Cela rapporterait 320\u00a0millions d\u2019euros en\u00a02026. Toute la gauche, l\u2019extr\u00eame droite, et la vaste majorit\u00e9 du camp gouvernemental se sont oppos\u00e9s \u00e0 cette suppression, d\u00e9non\u00e7ant la baisse de r\u00e9mun\u00e9ration que cela repr\u00e9senterait pour les apprentis.<\/p>\n<p>Soutien aux entreprises ultramarines<\/p>\n<p>L\u2019Assembl\u00e9e s\u2019est aussi oppos\u00e9e \u00e0 une r\u00e9forme des exon\u00e9rations de cotisations patronales en Outre-mer, issues de la loi Lod\u00e9om de\u00a02009. Une r\u00e9forme qui devait repr\u00e9senter 350\u00a0millions d\u2019euros d\u2019\u00e9conomies.<\/p>\n<\/p>\n<p>Apr\u00e8s une lev\u00e9e de bouclier des \u00e9lus ultramarins inquiets pour les entreprises de leurs territoires, le gouvernement a accept\u00e9 de rediscuter de la r\u00e9forme d\u00e9but\u00a02026.<\/p>\n<p>Pharmaciens<\/p>\n<p>L\u2019Assembl\u00e9e a vot\u00e9 pour fixer dans la loi \u00e0 40\u00a0% le plafond des remises commerciales que peuvent accorder les laboratoires sur les m\u00e9dicaments g\u00e9n\u00e9riques. Un d\u00e9cret avait temporairement abaiss\u00e9 ce plafond \u00e0 30\u00a0% cette ann\u00e9e, d\u00e9clenchant une gr\u00e8ve des pharmaciens, pour qui ces ristournes sont une source importante de revenus.<\/p>\n<p>Les mesures ajout\u00e9esCSG sur les revenus du capital<\/p>\n<p>Les socialistes ont remport\u00e9 une victoire avec l\u2019adoption de l\u2019une de leurs propositions phares\u00a0: une hausse de la CSG pr\u00e9lev\u00e9e sp\u00e9cifiquement sur les revenus du capital.<\/p>\n<p>La mesure, \u00e9galement port\u00e9e par les communistes et les insoumis, monte de 9,2\u00a0% \u00e0 10,6\u00a0% son taux, rapportant 2,8\u00a0milliards d\u2019euros en\u00a02026.<\/p>\n<p>Cette <a href=\"https:\/\/www.20minutes.fr\/dossier\/csg\" class=\"c-link c-link--is-underlined\" target=\"_blank\" rel=\"noopener\">CSG<\/a> porte notamment sur certains revenus de l\u2019immobilier, d\u2019\u00e9pargne et de placements (produits de contrats d\u2019assurance vie, dividendes, \u00e9pargne salariale, plans \u00e9pargne logement).<\/p>\n<p>Am\u00e9lie de Montchalin a dit vouloir que la mesure soit rediscut\u00e9e lors de la navette parlementaire.<\/p>\n<p>Heures suppl\u00e9mentaires<\/p>\n<p>L\u2019Assembl\u00e9e a adopt\u00e9 un amendement des R\u00e9publicains \u00e9tendant aux entreprises de plus de 250 salari\u00e9s une d\u00e9duction forfaitaire de cotisations patronales sur les heures suppl\u00e9mentaires.<\/p>\n<p>Nutri-score<\/p>\n<p>L\u2019Assembl\u00e9e a adopt\u00e9 une proposition socialiste et \u00e9cologiste pour rendre obligatoire l\u2019affichage du <a href=\"https:\/\/www.20minutes.fr\/sante\/nutri-score\/\" class=\"c-link c-link--is-underlined\" target=\"_blank\" rel=\"noopener\">Nutri-Score<\/a> sur les emballages des aliments. Elle a toutefois exclu de cette obligation certains produits du terroir, portant par exemple le label AOP.<\/p>\n","protected":false},"excerpt":{"rendered":"Sur les mutuelles, les tickets-restaurants ou encore les apprentis, un grand nombre de mesures pr\u00e9vues par le gouvernement&hellip;\n","protected":false},"author":2,"featured_media":521379,"comment_status":"","ping_status":"","sticky":false,"template":"","format":"standard","meta":{"footnotes":""},"categories":[4],"tags":[47,11,416,18837,33,1011,27,12,64216,2556,25,731],"class_list":{"0":"post-521378","1":"post","2":"type-post","3":"status-publish","4":"format-standard","5":"has-post-thumbnail","7":"category-france","8":"tag-actualite","9":"tag-actualites","10":"tag-assemblee-nationale","11":"tag-csg","12":"tag-economie","13":"tag-fr","14":"tag-france","15":"tag-news","16":"tag-nutri-score","17":"tag-rassemblement-national-rn","18":"tag-republique-francaise","19":"tag-securite-sociale"},"share_on_mastodon":{"url":"https:\/\/pubeurope.com\/@fr\/115516212808437351","error":""},"_links":{"self":[{"href":"https:\/\/www.europesays.com\/fr\/wp-json\/wp\/v2\/posts\/521378","targetHints":{"allow":["GET"]}}],"collection":[{"href":"https:\/\/www.europesays.com\/fr\/wp-json\/wp\/v2\/posts"}],"about":[{"href":"https:\/\/www.europesays.com\/fr\/wp-json\/wp\/v2\/types\/post"}],"author":[{"embeddable":true,"href":"https:\/\/www.europesays.com\/fr\/wp-json\/wp\/v2\/users\/2"}],"replies":[{"embeddable":true,"href":"https:\/\/www.europesays.com\/fr\/wp-json\/wp\/v2\/comments?post=521378"}],"version-history":[{"count":0,"href":"https:\/\/www.europesays.com\/fr\/wp-json\/wp\/v2\/posts\/521378\/revisions"}],"wp:featuredmedia":[{"embeddable":true,"href":"https:\/\/www.europesays.com\/fr\/wp-json\/wp\/v2\/media\/521379"}],"wp:attachment":[{"href":"https:\/\/www.europesays.com\/fr\/wp-json\/wp\/v2\/media?parent=521378"}],"wp:term":[{"taxonomy":"category","embeddable":true,"href":"https:\/\/www.europesays.com\/fr\/wp-json\/wp\/v2\/categories?post=521378"},{"taxonomy":"post_tag","embeddable":true,"href":"https:\/\/www.europesays.com\/fr\/wp-json\/wp\/v2\/tags?post=521378"}],"curies":[{"name":"wp","href":"https:\/\/api.w.org\/{rel}","templated":true}]}}