{"id":521380,"date":"2025-11-08T21:31:12","date_gmt":"2025-11-08T21:31:12","guid":{"rendered":"https:\/\/www.europesays.com\/fr\/521380\/"},"modified":"2025-11-08T21:31:12","modified_gmt":"2025-11-08T21:31:12","slug":"un-adolescent-grievement-blesse-dans-une-violente-collision","status":"publish","type":"post","link":"https:\/\/www.europesays.com\/fr\/521380\/","title":{"rendered":"un adolescent gri\u00e8vement bless\u00e9 dans une violente collision"},"content":{"rendered":"<p>            Par<br \/>\n        <strong><br \/>\n            <a href=\"https:\/\/actu.fr\/auteur\/solene-falaise\" title=\"Consulter tous les articles de Sol\u00e8ne Falaise\" rel=\"nofollow noopener\" target=\"_blank\">Sol\u00e8ne Falaise<\/a><br \/>\n        <\/strong><\/p>\n<p>        Publi\u00e9 le<\/p>\n<p>            8 nov. 2025 \u00e0 20h06        <\/p>\n<p>Il \u00e9tait 18\u2009h\u200926, ce\u00a0<b>samedi 8\u00a0novembre 2025<\/b>, lorsque les <b>sapeurs-pompiers<\/b> ont \u00e9t\u00e9 appel\u00e9s pour un <b>violent accident de la route<\/b>, impliquant <b>une motocyclette de 50 cm3<\/b>et <b>un v\u00e9hicule l\u00e9ger<\/b>, \u00e0 <a href=\"https:\/\/actu.fr\/normandie\/treauville_50604\" rel=\"nofollow noopener\" target=\"_blank\">Tr\u00e9auville<\/a> (Manche), lieu-dit Le Pont Chauvin.<\/p>\n<p>    <a href=\"https:\/\/www.google.com\/maps\/embed?pb=!1m18!1m12!1m3!1d4731.10040081865!2d-1.8206075223556955!3d49.52610915348426!2m3!1f0!2f0!3f0!3m2!1i1024!2i768!4f13.1!3m3!1m2!1s0x480ced70435f322f%3A0x9cb910115ae606bc!2sLe%20Pont%20Chauvin%2C%2050340%20Tr%C3%A9auville!5e1!3m2!1sfr!2sfr!4v1762628310711!5m2!1sfr!2sfr\" title=\"Ouvrie le lien\" rel=\"nofollow noopener\" target=\"_blank\">Cliquez ici pour visualiser le contenu<\/a><\/p>\n<p>H\u00e9liport\u00e9 au CHU de Caen<\/p>\n<p class=\" wall-content\">Le Service d\u00e9partemental d\u2019incendie et de secours de la Manche (<a href=\"https:\/\/www.sdis50.fr\/\" rel=\"nofollow noopener\" target=\"_blank\">SDIS50<\/a>) fait \u00e9tat de deux bless\u00e9s\u2009: le <b>conducteur du deux-roues<\/b>, un<b> adolescent de 15\u00a0ans<\/b>, <b>gri\u00e8vement touch\u00e9<\/b> et <b>h\u00e9liport\u00e9 <\/b>au <a href=\"https:\/\/actu.fr\/tag\/chu-de-caen\" rel=\"nofollow noopener\" target=\"_blank\">CHU de Caen<\/a> (Calvados), ainsi qu\u2019un <b>homme de 36\u00a0ans<\/b>, \u00e0 bord du v\u00e9hicule l\u00e9ger, l\u00e9g\u00e8rement bless\u00e9 et conduit \u00e0 l\u2019<a href=\"https:\/\/actu.fr\/tag\/hopital-de-cherbourg\" rel=\"nofollow noopener\" target=\"_blank\">h\u00f4pital Pasteur<\/a> \u00e0 <a href=\"https:\/\/actu.fr\/normandie\/cherbourg-en-cotentin_50129\" rel=\"nofollow noopener\" target=\"_blank\">Cherbourg<\/a>.<\/p>\n<p class=\" wall-content\">Au total, <b>11 sapeurs-pompiers <\/b>des centres de Cherbourg et des <a href=\"https:\/\/actu.fr\/normandie\/les-pieux_50402\/\" rel=\"nofollow noopener\" target=\"_blank\">Pieux<\/a>, ainsi que le<b> Samu 50<\/b>, ont \u00e9t\u00e9 <b>mobilis\u00e9s <\/b>pour cette <b>intervention<\/b>.<\/p>\n<p class=\" wall-content\">Personnalisez votre actualit\u00e9 en ajoutant vos villes et m\u00e9dias en favori avec <a href=\"https:\/\/moncompte.actu.fr\" title=\"D\u00e9couvez Mon Actu\" rel=\"nofollow noopener\" data-trk=\"{&quot;cta&quot;:{&quot;action&quot;:&quot;https:\\\/\\\/moncompte.actu.fr&quot;,&quot;category&quot;:&quot;mon compte&quot;,&quot;from&quot;:&quot;article footer&quot;,&quot;name&quot;:&quot;Mon actu&quot;,&quot;type&quot;:&quot;cta&quot;}}\" target=\"_blank\">Mon Actu<\/a>.<\/p>\n","protected":false},"excerpt":{"rendered":"Par Sol\u00e8ne Falaise Publi\u00e9 le 8 nov. 2025 \u00e0 20h06 Il \u00e9tait 18\u2009h\u200926, ce\u00a0samedi 8\u00a0novembre 2025, lorsque les&hellip;\n","protected":false},"author":2,"featured_media":521381,"comment_status":"","ping_status":"","sticky":false,"template":"","format":"standard","meta":{"footnotes":""},"categories":[2],"tags":[119,11,3168,118,1011,27,12,1311],"class_list":{"0":"post-521380","1":"post","2":"type-post","3":"status-publish","4":"format-standard","5":"has-post-thumbnail","7":"category-actualites","8":"tag-accident","9":"tag-actualites","10":"tag-cotentin","11":"tag-faits-divers","12":"tag-fr","13":"tag-france","14":"tag-news","15":"tag-pompiers"},"share_on_mastodon":{"url":"https:\/\/pubeurope.com\/@fr\/115516216746062427","error":""},"_links":{"self":[{"href":"https:\/\/www.europesays.com\/fr\/wp-json\/wp\/v2\/posts\/521380","targetHints":{"allow":["GET"]}}],"collection":[{"href":"https:\/\/www.europesays.com\/fr\/wp-json\/wp\/v2\/posts"}],"about":[{"href":"https:\/\/www.europesays.com\/fr\/wp-json\/wp\/v2\/types\/post"}],"author":[{"embeddable":true,"href":"https:\/\/www.europesays.com\/fr\/wp-json\/wp\/v2\/users\/2"}],"replies":[{"embeddable":true,"href":"https:\/\/www.europesays.com\/fr\/wp-json\/wp\/v2\/comments?post=521380"}],"version-history":[{"count":0,"href":"https:\/\/www.europesays.com\/fr\/wp-json\/wp\/v2\/posts\/521380\/revisions"}],"wp:featuredmedia":[{"embeddable":true,"href":"https:\/\/www.europesays.com\/fr\/wp-json\/wp\/v2\/media\/521381"}],"wp:attachment":[{"href":"https:\/\/www.europesays.com\/fr\/wp-json\/wp\/v2\/media?parent=521380"}],"wp:term":[{"taxonomy":"category","embeddable":true,"href":"https:\/\/www.europesays.com\/fr\/wp-json\/wp\/v2\/categories?post=521380"},{"taxonomy":"post_tag","embeddable":true,"href":"https:\/\/www.europesays.com\/fr\/wp-json\/wp\/v2\/tags?post=521380"}],"curies":[{"name":"wp","href":"https:\/\/api.w.org\/{rel}","templated":true}]}}