{"id":521382,"date":"2025-11-08T21:32:22","date_gmt":"2025-11-08T21:32:22","guid":{"rendered":"https:\/\/www.europesays.com\/fr\/521382\/"},"modified":"2025-11-08T21:32:22","modified_gmt":"2025-11-08T21:32:22","slug":"cette-boutique-geree-par-les-eleves","status":"publish","type":"post","link":"https:\/\/www.europesays.com\/fr\/521382\/","title":{"rendered":"cette boutique g\u00e9r\u00e9e par les \u00e9l\u00e8ves"},"content":{"rendered":"<p>Install\u00e9 dans une salle d\u00e9di\u00e9e, au premier \u00e9tage de l\u2019\u00e9tablissement, et organis\u00e9 comme un v\u00e9ritable commerce de ville, le vide-dressing du lyc\u00e9e Testud ressemble \u00e0 une boutique de v\u00eatements. Cabines d\u2019essayage, portiques et mannequin lui en donnent tous les codes, pour faciliter la venue des clients. Mais, ici, les visiteurs sont les personnes qui fr\u00e9quentent le lyc\u00e9e, \u00e9l\u00e8ves, enseignants ou personnels administratifs et techniques, et l\u2019accueil est assur\u00e9 \u00e0 tour&#8230;<\/p>\n","protected":false},"excerpt":{"rendered":"Install\u00e9 dans une salle d\u00e9di\u00e9e, au premier \u00e9tage de l\u2019\u00e9tablissement, et organis\u00e9 comme un v\u00e9ritable commerce de ville,&hellip;\n","protected":false},"author":2,"featured_media":521383,"comment_status":"","ping_status":"","sticky":false,"template":"","format":"standard","meta":{"footnotes":""},"categories":[9653],"tags":[1111,11,2430,12162,3599,7539,1057,1777,674,1011,27,12161,12,25,4001],"class_list":{"0":"post-521382","1":"post","2":"type-post","3":"status-publish","4":"format-standard","5":"has-post-thumbnail","7":"category-saint-etienne","8":"tag-actu","9":"tag-actualites","10":"tag-auvergne-rhone-alpes","11":"tag-chambon-feugerolles-ville","12":"tag-college-lycee","13":"tag-edition-loire-sud","14":"tag-education","15":"tag-eu","16":"tag-europe","17":"tag-fr","18":"tag-france","19":"tag-le-chambon-feugerolles","20":"tag-news","21":"tag-republique-francaise","22":"tag-saint-etienne"},"share_on_mastodon":{"url":"https:\/\/pubeurope.com\/@fr\/115516220636504677","error":""},"_links":{"self":[{"href":"https:\/\/www.europesays.com\/fr\/wp-json\/wp\/v2\/posts\/521382","targetHints":{"allow":["GET"]}}],"collection":[{"href":"https:\/\/www.europesays.com\/fr\/wp-json\/wp\/v2\/posts"}],"about":[{"href":"https:\/\/www.europesays.com\/fr\/wp-json\/wp\/v2\/types\/post"}],"author":[{"embeddable":true,"href":"https:\/\/www.europesays.com\/fr\/wp-json\/wp\/v2\/users\/2"}],"replies":[{"embeddable":true,"href":"https:\/\/www.europesays.com\/fr\/wp-json\/wp\/v2\/comments?post=521382"}],"version-history":[{"count":0,"href":"https:\/\/www.europesays.com\/fr\/wp-json\/wp\/v2\/posts\/521382\/revisions"}],"wp:featuredmedia":[{"embeddable":true,"href":"https:\/\/www.europesays.com\/fr\/wp-json\/wp\/v2\/media\/521383"}],"wp:attachment":[{"href":"https:\/\/www.europesays.com\/fr\/wp-json\/wp\/v2\/media?parent=521382"}],"wp:term":[{"taxonomy":"category","embeddable":true,"href":"https:\/\/www.europesays.com\/fr\/wp-json\/wp\/v2\/categories?post=521382"},{"taxonomy":"post_tag","embeddable":true,"href":"https:\/\/www.europesays.com\/fr\/wp-json\/wp\/v2\/tags?post=521382"}],"curies":[{"name":"wp","href":"https:\/\/api.w.org\/{rel}","templated":true}]}}