{"id":521384,"date":"2025-11-08T21:33:17","date_gmt":"2025-11-08T21:33:17","guid":{"rendered":"https:\/\/www.europesays.com\/fr\/521384\/"},"modified":"2025-11-08T21:33:17","modified_gmt":"2025-11-08T21:33:17","slug":"le-gros-coup-de-saint-etienne-vainqueur-a-troyes","status":"publish","type":"post","link":"https:\/\/www.europesays.com\/fr\/521384\/","title":{"rendered":"le gros coup de Saint-\u00c9tienne, vainqueur \u00e0 Troyes"},"content":{"rendered":"<p>\n    Malgr\u00e9 une frayeur en seconde p\u00e9riode, les Verts ont remport\u00e9 le choc de la 14e journ\u00e9e sur la pelouse de l\u2019ESTAC.<\/p>\n<p class=\"fig-paragraph\">Les Verts reprennent des couleurs.\u00a0<a href=\"http:\/\/www.lefigaro.fr\/sports\/football\/ligue-2-tombeur-de-saint-etienne-le-red-star-s-invite-a-la-deuxieme-place-20251102\" data-fig-type=\"NewsFlash\" data-gtm-custom-categorie=\"navigation\" data-gtm-custom-action=\"crossclick\" data-gtm-custom-label=\"Contextuel\" data-gtm-event=\"customEventSPE\" data-fig-domain=\"LEFIGARO\" rel=\"nofollow noopener\" target=\"_blank\">L&rsquo;AS Saint-\u00c9tienne<\/a>\u00a0a fait tomber le leader troyen samedi soir (3-2) dans sa forteresse du Stade de l&rsquo;Aube, remontant sur le podium de la Ligue 2 et revenant \u00e0 deux points de l&rsquo;Estac en cl\u00f4ture de la 14e journ\u00e9e. Mais les Verts, qui menaient 3-0 \u00e0 la pause, ont trembl\u00e9 jusqu&rsquo;au bout.<\/p>\n<p class=\"fig-paragraph\">Au classement, Troyes, qui restait sur neuf victoires cons\u00e9cutives \u00e0 domicile \u00e0 cheval sur les saisons 2024-25 et 2025-26, conserve la t\u00eate avec 28 points mais n&rsquo;a plus qu&rsquo;une longueur d&rsquo;avance sur le Red Star, tenu en \u00e9chec dans l&rsquo;apr\u00e8s-midi au Mans, et deux sur les St\u00e9phanois.<\/p>\n<p>                                    <a class=\"fig-a11y-skip a11y-hidden\" href=\"#fig-a11y-skip-main-inarticle\"><br \/>\n        Passer la publicit\u00e9<br \/>\n    <\/a><\/p>\n<p class=\"fig-paragraph\">Au coup de sifflet final, et alors que les joueurs de St\u00e9phane Dumont se sont procur\u00e9 plusieurs occasions d&rsquo;\u00e9galiser dans les toutes derni\u00e8res minutes, le soulagement \u00e9tait grand parmi les joueurs d&rsquo;Eirik Horneland. Car les Verts \u00e9taient arriv\u00e9s dans l&rsquo;Aube apr\u00e8s avoir subi trois d\u00e9faites lors de leurs quatre derniers matches.<\/p>\n<p class=\"fig-paragraph\">Avec une d\u00e9fense centrale une nouvelle fois remani\u00e9e, o\u00f9 le jeune K\u00e9vin Pedro, 19 ans, \u00e9tait titularis\u00e9 pour la premi\u00e8re fois, et avec ses attaquants vedettes Lucas Stassin et Zuriko Davitashvili une nouvelle fois sur le banc, ce sont pourtant eux qui ont ouvert le score.<\/p>\n<p>Le baroud d\u2019honneur de l\u2019ESTAC<\/p>\n<p class=\"fig-paragraph\">Sur une remont\u00e9e de balle d&rsquo;A\u00efmen Moueffek prolong\u00e9e par Joshua Duffus, Augustine Boakye a plac\u00e9 une frappe imparable (0-1, 11e) pour Hillel Konat\u00e9. La ma\u00eetrise est alors devenue troyenne, mais sur une des rares incursions vertes dans la surface adverse apr\u00e8s l&rsquo;ouverture du score, Irvin Cardona a doubl\u00e9 la mise (0-2, 32e).<\/p>\n<p class=\"fig-paragraph\">Dans le temps additionnel de la premi\u00e8re p\u00e9riode, l&rsquo;AS Saint-\u00c9tienne a enfonc\u00e9 le clou: sur une longue relance de Pedro, Duffus a marqu\u00e9 d&rsquo;un tir crois\u00e9 du gauche en conclusion d&rsquo;un trois contre deux parfaitement n\u00e9goci\u00e9 par Boakye (0-3, 45+3).<\/p>\n<p class=\"fig-paragraph\">De retour des vestiaires, les Troyens n&rsquo;ont pourtant pas l\u00e2ch\u00e9 la pression et \u00e0 l&rsquo;heure de jeu, Gautier Larsonneur ne pouvait rien quand Mouhamed Dip se pr\u00e9sentait seul face \u00e0 lui au terme d&rsquo;un joli mouvement (1-3, 61e).<\/p>\n<p>                                    <a class=\"fig-a11y-skip a11y-hidden\" href=\"#fig-a11y-skip-main-inarticle_mtf\"><br \/>\n        Passer la publicit\u00e9<br \/>\n    <\/a><\/p>\n<p class=\"fig-paragraph\">Seul parmi les d\u00e9fenseurs st\u00e9phanois, Renaud Ripart d&rsquo;une astucieuse d\u00e9viation du pied droit a ramen\u00e9 les siens \u00e0 port\u00e9e (2-3, 86e) et offert dix minutes de suspense total. Mais la d\u00e9fense st\u00e9phanoise a tenu bon.<\/p>\n<p class=\"fig-paragraph\">Dans l&rsquo;apr\u00e8s-midi, le Red Star n&rsquo;avait pu faire mieux qu&rsquo;un nul au Mans (2-2) tandis que Pau a sauv\u00e9 sa place dans le Top 5 en allant chercher in extremis le partage des points \u00e0 Guingamp (2-2) apr\u00e8s avoir \u00e9t\u00e9 men\u00e9 2-0.<\/p>\n","protected":false},"excerpt":{"rendered":"Malgr\u00e9 une frayeur en seconde p\u00e9riode, les Verts ont remport\u00e9 le choc de la 14e journ\u00e9e sur la&hellip;\n","protected":false},"author":2,"featured_media":521385,"comment_status":"","ping_status":"","sticky":false,"template":"","format":"standard","meta":{"footnotes":""},"categories":[9653],"tags":[1111,11,461,2430,1777,674,1011,27,446,12,25,4001,1964],"class_list":{"0":"post-521384","1":"post","2":"type-post","3":"status-publish","4":"format-standard","5":"has-post-thumbnail","7":"category-saint-etienne","8":"tag-actu","9":"tag-actualites","10":"tag-asse","11":"tag-auvergne-rhone-alpes","12":"tag-eu","13":"tag-europe","14":"tag-fr","15":"tag-france","16":"tag-ligue-2","17":"tag-news","18":"tag-republique-francaise","19":"tag-saint-etienne","20":"tag-troyes"},"share_on_mastodon":{"url":"https:\/\/pubeurope.com\/@fr\/115516224487703621","error":""},"_links":{"self":[{"href":"https:\/\/www.europesays.com\/fr\/wp-json\/wp\/v2\/posts\/521384","targetHints":{"allow":["GET"]}}],"collection":[{"href":"https:\/\/www.europesays.com\/fr\/wp-json\/wp\/v2\/posts"}],"about":[{"href":"https:\/\/www.europesays.com\/fr\/wp-json\/wp\/v2\/types\/post"}],"author":[{"embeddable":true,"href":"https:\/\/www.europesays.com\/fr\/wp-json\/wp\/v2\/users\/2"}],"replies":[{"embeddable":true,"href":"https:\/\/www.europesays.com\/fr\/wp-json\/wp\/v2\/comments?post=521384"}],"version-history":[{"count":0,"href":"https:\/\/www.europesays.com\/fr\/wp-json\/wp\/v2\/posts\/521384\/revisions"}],"wp:featuredmedia":[{"embeddable":true,"href":"https:\/\/www.europesays.com\/fr\/wp-json\/wp\/v2\/media\/521385"}],"wp:attachment":[{"href":"https:\/\/www.europesays.com\/fr\/wp-json\/wp\/v2\/media?parent=521384"}],"wp:term":[{"taxonomy":"category","embeddable":true,"href":"https:\/\/www.europesays.com\/fr\/wp-json\/wp\/v2\/categories?post=521384"},{"taxonomy":"post_tag","embeddable":true,"href":"https:\/\/www.europesays.com\/fr\/wp-json\/wp\/v2\/tags?post=521384"}],"curies":[{"name":"wp","href":"https:\/\/api.w.org\/{rel}","templated":true}]}}