{"id":52139,"date":"2025-04-25T16:11:20","date_gmt":"2025-04-25T16:11:20","guid":{"rendered":"https:\/\/www.europesays.com\/fr\/52139\/"},"modified":"2025-04-25T16:11:20","modified_gmt":"2025-04-25T16:11:20","slug":"deux-jours-pour-modeler-sa-passion-de-la-poterie-au-marche-du-lez","status":"publish","type":"post","link":"https:\/\/www.europesays.com\/fr\/52139\/","title":{"rendered":"deux jours pour modeler sa passion de la poterie au March\u00e9 du Lez"},"content":{"rendered":"<p>            Par<br \/>\n        <strong><br \/>\n            <a href=\"https:\/\/actu.fr\/auteur\/metropoop\" title=\"Consulter tous les articles de R\u00e9daction M\u00e9tropolitain\" rel=\"nofollow noopener\" target=\"_blank\">R\u00e9daction M\u00e9tropolitain<\/a><br \/>\n        <\/strong><\/p>\n<p>        Publi\u00e9 le<\/p>\n<p>            25 avr. 2025 \u00e0 17h25        <\/p>\n<p>Le parking du March\u00e9 du Lez, \u00e0 <strong>Montpellier<\/strong> se transformera le temps d\u2019un week-end en une place d\u00e9di\u00e9e \u00e0 la c\u00e9ramique et \u00e0 l\u2019artisanat. <strong>Ce\u00a0samedi\u00a026 et ce dimanche 27 avril 2025<\/strong>, la Poterie Market fera son retour. Ce rendez-vous r\u00e9unit artistes, artisans, passionn\u00e9s et simples curieux autour d\u2019un savoir-faire mill\u00e9naire. Inspir\u00e9 par <a href=\"https:\/\/actu.fr\/occitanie\/marseillan_34150\/marseillan-le-marche-des-potiers-fait-son-retour_42530331.html\" rel=\"nofollow noopener\" target=\"_blank\">la tradition poti\u00e8re de Saint-Jean-de-Fos<\/a>, l\u2019\u00e9v\u00e9nement rend hommage \u00e0 la richesse des m\u00e9tiers de la terre.<\/p>\n<p>    <a href=\"https:\/\/www.google.com\/maps\/embed?pb=!1m18!1m12!1m3!1d2889.664677624593!2d3.905511999999999!3d43.5927004!2m3!1f0!2f0!3f0!3m2!1i1024!2i768!4f13.1!3m3!1m2!1s0x12b6af8a7b4bcea7%3A0x9ec42ac0600236eb!2sMarch%C3%A9%20du%20Lez!5e0!3m2!1sfr!2sfr!4v1743921700229!5m2!1sfr!2sfr\" title=\"Ouvrie le lien\" rel=\"nofollow noopener\" target=\"_blank\">Cliquez ici pour visualiser le contenu<\/a><\/p>\n<p class=\" wall-content\">Gr\u00e8s, fa\u00efence, porcelaine, terre cuite : toutes les expressions de la c\u00e9ramique seront repr\u00e9sent\u00e9es. Le public pourra appr\u00e9cier des formes vari\u00e9es, des techniques singuli\u00e8res, mais aussi des approches contemporaines et plus traditionnelles.\u00a0<\/p>\n<p>Comprendre la mati\u00e8re<\/p>\n<p class=\" wall-content\">Tout au long des deux journ\u00e9es, des ateliers ouverts au public permettront d\u2019observer les gestes pr\u00e9cis des artisans. Les visiteurs assisteront \u00e0 des d\u00e9monstrations de tournage, de modelage ou de d\u00e9coration. <a href=\"https:\/\/www.collectif-ceramistes.org\" rel=\"nofollow noopener\" target=\"_blank\"> Le Collectif National des C\u00e9ramistes (CNC)<\/a> soutient l\u2019\u00e9v\u00e9nement depuis sa cr\u00e9ation. Cette collaboration garantit la qualit\u00e9 de la s\u00e9lection des exposants et donne aussi une visibilit\u00e9 plus large aux artisans. En 2024, La Poterie Market avait rassembl\u00e9 <strong>35 c\u00e9ramistes<\/strong>. L\u2019ambition est claire : faire rayonner la c\u00e9ramique bien au-del\u00e0 des murs du March\u00e9 du Lez.<\/p>\n<p class=\" wall-content\">Suivez toute l\u2019actualit\u00e9 de vos villes et m\u00e9dias favoris en vous inscrivant \u00e0 <a href=\"https:\/\/moncompte.actu.fr\" title=\"D\u00e9couvez Mon Actu\" rel=\"nofollow noopener\" data-trk=\"{&quot;cta&quot;:{&quot;action&quot;:&quot;https:\\\/\\\/moncompte.actu.fr&quot;,&quot;category&quot;:&quot;mon compte&quot;,&quot;from&quot;:&quot;article footer&quot;,&quot;name&quot;:&quot;Mon actu&quot;,&quot;type&quot;:&quot;cta&quot;}}\" target=\"_blank\">Mon Actu<\/a>.<\/p>\n","protected":false},"excerpt":{"rendered":"Par R\u00e9daction M\u00e9tropolitain Publi\u00e9 le 25 avr. 2025 \u00e0 17h25 Le parking du March\u00e9 du Lez, \u00e0 Montpellier&hellip;\n","protected":false},"author":2,"featured_media":52140,"comment_status":"","ping_status":"","sticky":false,"template":"","format":"standard","meta":{"footnotes":""},"categories":[9599],"tags":[1111,11,1477,1777,674,652,1011,27,1652,2089,2208,12,2680,25],"class_list":{"0":"post-52139","1":"post","2":"type-post","3":"status-publish","4":"format-standard","5":"has-post-thumbnail","7":"category-montpellier","8":"tag-actu","9":"tag-actualites","10":"tag-artisanat","11":"tag-eu","12":"tag-europe","13":"tag-famille","14":"tag-fr","15":"tag-france","16":"tag-loisirs-culture","17":"tag-marche","18":"tag-montpellier","19":"tag-news","20":"tag-occitanie","21":"tag-republique-francaise"},"share_on_mastodon":{"url":"https:\/\/pubeurope.com\/@fr\/114399483457726137","error":""},"_links":{"self":[{"href":"https:\/\/www.europesays.com\/fr\/wp-json\/wp\/v2\/posts\/52139","targetHints":{"allow":["GET"]}}],"collection":[{"href":"https:\/\/www.europesays.com\/fr\/wp-json\/wp\/v2\/posts"}],"about":[{"href":"https:\/\/www.europesays.com\/fr\/wp-json\/wp\/v2\/types\/post"}],"author":[{"embeddable":true,"href":"https:\/\/www.europesays.com\/fr\/wp-json\/wp\/v2\/users\/2"}],"replies":[{"embeddable":true,"href":"https:\/\/www.europesays.com\/fr\/wp-json\/wp\/v2\/comments?post=52139"}],"version-history":[{"count":0,"href":"https:\/\/www.europesays.com\/fr\/wp-json\/wp\/v2\/posts\/52139\/revisions"}],"wp:featuredmedia":[{"embeddable":true,"href":"https:\/\/www.europesays.com\/fr\/wp-json\/wp\/v2\/media\/52140"}],"wp:attachment":[{"href":"https:\/\/www.europesays.com\/fr\/wp-json\/wp\/v2\/media?parent=52139"}],"wp:term":[{"taxonomy":"category","embeddable":true,"href":"https:\/\/www.europesays.com\/fr\/wp-json\/wp\/v2\/categories?post=52139"},{"taxonomy":"post_tag","embeddable":true,"href":"https:\/\/www.europesays.com\/fr\/wp-json\/wp\/v2\/tags?post=52139"}],"curies":[{"name":"wp","href":"https:\/\/api.w.org\/{rel}","templated":true}]}}