{"id":521400,"date":"2025-11-08T21:47:17","date_gmt":"2025-11-08T21:47:17","guid":{"rendered":"https:\/\/www.europesays.com\/fr\/521400\/"},"modified":"2025-11-08T21:47:17","modified_gmt":"2025-11-08T21:47:17","slug":"lagenda-culturel-dans-louest-du-8-au-15-novembre","status":"publish","type":"post","link":"https:\/\/www.europesays.com\/fr\/521400\/","title":{"rendered":"L\u2019agenda culturel dans l\u2019Ouest du 8 au 15 novembre"},"content":{"rendered":"<p>Festival<\/p>\n<p>\u00ab\u00a0Vive la magie\u00a0\u00bb, festival international, investit le 15\u00a0novembre les Palais des congr\u00e8s et des festivals Atlantia de <a href=\"https:\/\/www.ouest-france.fr\/pays-de-la-loire\/la-baule-44500\/\" target=\"_self\" rel=\"noopener\">La Baule-Escoublac<\/a> (Loire-Atlantique). Le plateau artistique de ce spectacle est compos\u00e9 des meilleurs magiciens du monde, des mentalistes aux manipulateurs, enchanteurs, magiciens comiques, fantaisistes et illusionnistes.<\/p>\n<p>Rendez-vous musical incontournable de cette fin d\u2019automne, il est temps de r\u00e9server ses places pour les Trans musicales \u00e0 <a href=\"https:\/\/rennes.maville.com\/info\/info-locale\/\" target=\"_self\" rel=\"noopener\">Rennes<\/a> du 3 au 7\u00a0d\u00e9cembre. Depuis 1979, les tendances musicales de demain s\u2019y r\u00e9v\u00e8lent dans un maelstrom de styles et cultures. La Salle de la cit\u00e9, le Parc-expo, le Libert\u00e9 et de nombreux bars \u00ab\u00a0en Trans\u00a0\u00bb re\u00e7oivent une programmation pl\u00e9thorique \u00e0 Rennes (Ille-et-Vilaine).<\/p>\n<p>Humour<\/p>\n<p>Le Quai des arts d\u2019<a href=\"https:\/\/alencon.maville.com\/normandie\/orne\/argentan\/\" target=\"_self\" rel=\"noopener\">Argentan<\/a> (Orne) accueille, le 15\u00a0novembre, Christophe Al\u00e9v\u00eaque pour la suite de son one-man show Vieux con\u00a0! Sa devise n\u2019a pas chang\u00e9\u00a0: rire avec le pire.<\/p>\n<p>Paul Mirabel jouera son dernier spectacle Par amour, le 13\u00a0novembre, \u00e0 l\u2019Espace le Conqu\u00e9rant de Saint-James (Manche). Il y explore les profondeurs du sentiment amoureux et les d\u00e9boires qui parfois en r\u00e9sultent.<\/p>\n<p>\u00c9galement le 13\u00a0novembre, Harold Barb\u00e9, avec son show Relax Max, racontera des histoires rocambolesques, o\u00f9 le quotidien et l\u2019enfer se c\u00f4toient, sur la sc\u00e8ne du Com\u00e9die du Mans (Sarthe).<\/p>\n<p>Lire aussi : <a href=\"https:\/\/granville.maville.com\/actu\/actudet_-dans-la-manche-une-date-de-spectacle-annonce-pour-l-humoriste-paul-mirabel-_10-6842037_actu.Htm\" target=\"_self\" rel=\"noopener\">Dans la Manche, une date de spectacle annonc\u00e9 pour l\u2019humoriste Paul Mirabel<\/a> <\/p>\n<p>Th\u00e9\u00e2tre<\/p>\n<p>Le marionnettiste, com\u00e9dien et metteur en sc\u00e8ne Pierre Tual pr\u00e9sentera sa derni\u00e8re cr\u00e9ation \u00c0 demain mon amour, du 12 au 14\u00a0novembre, sur la sc\u00e8ne du Th\u00e9\u00e2tre \u00e0 l\u2019italienne de <a href=\"https:\/\/cherbourg.maville.com\/info\/info-locale\/\" target=\"_self\" rel=\"noopener\">Cherbourg-en-Cotentin<\/a> (Manche). \u00c0 voir en famille d\u00e8s 14\u00a0ans.<\/p>\n<p>Op\u00e9ra<\/p>\n<p>Du 8 au 23\u00a0novembre, le S\u00e9maphore de <a href=\"https:\/\/lannion-perros.maville.com\/bretagne\/cotes-d-armor\/trebeurden\/\" target=\"_self\" rel=\"noopener\">Tr\u00e9beurden<\/a> (C\u00f4tes-d\u2019Armor) invite \u00e0 red\u00e9couvrir le c\u00e9l\u00e8bre op\u00e9ra de Georges Bizet, Carmen, revisit\u00e9 par la troupe Barbe Bleu accompagn\u00e9e par les enfants de la Ma\u00eetrise de Lannion et de fabuleuses voix de solistes.<\/p>\n<p>Danse<\/p>\n<p>La sc\u00e8ne nationale de <a href=\"https:\/\/caen.maville.com\/normandie\/seine-maritime\/dieppe\/\" target=\"_self\" rel=\"noopener\">Dieppe<\/a> (Seine-Maritime) propose un magnifique spectacle chor\u00e9graphique le 14\u00a0novembre\u00a0: Portrait de Mehdi Kerkouche du CCN de Cr\u00e9teil, prodige de la danse contemporaine. Neuf danseurs y explorent l\u2019h\u00e9ritage familial entre moments de partage et querelles individuelles.<\/p>\n<p>Lire aussi : <a href=\"https:\/\/rennes.maville.com\/sport\/detail_--j-ai-danse-sous-le-regard-des-cariatides-une-visite-insolite-du-louvre-pendant-les-jeux-_54135-6284518_actu.Htm\" target=\"_self\" rel=\"noopener\">\u00ab J\u2019ai dans\u00e9 sous le regard des Cariatides \u00bb, une visite insolite du Louvre pendant les Jeux<\/a> <\/p>\n<p>Gospel<\/p>\n<p>En 1998, lors de la cr\u00e9ation de Gospel pour 100\u00a0Voix, The 100\u00a0Voices of Gospel, les am\u00e9ricains de la formation d\u00e9cid\u00e8rent de former le premier groupe professionnel de Gospel en Europe. Depuis, ils sillonnent le monde. Ils seront le 16\u00a0novembre au Palais des congr\u00e8s de <a href=\"https:\/\/www.ouest-france.fr\/pays-de-la-loire\/la-baule-44500\/\" target=\"_self\" rel=\"noopener\">La-Baule-Escoublac<\/a> (Loire-Atlantique).<\/p>\n<p>Cin\u00e9ma<\/p>\n<p>Le Festival europ\u00e9en du film court de<a href=\"https:\/\/brest.maville.com\/info\/info-locale\/\" target=\"_self\" rel=\"noopener\"> Brest<\/a> (Finist\u00e8re) f\u00eate ses 40\u00a0ans du 11 au 16\u00a0novembre au Quartz. Pour une semaine de d\u00e9couverte de talents d\u2019hier et de demain entre comp\u00e9tition, programmes off et s\u00e9ances r\u00e9trospectives avec 177\u00a0films programm\u00e9s.<\/p>\n<p>\t<img decoding=\"async\" src=\"https:\/\/www.europesays.com\/fr\/wp-content\/uploads\/2025\/11\/P35569435D7055213G_px_640_.jpg\" alt=\"photo le mus\u00e9e flaubert \u00e0 rouen propose des visites  d\u00e9couvertes de ses collections permanentes.  \u00a9  photo12 via afp\" width=\"640\" title=\" Le mus\u00e9e Flaubert \u00e0 Rouen propose des visites  d\u00e9couvertes de ses collections permanentes.   Photo12 via AFP \"\/><\/p>\n<p class=\"elmt-legende\"> Le mus\u00e9e Flaubert \u00e0 Rouen propose des visites  d\u00e9couvertes de ses collections permanentes.   Photo12 via AFP <\/p>\n<p>Expositions<\/p>\n<p>Du 8 au 22\u00a0novembre, le mus\u00e9e Flaubert et d\u2019histoire de la m\u00e9decine de<a href=\"https:\/\/caen.maville.com\/normandie\/seine-maritime\/rouen\/\" target=\"_self\" rel=\"noopener\"> Rouen<\/a> (Seine-Maritime) invite \u00e0 des visites-d\u00e9couverte de ses collections permanentes. Install\u00e9 dans la maison natale de l\u2019\u00e9crivain o\u00f9 son p\u00e8re occupa un poste de chirurgien, il abrite des souvenirs de famille et \u00e9voque l\u2019histoire de la m\u00e9decine du Moyen-\u00e2ge au d\u00e9but du XXe\u00a0si\u00e8cle.<\/p>\n<p>Au <a href=\"https:\/\/www.ouest-france.fr\/normandie\/le-havre-76600\/\" target=\"_self\" rel=\"noopener\">Havre<\/a> (Seine-Maritime), une m\u00e9diatrice culturelle du MuMa Andr\u00e9 Malraux vous accompagne, du 16\u00a0novembre et jusqu\u2019au mois de mars, lors d\u2019un parcours intitul\u00e9 Ports en vue regroupant 120\u00a0\u0153uvres couvrant un si\u00e8cle d\u2019histoire de l\u2019art. Parmi les artistes\u00a0: Raoul Dufy, Emile Othon, Albert Marquet ou encore Pierre et Gilles.<\/p>\n<p>Dans le cadre des Jeudis du centre d\u2019art contemporain Eva Prouteau de Ch\u00e2teau-Gontier-sur Mayenne (Mayenne), une conf\u00e9rence sur l\u2019autoportrait expliquera, ce 15\u00a0novembre, pourquoi ce genre fut un enjeu fondamentale du XXe\u00a0si\u00e8cle, si\u00e8cle de l\u2019invention de la psychanalyse et des remises en cause artistiques.<\/p>\n<p>Lire aussi : <a href=\"https:\/\/www.ouest-france.fr\/normandie\/lhistoire-des-epidemies-au-musee-flaubert-rouen-3958446\" target=\"_self\" rel=\"noopener\">L\u2019histoire des \u00e9pid\u00e9mies au mus\u00e9e Flaubert \u00e0 Rouen<\/a> <\/p>\n<p>Braderie<\/p>\n<p>Les 15 et 16\u00a0novembre, la boutique du mus\u00e9e des impressionnistes de Giverny (Eure) organise sa grande braderie de fin d\u2019ann\u00e9e. De nombreux articles originaux y sont sold\u00e9s, une belle opportunit\u00e9 de d\u00e9nicher des cadeaux pour No\u00ebl.<\/p>\n<p>Lire aussi : <a href=\"https:\/\/caen.maville.com\/actu\/actudet_-le-photographe-jean-gaumy-sublime-giverny-et-les-jardins-de-claude-monet-dans-un-livre-_53511-6832354_actu.Htm\" target=\"_self\" rel=\"noopener\">Le photographe Jean Gaumy sublime Giverny et les jardins de Claude Monet dans un livre<\/a> <\/p>\n<p>Il est temps de r\u00e9server pour\u2026<\/p>\n<p>Le spectacle familial et musical immersif La maison hant\u00e9e, jusqu\u2019au 11\u00a0janvier, au Palais des glaces \u00e0 Paris.<\/p>\n<p>Alegria, le nouveau spectacle du Cirque du soleil jusqu\u2019au 18\u00a0janvier sous le Grand chapiteau de l\u2019Ile des impressionnistes \u00e0 Chatou (Yvelines).<\/p>\n<p>Le ballet Notre-Dame de Paris de Roland Petit, du 6 au 31\u00a0d\u00e9cembre, \u00e0 l\u2019Op\u00e9ra Bastille \u00e0 Paris.<\/p>\n<p>\u00a0<\/p>\n","protected":false},"excerpt":{"rendered":"Festival \u00ab\u00a0Vive la magie\u00a0\u00bb, festival international, investit le 15\u00a0novembre les Palais des congr\u00e8s et des festivals Atlantia de&hellip;\n","protected":false},"author":2,"featured_media":521401,"comment_status":"","ping_status":"","sticky":false,"template":"","format":"standard","meta":{"footnotes":""},"categories":[2821],"tags":[9284,15765,1111,11,4763,829,7019,1777,674,1011,27,12,24649,9144,584,25],"class_list":{"0":"post-521400","1":"post","2":"type-post","3":"status-publish","4":"format-standard","5":"has-post-thumbnail","7":"category-rennes","8":"tag-9284","9":"tag-15765","10":"tag-actu","11":"tag-actualites","12":"tag-agenda","13":"tag-bretagne","14":"tag-culturel","15":"tag-eu","16":"tag-europe","17":"tag-fr","18":"tag-france","19":"tag-news","20":"tag-novembre","21":"tag-ouest","22":"tag-rennes","23":"tag-republique-francaise"},"share_on_mastodon":{"url":"https:\/\/pubeurope.com\/@fr\/115516280145986560","error":""},"_links":{"self":[{"href":"https:\/\/www.europesays.com\/fr\/wp-json\/wp\/v2\/posts\/521400","targetHints":{"allow":["GET"]}}],"collection":[{"href":"https:\/\/www.europesays.com\/fr\/wp-json\/wp\/v2\/posts"}],"about":[{"href":"https:\/\/www.europesays.com\/fr\/wp-json\/wp\/v2\/types\/post"}],"author":[{"embeddable":true,"href":"https:\/\/www.europesays.com\/fr\/wp-json\/wp\/v2\/users\/2"}],"replies":[{"embeddable":true,"href":"https:\/\/www.europesays.com\/fr\/wp-json\/wp\/v2\/comments?post=521400"}],"version-history":[{"count":0,"href":"https:\/\/www.europesays.com\/fr\/wp-json\/wp\/v2\/posts\/521400\/revisions"}],"wp:featuredmedia":[{"embeddable":true,"href":"https:\/\/www.europesays.com\/fr\/wp-json\/wp\/v2\/media\/521401"}],"wp:attachment":[{"href":"https:\/\/www.europesays.com\/fr\/wp-json\/wp\/v2\/media?parent=521400"}],"wp:term":[{"taxonomy":"category","embeddable":true,"href":"https:\/\/www.europesays.com\/fr\/wp-json\/wp\/v2\/categories?post=521400"},{"taxonomy":"post_tag","embeddable":true,"href":"https:\/\/www.europesays.com\/fr\/wp-json\/wp\/v2\/tags?post=521400"}],"curies":[{"name":"wp","href":"https:\/\/api.w.org\/{rel}","templated":true}]}}