{"id":521404,"date":"2025-11-08T21:49:11","date_gmt":"2025-11-08T21:49:11","guid":{"rendered":"https:\/\/www.europesays.com\/fr\/521404\/"},"modified":"2025-11-08T21:49:11","modified_gmt":"2025-11-08T21:49:11","slug":"sante-a-strasbourg-la-halte-soin-addiction-suspendue-aux-travaux-du-parlement","status":"publish","type":"post","link":"https:\/\/www.europesays.com\/fr\/521404\/","title":{"rendered":"Sant\u00e9. \u00c0 Strasbourg, la halte soin addiction suspendue aux travaux du Parlement"},"content":{"rendered":"<p>Le temps presse pour la halte soin addiction (HSA) de Strasbourg comme pour son homologue parisienne. Sise quai Menachem-Taffel, la structure port\u00e9e par l\u2019association Ithaque accompagne sans les stigmatiser les personnes \u2013 souvent \u00e0 la rue ou dans des logements pr\u00e9caires \u2013 souffrant d\u2019addiction aux stup\u00e9fiants, et propose une vingtaine de places d\u2019h\u00e9bergement. Objectifs\u00a0: r\u00e9duire les risques de surdoses et de maladies et donner acc\u00e8s \u00e0 un public \u00e9loign\u00e9 du soin \u00e0 des professionnels de sant\u00e9 et travailleurs sociaux. \u00ab\u00a0Plus nous sommes en lien et plus ces personnes arrivent \u00e0 contr\u00f4ler leur consommation. Il y a beaucoup moins de situations d\u2019urgence, les questions de soin sont prises en amont\u00a0\u00bb, souligne le directeur de l\u2019association Gauthier Waeckerl\u00e9, ajoutant que cette HSA contribue \u00e0 r\u00e9duire drastiquement les stigmates de consommation dans l\u2019espace public.<\/p>\n<p>  Un dispositif efficace, mais toujours exp\u00e9rimental<\/p>\n<p>Des rapports de l\u2019Inserm en 2021 et des inspections g\u00e9n\u00e9rales des affaires sociales et de l\u2019administration en 2024 ont conclu \u00e0 l\u2019efficacit\u00e9 du dispositif et pr\u00e9conis\u00e9 leur p\u00e9rennisation. Mais \u00ab\u00a0cela fait neuf ans qu\u2019il est sous le r\u00e9gime de l\u2019exp\u00e9rimentation. Si rien n\u2019est d\u00e9cid\u00e9, nous n\u2019aurons pas de statut l\u00e9gal au 1er \u00a0janvier\u00a0\u00bb, pose Gauthier Waeckerl\u00e9 qui regrette que les gouvernements successifs ne se soient pas empar\u00e9s de la probl\u00e9matique avant qu\u2019il y ait p\u00e9ril en la demeure. Car faute d\u2019avoir \u00e9t\u00e9 p\u00e9rennis\u00e9, le dispositif est d\u00e9sormais suspendu au vote du projet de loi de financement de la S\u00e9curit\u00e9 sociale. Le gouvernement a d\u00e9pos\u00e9 un amendement visant \u00e0 prolonger in extremis cette exp\u00e9rimentation. \u00ab\u00a0Il y a une majorit\u00e9 aujourd\u2019hui pour le voter\u00a0\u00bb, estime l\u2019adjoint \u00e0 la maire de Strasbourg en charge de la sant\u00e9, Alexandre Feltz, qui voit l\u00e0 un signal positif. Encore faut-il que le projet de loi soit adopt\u00e9 \u00e0 temps, dans le contexte politique que l\u2019on conna\u00eet.<\/p>\n<p>  Plusieurs \u00e9lus mobilis\u00e9s<\/p>\n<p>\u00ab\u00a0Fermer les salles de consommation serait un signal dramatique\u00a0: celui d\u2019une France qui renonce \u00e0 la science, \u00e0 la raison et \u00e0 sa tradition humaniste. Ce serait abandonner les plus vuln\u00e9rables \u00e0 la rue, \u00e0 la maladie et \u00e0 la mort\u00a0\u00bb, alerte un collectif de soignants dans une tribune parue dans le quotidien Le Monde ce jeudi 6\u00a0novembre. Plusieurs \u00e9lus se sont \u00e9galement mobilis\u00e9s, parmi lesquels la maire \u00e9cologiste de Strasbourg <a href=\"https:\/\/www.dna.fr\/p\/jeanne-barseghian\" target=\"_blank\" rel=\"nofollow noopener\">Jeanne Barseghian<\/a>, qui a \u00e9crit au Premier ministre, ainsi que \ufeffles d\u00e9put\u00e9s <a href=\"https:\/\/www.dna.fr\/p\/sandra-regol\" target=\"_blank\" rel=\"nofollow noopener\">Sandra Regol<\/a> (Les \u00c9cologistes) et <a href=\"https:\/\/www.dna.fr\/p\/emmanuel-fernandes\" target=\"_blank\" rel=\"nofollow noopener\">Emmanuel Fernandes<\/a> (LFI) et le s\u00e9nateur <a href=\"https:\/\/www.dna.fr\/p\/jacques-fernique\" target=\"_blank\" rel=\"nofollow noopener\">Jacques Fernique<\/a> (Les \u00c9cologistes) qui ont cosign\u00e9 une lettre adress\u00e9e \u00e0 la ministre de la Sant\u00e9.<\/p>\n<p>En juin dernier, d\u00e9j\u00e0, alors que <a href=\"https:\/\/www.dna.fr\/sante\/2025\/06\/18\/salles-de-consommation-a-moindre-risque-des-representants-de-25-pays-decouvrent-la-structure-strasbourgeoise\" target=\"_blank\" rel=\"nofollow noopener\">la halte alsacienne allait faire l\u2019objet d\u2019une visite de plusieurs repr\u00e9sentants de villes fran\u00e7aises et \u00e9trang\u00e8res dans le cadre d\u2019un congr\u00e8s international<\/a> , les maires de Strasbourg et Paris, seules villes dot\u00e9es de telles structures dans l\u2019Hexagone, avaient, avec d\u2019autres \u00e9diles, r\u00e9clam\u00e9 le d\u00e9p\u00f4t d\u2019un projet de loi pour \u00ab\u00a0transformer ces exp\u00e9rimentations en dispositifs p\u00e9rennes\u00a0\u00bb.<\/p>\n<p>Pour le directeur d\u2019Ithaque, il \u00ab\u00a0serait incompr\u00e9hensible de devoir arr\u00eater apr\u00e8s neuf ans, alors que toutes les \u00e9valuations et tous les indicateurs sont positifs\u00a0\u00bb. Dans cette hypoth\u00e8se, ou m\u00eame celle d\u2019une interruption de la HSA, il pointe les risques accrus de contamination, de surdose, voire de d\u00e9c\u00e8s pour les personnes accompagn\u00e9es jusqu\u2019ici, qui seraient en outre priv\u00e9es d\u2019un lieu qui les accompagnent dans leur acc\u00e8s au soin et au droit.<\/p>\n","protected":false},"excerpt":{"rendered":"Le temps presse pour la halte soin addiction (HSA) de Strasbourg comme pour son homologue parisienne. Sise quai&hellip;\n","protected":false},"author":2,"featured_media":521405,"comment_status":"","ping_status":"","sticky":false,"template":"","format":"standard","meta":{"footnotes":""},"categories":[2820],"tags":[1111,11,2389,2649,2880,1777,674,107,1011,27,775,12,25,71,640,2879],"class_list":{"0":"post-521404","1":"post","2":"type-post","3":"status-publish","4":"format-standard","5":"has-post-thumbnail","7":"category-strasbourg","8":"tag-actu","9":"tag-actualites","10":"tag-alsace","11":"tag-bas-rhin","12":"tag-edition-strasbourg","13":"tag-eu","14":"tag-europe","15":"tag-fil-info","16":"tag-fr","17":"tag-france","18":"tag-grand-est","19":"tag-news","20":"tag-republique-francaise","21":"tag-sante","22":"tag-strasbourg","23":"tag-strasbourg-ville"},"share_on_mastodon":{"url":"https:\/\/pubeurope.com\/@fr\/115516287492732464","error":""},"_links":{"self":[{"href":"https:\/\/www.europesays.com\/fr\/wp-json\/wp\/v2\/posts\/521404","targetHints":{"allow":["GET"]}}],"collection":[{"href":"https:\/\/www.europesays.com\/fr\/wp-json\/wp\/v2\/posts"}],"about":[{"href":"https:\/\/www.europesays.com\/fr\/wp-json\/wp\/v2\/types\/post"}],"author":[{"embeddable":true,"href":"https:\/\/www.europesays.com\/fr\/wp-json\/wp\/v2\/users\/2"}],"replies":[{"embeddable":true,"href":"https:\/\/www.europesays.com\/fr\/wp-json\/wp\/v2\/comments?post=521404"}],"version-history":[{"count":0,"href":"https:\/\/www.europesays.com\/fr\/wp-json\/wp\/v2\/posts\/521404\/revisions"}],"wp:featuredmedia":[{"embeddable":true,"href":"https:\/\/www.europesays.com\/fr\/wp-json\/wp\/v2\/media\/521405"}],"wp:attachment":[{"href":"https:\/\/www.europesays.com\/fr\/wp-json\/wp\/v2\/media?parent=521404"}],"wp:term":[{"taxonomy":"category","embeddable":true,"href":"https:\/\/www.europesays.com\/fr\/wp-json\/wp\/v2\/categories?post=521404"},{"taxonomy":"post_tag","embeddable":true,"href":"https:\/\/www.europesays.com\/fr\/wp-json\/wp\/v2\/tags?post=521404"}],"curies":[{"name":"wp","href":"https:\/\/api.w.org\/{rel}","templated":true}]}}