{"id":521424,"date":"2025-11-08T22:01:15","date_gmt":"2025-11-08T22:01:15","guid":{"rendered":"https:\/\/www.europesays.com\/fr\/521424\/"},"modified":"2025-11-08T22:01:15","modified_gmt":"2025-11-08T22:01:15","slug":"mon-adversaire-cest-benoit-payan-estime-franck-allisio-rn","status":"publish","type":"post","link":"https:\/\/www.europesays.com\/fr\/521424\/","title":{"rendered":"\u00ab\u00a0Mon adversaire, c&rsquo;est Beno\u00eet Payan\u00a0\u00bb, estime Franck Allisio (RN)"},"content":{"rendered":"<p><strong>Vous \u00eates candidat \u00e0 la mairie de Marseille, mais vous aviez d\u00e9missionn\u00e9 du conseil municipal en\u00a02022 pour devenir d\u00e9put\u00e9 de Vitrolles. Vous faites du tourisme \u00e9lectoral\u00a0?<\/strong>&#13;\n<\/p>\n<p>J\u2019\u00e9tais touch\u00e9 par le cumul des mandats. Mais je suis n\u00e9, j\u2019ai grandi et ma famille vit \u00e0 Marseille depuis trois g\u00e9n\u00e9rations. Mon grand-p\u00e8re est arriv\u00e9 du Pi\u00e9mont \u00e0 14\u00a0ans, de l\u2019autre c\u00f4t\u00e9 ma m\u00e8re a \u00e9t\u00e9 rapatri\u00e9e \u00e0 l\u2019\u00e2ge d\u2019un an de Tunisie. J\u2019ai Marseille dans le sang. \u00catre candidat \u00e0 la mairie, c\u2019est le r\u00eave d\u2019une vie.<\/p>\n<p><strong>Vous auriez pu plut\u00f4t d\u00e9missionner du Conseil r\u00e9gional\u2026<\/strong>&#13;\n<\/p>\n<p>Oui mais Marine Le Pen m\u2019avait demand\u00e9 de continuer \u00e0 pr\u00e9sider le groupe RN face \u00e0 Renaud Muselier. Je suis fid\u00e8le et responsable. Aujourd\u2019hui, j\u2019ai un objectif\u00a0: remettre Marseille en ordre et rendre les Marseillais heureux. C\u2019est pour cela que je m\u00e8ne une campagne de v\u00e9rit\u00e9 et d\u2019espoir. Je suis fier d\u2019\u00eatre marseillais et en m\u00eame temps, triste et pr\u00e9occup\u00e9 de voir Marseille tomber. Mais si Marseille se rel\u00e8ve, alors ce sera un message pour tous les Fran\u00e7ais.<\/p>\n<p><img alt=\"Grande itw Franck Allisio \u00e0 Grand Central - 061125PLN01\" loading=\"lazy\" decoding=\"async\" data-nimg=\"fill\" class=\" TwicCore_img__i9TC1 undefined  undefined\" style=\"position:absolute;height:100%;width:100%;left:0;top:0;right:0;bottom:0;color:transparent;background-size:cover;background-position:50% 50%;background-repeat:no-repeat;background-image:url(&quot;data:image\/svg+xml;charset=utf-8,%3Csvg xmlns='http:\/\/www.w3.org\/2000\/svg' %3E%3Cfilter id='b' color-interpolation-filters='sRGB'%3E%3CfeGaussianBlur stdDeviation='20'\/%3E%3CfeColorMatrix values='1 0 0 0 0 0 1 0 0 0 0 0 1 0 0 0 0 0 100 -1' result='s'\/%3E%3CfeFlood x='0' y='0' width='100%25' height='100%25'\/%3E%3CfeComposite operator='out' in='s'\/%3E%3CfeComposite in2='SourceGraphic'\/%3E%3CfeGaussianBlur stdDeviation='20'\/%3E%3C\/filter%3E%3Cimage width='100%25' height='100%25' x='0' y='0' preserveAspectRatio='none' style='filter: url(%23b);' href='https:\/\/pictures.laprovence.com\/cdn-cgi\/image\/blur=250\/media\/melody\/2025\/11\/08\/grande-itw-franck-allisio-a-grand-central-061125pln01-1762582928_abc4293f7c096ffc4293f7c09f3d42v_.jpg'\/%3E%3C\/svg%3E&quot;)\"   src=\"https:\/\/www.europesays.com\/fr\/wp-content\/uploads\/2025\/11\/grande-itw-franck-allisio-a-grand-central-061125pln01-1762582928_abc4293f7c096ffc4293f7c09f3d42v_.jp.jpeg\"\/>Grande itw Franck Allisio \u00e0 Grand Central &#8211; 061125PLN01 LP &#8211; LAURENSON Philippe &#8211; LAURENSON Philippe<\/p>\n<p><strong><a href=\"https:\/\/www.laprovence.com\/article\/elections\/1521213403814315\/exclusif-municipales-2026-a-marseille-stephane-ravier-passe-son-tour-et-soutient-le-rn-franck-allisio\" target=\"_blank\" rel=\"noopener\">St\u00e9phane Ravier,<\/a> qui repr\u00e9sente l\u2019extr\u00eame droite identitaire, vous a ralli\u00e9, comme des LR et des macronistes. O\u00f9 est la coh\u00e9rence\u00a0? Quelle diff\u00e9rence avec la liste d\u2019union de la droite et <\/strong>&#8230;<\/p>\n","protected":false},"excerpt":{"rendered":"Vous \u00eates candidat \u00e0 la mairie de Marseille, mais vous aviez d\u00e9missionn\u00e9 du conseil municipal en\u00a02022 pour devenir&hellip;\n","protected":false},"author":2,"featured_media":521425,"comment_status":"","ping_status":"","sticky":false,"template":"","format":"standard","meta":{"footnotes":""},"categories":[2814],"tags":[17,5734,1111,11,4612,16980,2511,5949,1777,674,1011,27,884,11078,3554,12,882,25],"class_list":{"0":"post-521424","1":"post","2":"type-post","3":"status-publish","4":"format-standard","5":"has-post-thumbnail","7":"category-marseille","8":"tag-17","9":"tag-5734","10":"tag-actu","11":"tag-actualites","12":"tag-adversaire","13":"tag-benoit","14":"tag-cest","15":"tag-elections","16":"tag-eu","17":"tag-europe","18":"tag-fr","19":"tag-france","20":"tag-marseille","21":"tag-mon","22":"tag-municipales","23":"tag-news","24":"tag-provence-alpes-cote-dazur","25":"tag-republique-francaise"},"share_on_mastodon":{"url":"https:\/\/pubeurope.com\/@fr\/115516335201024618","error":""},"_links":{"self":[{"href":"https:\/\/www.europesays.com\/fr\/wp-json\/wp\/v2\/posts\/521424","targetHints":{"allow":["GET"]}}],"collection":[{"href":"https:\/\/www.europesays.com\/fr\/wp-json\/wp\/v2\/posts"}],"about":[{"href":"https:\/\/www.europesays.com\/fr\/wp-json\/wp\/v2\/types\/post"}],"author":[{"embeddable":true,"href":"https:\/\/www.europesays.com\/fr\/wp-json\/wp\/v2\/users\/2"}],"replies":[{"embeddable":true,"href":"https:\/\/www.europesays.com\/fr\/wp-json\/wp\/v2\/comments?post=521424"}],"version-history":[{"count":0,"href":"https:\/\/www.europesays.com\/fr\/wp-json\/wp\/v2\/posts\/521424\/revisions"}],"wp:featuredmedia":[{"embeddable":true,"href":"https:\/\/www.europesays.com\/fr\/wp-json\/wp\/v2\/media\/521425"}],"wp:attachment":[{"href":"https:\/\/www.europesays.com\/fr\/wp-json\/wp\/v2\/media?parent=521424"}],"wp:term":[{"taxonomy":"category","embeddable":true,"href":"https:\/\/www.europesays.com\/fr\/wp-json\/wp\/v2\/categories?post=521424"},{"taxonomy":"post_tag","embeddable":true,"href":"https:\/\/www.europesays.com\/fr\/wp-json\/wp\/v2\/tags?post=521424"}],"curies":[{"name":"wp","href":"https:\/\/api.w.org\/{rel}","templated":true}]}}