{"id":521438,"date":"2025-11-08T22:09:13","date_gmt":"2025-11-08T22:09:13","guid":{"rendered":"https:\/\/www.europesays.com\/fr\/521438\/"},"modified":"2025-11-08T22:09:13","modified_gmt":"2025-11-08T22:09:13","slug":"les-attentats-de-paris-ont-marque-un-tournant-considerable-dans-ma-vie","status":"publish","type":"post","link":"https:\/\/www.europesays.com\/fr\/521438\/","title":{"rendered":"\u00ab\u00a0Les attentats de Paris\u00a0ont marqu\u00e9 un tournant consid\u00e9rable dans ma vie\u00a0\u00bb"},"content":{"rendered":"<p>Dix ans apr\u00e8s les <a href=\"https:\/\/rennes.maville.com\/actu\/actudet_-13-novembre-2015-le-commando-des-terrasses-fauche-39-vies-en-vingt-minutes-_54135-4801460_actu.Htm\" target=\"_blank\" rel=\"noopener\">attentats du 13\u00a0novembre 2015<\/a> \u00e0 Paris, nos lectrices et lecteurs se souviennent. Sami Ben Ouada (Essonne) a r\u00e9pondu \u00e0 notre <a href=\"https:\/\/rennes.maville.com\/actu\/actudet_-dix-ans-apres-les-attentats-du-13-novembre-2015-a-paris-partagez-vos-temoignages-_54135-7017955_actu.Htm\" target=\"_blank\" rel=\"noopener\">appel \u00e0 t\u00e9moignages<\/a>. Voici son r\u00e9cit\u00a0:<\/p>\n<p>\u00ab\u00a0Il y a dix ans, j\u2019\u00e9tais adjoint au maire de ma commune, je travaillais en tant qu\u2019agent d\u2019escale \u00e0 l\u2019a\u00e9roport d\u2019Orly pour une compagnie a\u00e9rienne.<\/p>\n<p>Le lendemain des attaques, je travaillais \u00e0 6\u00a0h du matin. Il y avait un v\u00e9ritable flou entre la fermeture des fronti\u00e8res, beaucoup de passagers ne sont pas venus. J\u2019\u00e9tais pr\u00e9sent avec quelques coll\u00e8gues qui avaient eu le courage de venir. Je n\u2019avais jamais vu l\u2019a\u00e9roport aussi vide, aucun bruit.<\/p>\n<p>Cela m\u2019a caus\u00e9 de nombreuses crises d\u2019angoisse \u00e0 la moindre alerte \u00e0 la bombe dans les mois qui ont suivi. Parfois pris de panique, je partais me r\u00e9fugier dans un de nos avions. Je consid\u00e9rais ces endroits comme s\u00fbrs, car il y avait les filtres de s\u00e9curit\u00e9 avant d\u2019y acc\u00e9der.<\/p>\n<p><strong>Lire aussi\u00a0:<\/strong>\u00a0<a href=\"https:\/\/www.ouest-france.fr\/attentats-paris\/temoignages\/\" target=\"_blank\" rel=\"noopener\">Dix ans des attentats de Paris\u00a0: d\u00e9couvrez le \u00ab\u00a0mur du souvenir\u00a0\u00bb, recueil de t\u00e9moignages de nos lectrices et lecteurs<\/a><\/p>\n<p>\u00ab\u00a0Un sentiment d\u2019impuissance tr\u00e8s fort\u00a0\u00bb<\/p>\n<p>Le lendemain des attentats, j\u2019ai appris qu\u2019un de mes anciens coll\u00e8gues comptait parmi les victimes, il \u00e9tait gravement bless\u00e9. J\u2019ai ressenti un sentiment d\u2019impuissance tr\u00e8s fort, et j\u2019ai pris conscience de la valeur de la s\u00e9curit\u00e9 dans laquelle j\u2019avais grandi.<\/p>\n<p>Jusqu\u2019ici, je d\u00e9testais les armes et je fuyais les conflits. Mais \u00e0 l\u2019\u00e2ge de 23\u00a0ans, j\u2019ai d\u00e9cid\u00e9 de m\u2019engager dans la r\u00e9serve de la gendarmerie nationale. L\u2019\u00e9t\u00e9 qui a suivi, j\u2019ai r\u00e9alis\u00e9 ma formation militaire. [\u2026] Je ressentais ce devoir d\u2019agir, et peut-\u00eatre un jour \u2013 ce que je n\u2019esp\u00e8re pas \u2013 pouvoir me servir d\u2019une arme si cela \u00e9tait n\u00e9cessaire.<\/p>\n<p>Depuis, je suis toujours r\u00e9serviste de gendarmerie, o\u00f9 j\u2019ai plaisir \u00e0 servir deux ou trois journ\u00e9es par mois. J\u2019ai \u00e9galement \u00e9t\u00e9 \u00e9lu maire de ma commune et je suis devenu pilote de ligne. Ces \u00e9v\u00e8nements ont marqu\u00e9 un tournant consid\u00e9rable dans ma vie.\u00a0\u00bb<\/p>\n<p>Vous aussi, vous souhaitez partager votre t\u00e9moignage ou rendre hommage aux victimes des attentats de Paris\u00a0? Racontez-nous via notre formulaire ci-dessus ou par courriel \u00e0 courrierdeslecteurs@ouest-france.fr<\/p>\n<p>\u00a0<\/p>\n","protected":false},"excerpt":{"rendered":"Dix ans apr\u00e8s les attentats du 13\u00a0novembre 2015 \u00e0 Paris, nos lectrices et lecteurs se souviennent. Sami Ben&hellip;\n","protected":false},"author":2,"featured_media":521439,"comment_status":"","ping_status":"","sticky":false,"template":"","format":"standard","meta":{"footnotes":""},"categories":[1888],"tags":[11,23846,64217,1777,674,1011,27,2047,12141,12,626,25,20381,4717],"class_list":{"0":"post-521438","1":"post","2":"type-post","3":"status-publish","4":"format-standard","5":"has-post-thumbnail","7":"category-paris","8":"tag-actualites","9":"tag-attentats","10":"tag-considerable","11":"tag-eu","12":"tag-europe","13":"tag-fr","14":"tag-france","15":"tag-mans","16":"tag-marque","17":"tag-news","18":"tag-paris","19":"tag-republique-francaise","20":"tag-tournant","21":"tag-vie"},"share_on_mastodon":{"url":"https:\/\/pubeurope.com\/@fr\/115516366160664451","error":""},"_links":{"self":[{"href":"https:\/\/www.europesays.com\/fr\/wp-json\/wp\/v2\/posts\/521438","targetHints":{"allow":["GET"]}}],"collection":[{"href":"https:\/\/www.europesays.com\/fr\/wp-json\/wp\/v2\/posts"}],"about":[{"href":"https:\/\/www.europesays.com\/fr\/wp-json\/wp\/v2\/types\/post"}],"author":[{"embeddable":true,"href":"https:\/\/www.europesays.com\/fr\/wp-json\/wp\/v2\/users\/2"}],"replies":[{"embeddable":true,"href":"https:\/\/www.europesays.com\/fr\/wp-json\/wp\/v2\/comments?post=521438"}],"version-history":[{"count":0,"href":"https:\/\/www.europesays.com\/fr\/wp-json\/wp\/v2\/posts\/521438\/revisions"}],"wp:featuredmedia":[{"embeddable":true,"href":"https:\/\/www.europesays.com\/fr\/wp-json\/wp\/v2\/media\/521439"}],"wp:attachment":[{"href":"https:\/\/www.europesays.com\/fr\/wp-json\/wp\/v2\/media?parent=521438"}],"wp:term":[{"taxonomy":"category","embeddable":true,"href":"https:\/\/www.europesays.com\/fr\/wp-json\/wp\/v2\/categories?post=521438"},{"taxonomy":"post_tag","embeddable":true,"href":"https:\/\/www.europesays.com\/fr\/wp-json\/wp\/v2\/tags?post=521438"}],"curies":[{"name":"wp","href":"https:\/\/api.w.org\/{rel}","templated":true}]}}