{"id":521442,"date":"2025-11-08T22:11:12","date_gmt":"2025-11-08T22:11:12","guid":{"rendered":"https:\/\/www.europesays.com\/fr\/521442\/"},"modified":"2025-11-08T22:11:12","modified_gmt":"2025-11-08T22:11:12","slug":"replay-guerre-en-ukraine-un-policier-tue-par-un-drone-russe-pres-de-kramatorsk","status":"publish","type":"post","link":"https:\/\/www.europesays.com\/fr\/521442\/","title":{"rendered":"REPLAY. Guerre en Ukraine\u00a0: un policier tu\u00e9 par un drone russe pr\u00e8s de Kramatorsk"},"content":{"rendered":"<p>22h36.Fin du direct\u00a0<\/p>\n<p class=\"live-post__amorce\">Ce direct est d\u00e9sormais termin\u00e9. Merci de l&rsquo;avoir suivi, bonne soir\u00e9e. <\/p>\n<p>21h57.Un policier ukrainien a \u00e9t\u00e9 tu\u00e9 par un drone russe<\/p>\n<p class=\"live-post__amorce\"> <a href=\"https:\/\/www.lemonde.fr\/international\/live\/2025\/11\/08\/en-direct-guerre-en-ukraine-nouvelles-attaques-russes-contre-des-sites-energetiques-dans-toute-l-ukraine-privant-les-gens-d-electricite-d-eau-et-de-chauffage-dit-kiev_6651075_3210.html\" target=\"_blank\" rel=\"noopener noreferrer nofollow\" class=\"\">Le Monde<\/a>  annonce qu&rsquo;un policier ukrainien de 42 ans a \u00e9t\u00e9 tu\u00e9 ce samedi 8 novembre par une attaque de drone russe contre sa voiture, dans le district de Kramatorsk, dans l\u2019oblast de Donetsk. L&rsquo;information a \u00e9t\u00e9 transmise par les services de police locaux. <\/p>\n<p>17h22.Sergue\u00ef Lavrov, ministre des Affaires \u00e9trang\u00e8res russe, en disgr\u00e2ce avec Vladimir Poutine\u00a0?<\/p>\n<p class=\"live-post__amorce\">Le ministre des Affaires \u00e9trang\u00e8res russe, Sergue\u00ef Lavrov, semble \u00eatre tomb\u00e9\u00a0en disgr\u00e2ce avec le pr\u00e9sident russe, Vladimir Poutine, notamment apr\u00e8s une conversation avec Marco Rubio, secr\u00e9taire d\u2019\u00c9tat am\u00e9ricain, qui a provoqu\u00e9 l\u2019annulation de la rencontre russo-am\u00e9ricaine. Explications.<\/p>\n<p class=\"live-post__amorce\"> <a href=\"https:\/\/www.ladepeche.fr\/2025\/11\/08\/serguei-lavrov-ministre-des-affaires-etrangeres-russe-en-disgrace-avec-vladimir-poutine-13041428.php\" target=\"_blank\" rel=\"noopener noreferrer nofollow\" class=\"\"><strong>\ud83d\udc49Notre article ici<\/strong><\/a> <\/p>\n<p>17h20.Des frappes massives russes font quatre morts et plusieurs bless\u00e9s<\/p>\n<p class=\"live-post__amorce\">Ce samedi 8\u00a0novembre, l\u2019Ukraine a \u00e9t\u00e9 vis\u00e9e par une nouvelle s\u00e9rie de frappes de drones et de missiles russes qui ont endommag\u00e9 les infrastructures \u00e9nerg\u00e9tiques. Quatre personnes y ont perdu la vie.<\/p>\n<p class=\"live-post__amorce\"> <a href=\"https:\/\/www.ladepeche.fr\/2025\/11\/08\/guerre-en-ukraine-des-frappes-massives-russes-font-quatre-morts-et-plusieurs-blesses-13041265.php\" target=\"_blank\" rel=\"noopener noreferrer nofollow\" class=\"\"><strong>\ud83d\udc49Notre article ici<\/strong><\/a> <\/p>\n<p>10h16.503 drones russes lanc\u00e9s en territoire ukrainien dans la nuit<\/p>\n<p class=\"live-post__amorce\">L&rsquo;arm\u00e9e russe a lanc\u00e9 503 drones contre l&rsquo;Ukraine entre 18h30 vendredi soir et 10h ce samedi matin, a annonc\u00e9 l&rsquo;arm\u00e9e ukrainienne. Elle pr\u00e9cise que 415 des 503 drones ont pu \u00eatre intercept\u00e9s. 458 appareils \u00e9taient de type Shahed. \u00ab\u00a0Les principales attaques visaient les r\u00e9gions de Kiev, Dnipropetrovsk et la Poltava\u00a0\u00bb, a pr\u00e9cis\u00e9 l\u2019\u00e9tat major de l&rsquo;arm\u00e9e ukrainienne. <\/p>\n<p>09h12.Donald Trump r\u00e9fl\u00e9chit \u00e0 exempter la Hongrie de sanctions li\u00e9es aux hydrocarbures russes<\/p>\n<p class=\"live-post__amorce\">Donald Trump a affirm\u00e9 vendredi envisager d&rsquo;accorder \u00e0 la Hongrie une d\u00e9rogation aux sanctions am\u00e9ricaines li\u00e9es aux hydrocarbures russes, au moment de recevoir le Premier ministre hongrois Viktor Orban \u00e0 la Maison Blanche. \u00ab\u00a0Nous \u00e9tudions \u00e7a, parce qu&rsquo;il est tr\u00e8s difficile pour lui d&rsquo;obtenir le p\u00e9trole et le gaz d&rsquo;autres r\u00e9gions. Comme vous le savez, il ne b\u00e9n\u00e9ficie pas d&rsquo;un acc\u00e8s \u00e0 la mer\u00a0\u00bb, a d\u00e9clar\u00e9 le pr\u00e9sident am\u00e9ricain devant la presse.<\/p>\n<p>08h41.L&rsquo;arm\u00e9e russe contr\u00f4le environ 20 % du territoire ukrainien<\/p>\n<p class=\"live-post__amorce\">L&rsquo;essentiel des combats se concentre dans la r\u00e9gion de Donetsk (est) o\u00f9 est situ\u00e9e la ville de Pokrovsk, un important noeud logistique pour les forces ukrainiennes qui pourrait tomber dans les jours prochains. L&rsquo;arm\u00e9e russe contr\u00f4le totalement ou partiellement pr\u00e8s de 20 % du territoire ukrainien, selon l&rsquo;analyse des donn\u00e9es fournies par l&rsquo;Institut am\u00e9ricain pour l&rsquo;\u00e9tude de la guerre (ISW), qui travaille avec le Critical Threats Project (CTP). Quelque 7 % &#8211; la Crim\u00e9e et des zones du Donbass &#8211; \u00e9taient d\u00e9j\u00e0 contr\u00f4l\u00e9s avant le d\u00e9but de l&rsquo;invasion russe de f\u00e9vrier 2022.<\/p>\n<p>08h20.Des chutes de d\u00e9bris provoquent deux incendies \u00e0 Kiev<\/p>\n<p class=\"live-post__amorce\">A Kiev, les autorit\u00e9s civiles et militaires ont indiqu\u00e9 que la chute de d\u00e9bris avait provoqu\u00e9 des incendies \u00e0 deux endroits du quartier central de Petchersky.<\/p>\n<p>08h10.Des alertes a\u00e9riennes dans toute l&rsquo;Ukraine cette nuit<\/p>\n<p class=\"live-post__amorce\">Des alertes a\u00e9riennes ont \u00e9t\u00e9 d\u00e9clench\u00e9es dans une grande partie du territoire ukrainien au cours de la nuit, les autorit\u00e9s de plusieurs r\u00e9gions de Kharkiv (nord-est) \u00e0 Odessa (sud) faisant \u00e9tat de frappes men\u00e9es \u00e0 l&rsquo;aide de drones et de missiles ou d&rsquo;installations \u00e9nerg\u00e9tiques touch\u00e9es.<\/p>\n<p>08h05.Les infrastructures \u00e9nerg\u00e9tiques prises pour cibles en Ukraine<\/p>\n<p class=\"live-post__amorce\">L&rsquo;Ukraine s&rsquo;est dite vis\u00e9e par une nouvelle attaque russe contre ses infrastructures \u00e9nerg\u00e9tiques dans la nuit de vendredi \u00e0 ce samedi. L&rsquo;arm\u00e9e russe intensifie ses bombardements contre les installations gazi\u00e8res et \u00e9lectriques de tout le pays. \u00ab\u00a0L&rsquo;ennemi m\u00e8ne de nouveau une attaque massive contre les infrastructures \u00e9nerg\u00e9tiques de l&rsquo;Ukraine. Pour cette raison, des coupures de courant d&rsquo;urgence ont \u00e9t\u00e9 mises en place dans un certain nombre de r\u00e9gions\u00a0\u00bb, a d\u00e9clar\u00e9 la ministre de l&rsquo;Energie Svitlana Grintchouk sur Facebook.<\/p>\n<p>08h01.1 mort et 6 bless\u00e9s \u00e0 Dnipro en Ukraine cette nuit<\/p>\n<p class=\"live-post__amorce\">La frappe d&rsquo;un drone russe contre un immeuble de 9 \u00e9tages \u00e0 Dnipro, dans l&rsquo;Est de l&rsquo;Ukraine dans la nuit, a fait 1 mort. La victime est une femme. Les secours ont d\u00e9nombr\u00e9 6 bless\u00e9s dont un enfant.<\/p>\n<p>08h00.Bienvenue dans notre direct<\/p>\n<p class=\"live-post__amorce\">Suivez en direct l&rsquo;actualit\u00e9 de la guerre en Ukraine, ce samedi 8 novembre 2025.<\/p>\n","protected":false},"excerpt":{"rendered":"22h36.Fin du direct\u00a0 Ce direct est d\u00e9sormais termin\u00e9. Merci de l&rsquo;avoir suivi, bonne soir\u00e9e. 21h57.Un policier ukrainien a&hellip;\n","protected":false},"author":2,"featured_media":521443,"comment_status":"","ping_status":"","sticky":false,"template":"","format":"standard","meta":{"footnotes":""},"categories":[1591],"tags":[11,1887,12,1885,1886,132],"class_list":{"0":"post-521442","1":"post","2":"type-post","3":"status-publish","4":"format-standard","5":"has-post-thumbnail","7":"category-russie","8":"tag-actualites","9":"tag-federation-de-russie","10":"tag-news","11":"tag-russia","12":"tag-russian-federation","13":"tag-russie"},"share_on_mastodon":{"url":"https:\/\/pubeurope.com\/@fr\/115516373957235667","error":""},"_links":{"self":[{"href":"https:\/\/www.europesays.com\/fr\/wp-json\/wp\/v2\/posts\/521442","targetHints":{"allow":["GET"]}}],"collection":[{"href":"https:\/\/www.europesays.com\/fr\/wp-json\/wp\/v2\/posts"}],"about":[{"href":"https:\/\/www.europesays.com\/fr\/wp-json\/wp\/v2\/types\/post"}],"author":[{"embeddable":true,"href":"https:\/\/www.europesays.com\/fr\/wp-json\/wp\/v2\/users\/2"}],"replies":[{"embeddable":true,"href":"https:\/\/www.europesays.com\/fr\/wp-json\/wp\/v2\/comments?post=521442"}],"version-history":[{"count":0,"href":"https:\/\/www.europesays.com\/fr\/wp-json\/wp\/v2\/posts\/521442\/revisions"}],"wp:featuredmedia":[{"embeddable":true,"href":"https:\/\/www.europesays.com\/fr\/wp-json\/wp\/v2\/media\/521443"}],"wp:attachment":[{"href":"https:\/\/www.europesays.com\/fr\/wp-json\/wp\/v2\/media?parent=521442"}],"wp:term":[{"taxonomy":"category","embeddable":true,"href":"https:\/\/www.europesays.com\/fr\/wp-json\/wp\/v2\/categories?post=521442"},{"taxonomy":"post_tag","embeddable":true,"href":"https:\/\/www.europesays.com\/fr\/wp-json\/wp\/v2\/tags?post=521442"}],"curies":[{"name":"wp","href":"https:\/\/api.w.org\/{rel}","templated":true}]}}